{"id":122208,"date":"2025-12-26T13:29:09","date_gmt":"2025-12-26T13:29:09","guid":{"rendered":"https:\/\/www.europesays.com\/no\/122208\/"},"modified":"2025-12-26T13:29:09","modified_gmt":"2025-12-26T13:29:09","slug":"zelenskyj-skal-mote-trump-sondag","status":"publish","type":"post","link":"https:\/\/www.europesays.com\/no\/122208\/","title":{"rendered":"Zelenskyj: Skal m\u00f8te Trump s\u00f8ndag"},"content":{"rendered":"\n<p class=\"_paragraph_o9xde_4 _paragraph_xtcu6_10 layout-component text-serif-m layout-normal text-serif-m layout-padded\">P\u00e5 m\u00f8teplanen st\u00e5r ogs\u00e5 sikkerhets\u00adgarantier og gjenopp\u00adbygging, sier Ukrainas president Volodymyr Zelenskyj, if\u00f8lge Reuters.<\/p>\n<p class=\"_paragraph_o9xde_4 _paragraph_xtcu6_10 layout-component text-serif-m layout-normal text-serif-m layout-padded\">Presidenten sier videre at de vil ta opp sp\u00f8rsm\u00e5l som mangler kompromiss, men ogs\u00e5:<\/p>\n<p class=\"_paragraph_o9xde_4 _paragraph_xtcu6_10 layout-component text-serif-m layout-normal text-serif-m layout-padded\">\u2013 Kan ikke si om s\u00f8ndagens m\u00f8te med Trump vil f\u00f8re til at noen avtaler signeres.<\/p>\n<p class=\"_paragraph_o9xde_4 _paragraph_xtcu6_10 layout-component text-serif-m layout-normal text-serif-m layout-padded\">If\u00f8lge nyhetsbyr\u00e5et sier den ukrainske presidenten samtidig at 20 punktsplanen for fred er \u00ab90 prosent ferdig\u00bb.<\/p>\n<p class=\"_paragraph_o9xde_4 _paragraph_xtcu6_10 layout-component text-serif-m layout-normal layout-padded\"><strong class=\"_strong_o9xde_25\">Les ogs\u00e5:<\/strong> <a href=\"https:\/\/www.vg.no\/i\/43qLne\" data-track-element-type=\"Link\" data-track-id=\"link:43qLne\" class=\"_link_o9xde_39\" rel=\"nofollow noopener\" target=\"_blank\">Zelenskyj: Nytt utkast til fredsavtale \u00e5pner for ukrainsk Nato-medlemskap<\/a><\/p>\n<p class=\"_paragraph_o9xde_4 _paragraph_xtcu6_10 layout-component text-serif-m layout-normal text-serif-m layout-padded\">Tidligere fredag meldte en reporter for mediet Axios at Ukrainas Zelenskyj og USAs Donald Trump skulle m\u00f8tes p\u00e5 Mar-a-Lago s\u00f8ndag.<\/p>\n<p class=\"_paragraph_o9xde_4 _paragraph_xtcu6_10 layout-component text-serif-m layout-normal text-serif-m layout-padded\">Amerikanske representanter holdt i forrige uke en rekke m\u00f8ter i Miami med delegasjoner fra Ukraina og Russland, samt flere europeiske representanter. <\/p>\n<p class=\"_paragraph_o9xde_4 _paragraph_xtcu6_10 layout-component text-serif-m layout-normal text-serif-m layout-padded\">B\u00e5de Ukraina og USA har omtalt m\u00f8tene som produktive.<\/p>\n<p>    <img decoding=\"async\" alt=\"Tips oss illustrasjon\" src=\"https:\/\/www.europesays.com\/no\/wp-content\/uploads\/2025\/10\/pssst-small.webp.webp\"\/>    <\/p>\n<p class=\"title-serif-s\">Har du tips?<\/p>\n<p class=\"text-sans-m\">Send oss informasjon, bilder eller video.<\/p>\n<p>  <a href=\"https:\/\/www.vg.no\/tips-oss\" rel=\"nofollow noopener\" target=\"_blank\"> Tips oss <\/a>      <\/p>\n","protected":false},"excerpt":{"rendered":"P\u00e5 m\u00f8teplanen st\u00e5r ogs\u00e5 sikkerhets\u00adgarantier og gjenopp\u00adbygging, sier Ukrainas president Volodymyr Zelenskyj, if\u00f8lge Reuters. Presidenten sier videre at&hellip;\n","protected":false},"author":2,"featured_media":122209,"comment_status":"","ping_status":"","sticky":false,"template":"","format":"standard","meta":{"footnotes":""},"categories":[12],"tags":[1238,31,20,21,55,24,25,15,179,22,23,13,30,28,29,14,16,26,27,42,488,43,44,45],"class_list":{"0":"post-122208","1":"post","2":"type-post","3":"status-publish","4":"format-standard","5":"has-post-thumbnail","7":"category-verden","8":"tag-amerikansk-politikk","9":"tag-breaking","10":"tag-breaking-news","11":"tag-breakingnews","12":"tag-donald-trump","13":"tag-featured-news","14":"tag-featurednews","15":"tag-headlines","16":"tag-krigen-i-ukraina","17":"tag-latest-news","18":"tag-latestnews","19":"tag-news","20":"tag-no","21":"tag-norge","22":"tag-norway","23":"tag-nyheter","24":"tag-overskrifter","25":"tag-top-stories","26":"tag-topstories","27":"tag-verden","28":"tag-volodymyr-zelenskyj","29":"tag-world","30":"tag-world-news","31":"tag-worldnews"},"share_on_mastodon":{"url":"https:\/\/pubeurope.com\/@no\/115786112512001446","error":""},"_links":{"self":[{"href":"https:\/\/www.europesays.com\/no\/wp-json\/wp\/v2\/posts\/122208","targetHints":{"allow":["GET"]}}],"collection":[{"href":"https:\/\/www.europesays.com\/no\/wp-json\/wp\/v2\/posts"}],"about":[{"href":"https:\/\/www.europesays.com\/no\/wp-json\/wp\/v2\/types\/post"}],"author":[{"embeddable":true,"href":"https:\/\/www.europesays.com\/no\/wp-json\/wp\/v2\/users\/2"}],"replies":[{"embeddable":true,"href":"https:\/\/www.europesays.com\/no\/wp-json\/wp\/v2\/comments?post=122208"}],"version-history":[{"count":0,"href":"https:\/\/www.europesays.com\/no\/wp-json\/wp\/v2\/posts\/122208\/revisions"}],"wp:featuredmedia":[{"embeddable":true,"href":"https:\/\/www.europesays.com\/no\/wp-json\/wp\/v2\/media\/122209"}],"wp:attachment":[{"href":"https:\/\/www.europesays.com\/no\/wp-json\/wp\/v2\/media?parent=122208"}],"wp:term":[{"taxonomy":"category","embeddable":true,"href":"https:\/\/www.europesays.com\/no\/wp-json\/wp\/v2\/categories?post=122208"},{"taxonomy":"post_tag","embeddable":true,"href":"https:\/\/www.europesays.com\/no\/wp-json\/wp\/v2\/tags?post=122208"}],"curies":[{"name":"wp","href":"https:\/\/api.w.org\/{rel}","templated":true}]}}