{"id":122210,"date":"2025-12-26T13:30:33","date_gmt":"2025-12-26T13:30:33","guid":{"rendered":"https:\/\/www.europesays.com\/no\/122210\/"},"modified":"2025-12-26T13:30:33","modified_gmt":"2025-12-26T13:30:33","slug":"i-neste-uke-trer-forbudet-i-kraft-adressa-no","status":"publish","type":"post","link":"https:\/\/www.europesays.com\/no\/122210\/","title":{"rendered":"I neste uke trer forbudet i kraft &#8211; adressa.no"},"content":{"rendered":"<ol>\n<li><a href=\"https:\/\/news.google.com\/rss\/articles\/CBMijgFBVV95cUxOUl9qQkNlMDZtdUFqWjgwZFFSWjFTa0oxdXEyUHl0OHEzTTE1T0pyTDR3UGlRbUVvN1Jsa0lGQUR6LXh4RWpfY0F0WXgwZVhGMUY0TGtpbDIzSS1xeHlZWVllUHNqbzNtcGtSNkRGQVNMWGNRNEJBWG5JMHlMbWhRNWhTX2poTWFEQnhRU3N3?oc=5\" target=\"_blank\" rel=\"nofollow noopener\">I neste uke trer forbudet i kraft<\/a>&nbsp;&nbsp;adressa.no<\/li>\n<li><a href=\"https:\/\/news.google.com\/rss\/articles\/CBMinAFBVV95cUxNWFNIR0pQRmw2RGZZMGlmWGx0VVhvVzdBTTRUanp4dlltb1JocnlmZlVvcllaME1MZzIwd1VKdFBZTmZPbGxvZERxdmtLemtHOVZzcmlVVUVfSm5ncGZFeXdKWldjdkI1Ulo0VmROSldPalJKeWVYM0JUSFdmbElMUnRXNE9EOWdrTHJuZUpkT3otVzl2NmpFbXpUVVY?oc=5\" target=\"_blank\" rel=\"nofollow noopener\">Hva er lov i 2026? Dette m\u00e5 du vite om lovene som gjelder fra nytt\u00e5r<\/a>&nbsp;&nbsp;Aftenposten<\/li>\n<li><a href=\"https:\/\/news.google.com\/rss\/articles\/CBMiqgFBVV95cUxPcmJXQ1VKS2VWQkZEdE1fbDJfbjczRGdXZFRpNS10ckZNWjVBMUs2eGk3cElwTW85RkZ5WGMyM1hRZUU1Q1Jmbnl0ZnIzMGpKdTQ3dzBmRmFfRUROS3dPOUttQVpBX3h5b3lVVE5feG4yNDE1N0VxWktwanEzVDk5R0RuOWljTEdkRnhSMlF1ZC1GRnJGdGNFRUFXakNuUXptQWJMX09ZTWpIZw?oc=5\" target=\"_blank\" rel=\"nofollow noopener\">Flere nye regler i arbeidslivet trer i kraft fra 1. januar<\/a>&nbsp;&nbsp;Hardanger Folkeblad<\/li>\n<li><a href=\"https:\/\/news.google.com\/rss\/articles\/CBMidkFVX3lxTFBWQlZrV1pVSGhQX2hSY1h4cl9PRnY0STdTU2RLelViV0xnTE5QOG42dEUwMWNCVzJ2TGNzWEUwWGRNTE52X2h1c1pmUGx5MjBDQ1p5TVlvSzJySzNGQzl5dmRpMDA0S3Iyd2xUbW52elhsenpmTmc?oc=5\" target=\"_blank\" rel=\"nofollow noopener\">Nye lover fr\u00e5 1. januar 2026<\/a>&nbsp;&nbsp;NRK<\/li>\n<li><a href=\"https:\/\/news.google.com\/rss\/articles\/CBMilgFBVV95cUxNMklLazlnclljOUtXUG82NW83OUZOMk9vcmxpYkR3WkJWWWJZaUdOemR1UGpWRVRKUGl3QjIwc0FNSW9MaUlIMjB0M1U0WmY1RFg2WnpMbkVtRjVGUzc1VU9mQm81dGpXSFJybE9XdVVsZzBLcS15R2NRWkttaHlxcVNIN283ZDBsNEplZWN3ZkJrREpjWEE?oc=5\" target=\"_blank\" rel=\"nofollow noopener\">Nye reglar fr\u00e5 nytt\u00e5r: Dette m\u00e5 du vite om 2026<\/a>&nbsp;&nbsp;bygdebladet.com<\/li>\n<\/ol>\n","protected":false},"excerpt":{"rendered":"I neste uke trer forbudet i kraft&nbsp;&nbsp;adressa.no Hva er lov i 2026? Dette m\u00e5 du vite om lovene&hellip;\n","protected":false},"author":2,"featured_media":122211,"comment_status":"","ping_status":"","sticky":false,"template":"","format":"standard","meta":{"footnotes":""},"categories":[10],"tags":[903,1718,20,21,24,25,15,22,23,13,30,28,29,14,14090,16,4440,333,26,27],"class_list":{"0":"post-122210","1":"post","2":"type-post","3":"status-publish","4":"format-standard","5":"has-post-thumbnail","7":"category-norge","8":"tag-bat","9":"tag-bot","10":"tag-breaking-news","11":"tag-breakingnews","12":"tag-featured-news","13":"tag-featurednews","14":"tag-headlines","15":"tag-latest-news","16":"tag-latestnews","17":"tag-news","18":"tag-no","19":"tag-norge","20":"tag-norway","21":"tag-nyheter","22":"tag-nyttar","23":"tag-overskrifter","24":"tag-pensjon","25":"tag-stortinget","26":"tag-top-stories","27":"tag-topstories"},"share_on_mastodon":{"url":"https:\/\/pubeurope.com\/@no\/115786116328645961","error":""},"_links":{"self":[{"href":"https:\/\/www.europesays.com\/no\/wp-json\/wp\/v2\/posts\/122210","targetHints":{"allow":["GET"]}}],"collection":[{"href":"https:\/\/www.europesays.com\/no\/wp-json\/wp\/v2\/posts"}],"about":[{"href":"https:\/\/www.europesays.com\/no\/wp-json\/wp\/v2\/types\/post"}],"author":[{"embeddable":true,"href":"https:\/\/www.europesays.com\/no\/wp-json\/wp\/v2\/users\/2"}],"replies":[{"embeddable":true,"href":"https:\/\/www.europesays.com\/no\/wp-json\/wp\/v2\/comments?post=122210"}],"version-history":[{"count":0,"href":"https:\/\/www.europesays.com\/no\/wp-json\/wp\/v2\/posts\/122210\/revisions"}],"wp:featuredmedia":[{"embeddable":true,"href":"https:\/\/www.europesays.com\/no\/wp-json\/wp\/v2\/media\/122211"}],"wp:attachment":[{"href":"https:\/\/www.europesays.com\/no\/wp-json\/wp\/v2\/media?parent=122210"}],"wp:term":[{"taxonomy":"category","embeddable":true,"href":"https:\/\/www.europesays.com\/no\/wp-json\/wp\/v2\/categories?post=122210"},{"taxonomy":"post_tag","embeddable":true,"href":"https:\/\/www.europesays.com\/no\/wp-json\/wp\/v2\/tags?post=122210"}],"curies":[{"name":"wp","href":"https:\/\/api.w.org\/{rel}","templated":true}]}}