{"id":122221,"date":"2025-12-26T13:45:13","date_gmt":"2025-12-26T13:45:13","guid":{"rendered":"https:\/\/www.europesays.com\/no\/122221\/"},"modified":"2025-12-26T13:45:13","modified_gmt":"2025-12-26T13:45:13","slug":"mathias-tonnessen-tromso-il-tromso-blar-opp-13-millioner-for-eliteserien-profil","status":"publish","type":"post","link":"https:\/\/www.europesays.com\/no\/122221\/","title":{"rendered":"Mathias T\u00f8nnessen, Troms\u00f8 il | Troms\u00f8 blar opp 13 millioner for Eliteserien-profil"},"content":{"rendered":"\n<p>Etter det Nettavisen kjenner til er Mathias T\u00f8nnessen (22) n\u00e6r en overgang fra KFUM til Troms\u00f8 IL.<\/p>\n<p><a href=\"https:\/\/www.tv2.no\/sport\/tv-2-erfarer-tromso-blar-opp-13-millioner-for-stoppertalent\/18413203\/\" rel=\"Follow nofollow noopener\" target=\"_blank\">TV 2<\/a> omtalte det samme f\u00f8rst.<\/p>\n<p>Nettavisen erfarer at laget fra Nord-Norge betaler 13 millioner kroner for spilleren. Det skal ogs\u00e5 v\u00e6re to millioner kroner i bonuser involvert i avtalen, noe som gj\u00f8r at totalrammen p\u00e5 overgangen er p\u00e5 15 millioner kroner.<\/p>\n<p>Den 22 \u00e5r gamle forsvarsspilleren har blitt koblet med langt st\u00f8rre klubber den siste tiden, men fortsetter n\u00e5 alts\u00e5 utviklingen i Eliteserien. TV 2 skriver det kun er detaljer unna at overgangen fullf\u00f8res.<\/p>\n<p>If\u00f8lge Nettavisens opplysninger \u00f8nsker KFUM \u00e5 hente inn Brynes Eirik Saunes som erstatter for T\u00f8nnessen.<\/p>\n<p>Partene skal v\u00e6re i forhandlinger om en overgang for sistnevnte og de n\u00e6rmer seg enighet.<\/p>\n<p>Bryne p\u00e5 sin side har unders\u00f8kt muligheten for \u00e5 hente Marius Lode hjem fra svenske H\u00e4cken, for \u00e5 erstatte Saunes, om han skulle forsvinne til hovedstaden. <\/p>\n","protected":false},"excerpt":{"rendered":"Etter det Nettavisen kjenner til er Mathias T\u00f8nnessen (22) n\u00e6r en overgang fra KFUM til Troms\u00f8 IL. TV&hellip;\n","protected":false},"author":2,"featured_media":122222,"comment_status":"","ping_status":"","sticky":false,"template":"","format":"standard","meta":{"footnotes":""},"categories":[5],"tags":[20,21,24,25,15,19,22,23,17,18,13,30,28,29,14,16,26,27],"class_list":{"0":"post-122221","1":"post","2":"type-post","3":"status-publish","4":"format-standard","5":"has-post-thumbnail","7":"category-overskrifter","8":"tag-breaking-news","9":"tag-breakingnews","10":"tag-featured-news","11":"tag-featurednews","12":"tag-headlines","13":"tag-hovedoppslag","14":"tag-latest-news","15":"tag-latestnews","16":"tag-main-news","17":"tag-mainnews","18":"tag-news","19":"tag-no","20":"tag-norge","21":"tag-norway","22":"tag-nyheter","23":"tag-overskrifter","24":"tag-top-stories","25":"tag-topstories"},"share_on_mastodon":{"url":"https:\/\/pubeurope.com\/@no\/115786175163101793","error":""},"_links":{"self":[{"href":"https:\/\/www.europesays.com\/no\/wp-json\/wp\/v2\/posts\/122221","targetHints":{"allow":["GET"]}}],"collection":[{"href":"https:\/\/www.europesays.com\/no\/wp-json\/wp\/v2\/posts"}],"about":[{"href":"https:\/\/www.europesays.com\/no\/wp-json\/wp\/v2\/types\/post"}],"author":[{"embeddable":true,"href":"https:\/\/www.europesays.com\/no\/wp-json\/wp\/v2\/users\/2"}],"replies":[{"embeddable":true,"href":"https:\/\/www.europesays.com\/no\/wp-json\/wp\/v2\/comments?post=122221"}],"version-history":[{"count":0,"href":"https:\/\/www.europesays.com\/no\/wp-json\/wp\/v2\/posts\/122221\/revisions"}],"wp:featuredmedia":[{"embeddable":true,"href":"https:\/\/www.europesays.com\/no\/wp-json\/wp\/v2\/media\/122222"}],"wp:attachment":[{"href":"https:\/\/www.europesays.com\/no\/wp-json\/wp\/v2\/media?parent=122221"}],"wp:term":[{"taxonomy":"category","embeddable":true,"href":"https:\/\/www.europesays.com\/no\/wp-json\/wp\/v2\/categories?post=122221"},{"taxonomy":"post_tag","embeddable":true,"href":"https:\/\/www.europesays.com\/no\/wp-json\/wp\/v2\/tags?post=122221"}],"curies":[{"name":"wp","href":"https:\/\/api.w.org\/{rel}","templated":true}]}}