{"id":122231,"date":"2025-12-26T14:09:16","date_gmt":"2025-12-26T14:09:16","guid":{"rendered":"https:\/\/www.europesays.com\/no\/122231\/"},"modified":"2025-12-26T14:09:16","modified_gmt":"2025-12-26T14:09:16","slug":"sogndal-fotball-vg-har-sett-i-krystallkula-og-spadd-tabellen-for-obosligaen-2026","status":"publish","type":"post","link":"https:\/\/www.europesays.com\/no\/122231\/","title":{"rendered":"Sogndal, Fotball | VG har sett i krystallkula og sp\u00e5dd tabellen for Obosligaen 2026"},"content":{"rendered":"\n<p>VG kallar det <a href=\"https:\/\/www.vg.no\/sport\/i\/xrR1VQ\/kamikaze-tips-for-obos-ligaen-2026\" rel=\"Follow nofollow noopener\" target=\"_blank\">Kamikaze-tips for Obos-ligaen 2026<\/a> og skriv at det blir nok kanskje ein av dei vanskelegaste sesongane \u00e5 sp\u00e5.<\/p>\n<p>Ikkje minst fordi det framleis er desember og mykje er uklart.<\/p>\n<p>Seksten lag skal kjempa om opprykk og unng\u00e5 nedrykk, og denne sesongen meiner VG at Sogndal hamnar i ingenmannsland. Heller ikkje gode nok for ein kvalifiseringsplass.<\/p>\n<p>P\u00e5 direkte opprykk har VG plassert Str\u00f8msgodset og Lyn, medan Sogndal er heilt nede p\u00e5 10. plass.<\/p>\n<p>Journalist J\u00f8rgen Tj\u00e6rn\u00e5s skriv; \u00abat etter eit skuffande 2024 l\u00e5g Sogndal godt plassert inn i hausten, men med berre to sigrar p\u00e5 dei ti siste kampane blei det ikkje kvalifisering.<\/p>\n<p>Store utskiftingar utanfor bana, og <a href=\"https:\/\/www.sognavis.no\/det-er-tvingande-nodvendig-elles-er-eg-redd-for-at-det-gar-gale-med-sogndal-fotball\/o\/5-115-1384104\" rel=\"nofollow noopener\" target=\"_blank\">Sogn Avis<\/a> skreiv nyleg ein lang kommentar der bodskapen er uro for det som skje.<\/p>\n<p>Trenar Luis Pimenta har forlengja kontrakten. Mistar rutine i Per-Egil Flo. F\u00e5r dei behalde toppscorar Oliver Hintsa og stortalentet Sander Granheim?\u00bb<\/p>\n<p>Slik har VG tippa tabellen n\u00e5r Obosligaen 2026 er ferdigspela:<\/p>\n<p>1. Str\u00f8msgodset<\/p>\n<p>2. Lyn<\/p>\n<p>3. Kongsvinger<\/p>\n<p>4. Odd<\/p>\n<p>5. Bryne<\/p>\n<p>6. Stab\u00e6k<\/p>\n<p>7. Egersund<\/p>\n<p>8. Haugesund<\/p>\n<p>9. Ranheim<\/p>\n<p><b>10. Sogndal<\/b><\/p>\n<p>11. Moss<\/p>\n<p>12. Sandnes Ulf<\/p>\n<p>13. H\u00f8dd<\/p>\n<p>14. \u00c5sane<\/p>\n<p>15. Str\u00f8mmen<\/p>\n<p>16. Raufoss<\/p>\n","protected":false},"excerpt":{"rendered":"VG kallar det Kamikaze-tips for Obos-ligaen 2026 og skriv at det blir nok kanskje ein av dei vanskelegaste&hellip;\n","protected":false},"author":2,"featured_media":122232,"comment_status":"","ping_status":"","sticky":false,"template":"","format":"standard","meta":{"footnotes":""},"categories":[59],"tags":[36,92,30,28,29,337,1029,83,82,1510],"class_list":{"0":"post-122231","1":"post","2":"type-post","3":"status-publish","4":"format-standard","5":"has-post-thumbnail","7":"category-sport","8":"tag-art","9":"tag-fotball","10":"tag-no","11":"tag-norge","12":"tag-norway","13":"tag-obos-ligaen","14":"tag-sogndal","15":"tag-sport","16":"tag-sports","17":"tag-story"},"share_on_mastodon":{"url":"https:\/\/pubeurope.com\/@no\/115786269576458203","error":""},"_links":{"self":[{"href":"https:\/\/www.europesays.com\/no\/wp-json\/wp\/v2\/posts\/122231","targetHints":{"allow":["GET"]}}],"collection":[{"href":"https:\/\/www.europesays.com\/no\/wp-json\/wp\/v2\/posts"}],"about":[{"href":"https:\/\/www.europesays.com\/no\/wp-json\/wp\/v2\/types\/post"}],"author":[{"embeddable":true,"href":"https:\/\/www.europesays.com\/no\/wp-json\/wp\/v2\/users\/2"}],"replies":[{"embeddable":true,"href":"https:\/\/www.europesays.com\/no\/wp-json\/wp\/v2\/comments?post=122231"}],"version-history":[{"count":0,"href":"https:\/\/www.europesays.com\/no\/wp-json\/wp\/v2\/posts\/122231\/revisions"}],"wp:featuredmedia":[{"embeddable":true,"href":"https:\/\/www.europesays.com\/no\/wp-json\/wp\/v2\/media\/122232"}],"wp:attachment":[{"href":"https:\/\/www.europesays.com\/no\/wp-json\/wp\/v2\/media?parent=122231"}],"wp:term":[{"taxonomy":"category","embeddable":true,"href":"https:\/\/www.europesays.com\/no\/wp-json\/wp\/v2\/categories?post=122231"},{"taxonomy":"post_tag","embeddable":true,"href":"https:\/\/www.europesays.com\/no\/wp-json\/wp\/v2\/tags?post=122231"}],"curies":[{"name":"wp","href":"https:\/\/api.w.org\/{rel}","templated":true}]}}