{"id":122240,"date":"2025-12-26T14:22:07","date_gmt":"2025-12-26T14:22:07","guid":{"rendered":"https:\/\/www.europesays.com\/no\/122240\/"},"modified":"2025-12-26T14:22:07","modified_gmt":"2025-12-26T14:22:07","slug":"militaertjeneste-for-migranter-i-russland","status":"publish","type":"post","link":"https:\/\/www.europesays.com\/no\/122240\/","title":{"rendered":"Milit\u00e6rtjeneste for migranter i Russland"},"content":{"rendered":"<p class=\"kicker \" style=\"\">Mangler soldater:<\/p>\n<p>  I et fors\u00f8k p\u00e5 \u00e5 f\u00e5 flere soldater til krigen i Ukraina, \u00f8nsker Russland \u00e5 innf\u00f8re milit\u00e6rtjeneste for innvandrere.\u00a0<\/p>\n<p>\n    VIL HA FLERE SOLDATER: Russland trenger flere soldater til krigf\u00f8ringen i Ukraina. Her marsjerer russiske styrker ved et skytefelt, midt i Russland\u2013Ukraina-konflikten, i den s\u00f8rlige Krasnodar-regionen i Russland, 2. desember 2024. Foto: Sergey Pivovarov \/ Reuters \/ NTB\n  <\/p>\n<p>Den russiske h\u00e6ren lider av mangel p\u00e5 soldater til krigen i Ukraina, skriver\u00a0<a href=\"https:\/\/www.expressen.se\/nyheter\/varlden\/putins-desperata-drag-for-att-fa-fler-soldater-till-fronten\/\" target=\"_blank\" rel=\"nofollow noopener\">Expressen.<\/a><\/p>\n<p>Russland har allerede rekruttert borgere fra andre land, som <a href=\"https:\/\/www.vg.no\/nyheter\/i\/VzpWWJ\/nord-korea-i-ukraina-krigen-hevder-300-er-drept\" target=\"_blank\" rel=\"nofollow noopener\">Nord-Korea<\/a>, til h\u00e6ren sin.<\/p>\n<p>Vil rekruterer immigranter<\/p>\n<p>    <a itemprop=\"url\" href=\"https:\/\/www.dagbladet.no\/nyheter\/ukraina-angrep-oljeraffineri-i-russland\/84027543\" rel=\"nofollow noopener\" target=\"_blank\"><\/p>\n<p>        <img loading=\"lazy\" decoding=\"async\" src=\"https:\/\/www.europesays.com\/no\/wp-content\/uploads\/2025\/12\/84027552.webp\" width=\"980\" height=\"441\" title=\"Ukraina angrep oljeraffineri i Russland\" alt=\"\" class=\"lazyload\" style=\"--aspect-ratio-image: 2.22; \"\/><\/p>\n<p>        Ukraina angrep oljeraffineri i Russland<\/p>\n<p>    <\/a><\/p>\n<p>N\u00e5 er det innvandrere president Vladimir Putin pr\u00f8ver \u00e5 rekruttere. Alle som s\u00f8ker om oppholdstillatelse eller statsborgerskap i Russland, m\u00e5 n\u00e5 f\u00f8rst avtjene milit\u00e6rtjeneste i minst ett \u00e5r. Dette if\u00f8lge et dekret fra presidenten, if\u00f8lge den russiske TV-kanalen\u00a0<a href=\"https:\/\/www.currenttime.tv\/a\/systema-migranty-voina\/33620933.html\" target=\"_blank\" rel=\"nofollow noopener\">Current Time<\/a>.\u00a0<\/p>\n<p>Man vil ikke engang kunne s\u00f8ke om oppholdstillatelse eller statsborgerskap f\u00f8r den obligatoriske milit\u00e6rtjenesten er fullf\u00f8rt, skriver Current Time.\u00a0<\/p>\n<p>        P\u00c5 TOKT: I julen gjennomf\u00f8rte, if\u00f8lge det russiske forsvarsdepartementet, Tu-95MS strategiske bombefly og rakettb\u00e6rere en planlagt flyging over Barents- og Norskehavet. Video: Det russiske forsvarsdepartementet. Reporter: Christina H. Korneliussen<\/p>\n<p>If\u00f8lge Current Time finnes det imidlertid unntak for studenter og visse personer med h\u00f8y utdannelse, samt for personer som kan bevise at de ikke kan delta av helsemessige \u00e5rsaker.\u00a0<\/p>\n<p>Det vil ogs\u00e5 v\u00e6re unntak for borgere fra Belarus, Kasakhstan, Ukraina og Moldova.<\/p>\n<p>&#8211; Har arrestert 80 000\t<\/p>\n<p>Siden krigen startet i 2022, har migranter i Russland blitt truet og presset til \u00e5 verve seg.\u00a0<\/p>\n<p>I mai sa Alexander Bastrykin, leder for det statlige kriminaletterforskningsbyr\u00e5et SKR, at 20 000 mennesker fra Sentral-Asia &#8211; som nylig hadde f\u00e5tt russisk statsborgerskap &#8211; hadde blitt sendt til fronten.\u00a0<\/p>\n<p>    <a itemprop=\"url\" href=\"https:\/\/www.dagbladet.no\/nyheter\/russiske-bombelfy-floy-planlagt-tokt\/84027345\" rel=\"nofollow noopener\" target=\"_blank\"><\/p>\n<p>        <img loading=\"lazy\" decoding=\"async\" src=\"https:\/\/www.europesays.com\/no\/wp-content\/uploads\/2025\/12\/84027350.webp\" width=\"980\" height=\"441\" title=\"Russiske bombelfy fl\u00f8y \u00abplanlagt tokt\u00bb\" alt=\"\" class=\"lazyload\" style=\"--aspect-ratio-image: 2.22; \"\/><\/p>\n<p>        Russiske bombelfy fl\u00f8y \u00abplanlagt tokt\u00bb <\/p>\n<p>    <\/a><\/p>\n<p>&#8211; V\u00e5r milit\u00e6re etterforskningsavdeling gjennomf\u00f8rer razziaer. Vi har allerede arrestert 80 000 slike russiske statsborgere som ikke engang vil g\u00e5 til milit\u00e6rregistrerings- og vervekontoret, langt mindre til fronten, var budskapet if\u00f8lge\u00a0<a href=\"https:\/\/www.dw.com\/ru\/protiv-ukrainy-vouut-20-tysac-naturalizovannyh-rossian\/a-72615763\" rel=\"nofollow noopener\" target=\"_blank\">Tysklands Deutsche Welle<\/a>.<\/p>\n<p>&#8211; Vi har arrestert 80 000 av dem, registrert dem for milit\u00e6rtjeneste, og n\u00e5 er 20 000 \u00abunge russiske statsborgere\u00bb, som av en eller annen grunn ikke liker \u00e5 bo i Usbekistan, Tadsjikistan eller Kirgisistan, ved fronten.\u00a0<\/p>\n<p>Endring i migrasjonspolitikken\t<\/p>\n<p>Temur Umarov, forsker ved Carnegie Center i Berlin, sier til\u00a0<a href=\"https:\/\/www.currenttime.tv\/a\/systema-migranty-voina\/33620933.html\" rel=\"nofollow noopener\" target=\"_blank\">TV-kanalen Current Time<\/a>\u00a0at Kreml revurderer migrasjonspolitikken sin.\u00a0<\/p>\n<p>        \u00d8DELEGGER KOLONNE: Ukrainske styrker hevder \u00e5 ha stanset et omfattende russisk mekanisert angrep i Dobropillja-sektoren \u00f8st i landet. Video: F\u00f8rste Azov-korps i Ukrainas nasjonalgarde.<\/p>\n<p>&#8211; Fram til 2022 ble det demografiske problemet ansett som det viktigste, og det kunne blant annet l\u00f8ses ved \u00e5 tiltrekke seg innvandrere.\u00a0<\/p>\n<p>&#8211; Men i 2022 skjedde et fundamentalt skifte: demografien ble glemt, og en viss \u00abrussiskhet\u00bb ble fremhevet. Tidligere var det den \u00f8konomiske maktgruppa som dominerte og argumenterte for at nye borgere var n\u00f8dvendig for \u00f8konomisk vekst. N\u00e5 er det sikkerhetsstyrkene som kontrollerer og bruker alle tilgjengelige midler for \u00e5 lokke migranter til krigen.\u00a0<\/p>\n","protected":false},"excerpt":{"rendered":"Mangler soldater: I et fors\u00f8k p\u00e5 \u00e5 f\u00e5 flere soldater til krigen i Ukraina, \u00f8nsker Russland \u00e5 innf\u00f8re&hellip;\n","protected":false},"author":2,"featured_media":122241,"comment_status":"","ping_status":"","sticky":false,"template":"","format":"standard","meta":{"footnotes":""},"categories":[12],"tags":[20,21,24,25,15,22,23,13,30,28,29,14,16,2309,188,26,27,2002,412,42,186,43,44,45],"class_list":{"0":"post-122240","1":"post","2":"type-post","3":"status-publish","4":"format-standard","5":"has-post-thumbnail","7":"category-verden","8":"tag-breaking-news","9":"tag-breakingnews","10":"tag-featured-news","11":"tag-featurednews","12":"tag-headlines","13":"tag-latest-news","14":"tag-latestnews","15":"tag-news","16":"tag-no","17":"tag-norge","18":"tag-norway","19":"tag-nyheter","20":"tag-overskrifter","21":"tag-putin","22":"tag-russland","23":"tag-top-stories","24":"tag-topstories","25":"tag-ukraina-krigen","26":"tag-utenriks","27":"tag-verden","28":"tag-vladimir-putin","29":"tag-world","30":"tag-world-news","31":"tag-worldnews"},"share_on_mastodon":{"url":"https:\/\/pubeurope.com\/@no\/115786321030498546","error":""},"_links":{"self":[{"href":"https:\/\/www.europesays.com\/no\/wp-json\/wp\/v2\/posts\/122240","targetHints":{"allow":["GET"]}}],"collection":[{"href":"https:\/\/www.europesays.com\/no\/wp-json\/wp\/v2\/posts"}],"about":[{"href":"https:\/\/www.europesays.com\/no\/wp-json\/wp\/v2\/types\/post"}],"author":[{"embeddable":true,"href":"https:\/\/www.europesays.com\/no\/wp-json\/wp\/v2\/users\/2"}],"replies":[{"embeddable":true,"href":"https:\/\/www.europesays.com\/no\/wp-json\/wp\/v2\/comments?post=122240"}],"version-history":[{"count":0,"href":"https:\/\/www.europesays.com\/no\/wp-json\/wp\/v2\/posts\/122240\/revisions"}],"wp:featuredmedia":[{"embeddable":true,"href":"https:\/\/www.europesays.com\/no\/wp-json\/wp\/v2\/media\/122241"}],"wp:attachment":[{"href":"https:\/\/www.europesays.com\/no\/wp-json\/wp\/v2\/media?parent=122240"}],"wp:term":[{"taxonomy":"category","embeddable":true,"href":"https:\/\/www.europesays.com\/no\/wp-json\/wp\/v2\/categories?post=122240"},{"taxonomy":"post_tag","embeddable":true,"href":"https:\/\/www.europesays.com\/no\/wp-json\/wp\/v2\/tags?post=122240"}],"curies":[{"name":"wp","href":"https:\/\/api.w.org\/{rel}","templated":true}]}}