{"id":122244,"date":"2025-12-26T14:24:53","date_gmt":"2025-12-26T14:24:53","guid":{"rendered":"https:\/\/www.europesays.com\/no\/122244\/"},"modified":"2025-12-26T14:24:53","modified_gmt":"2025-12-26T14:24:53","slug":"trump-beordrer-angrep-mot-islamister-i-nigeria","status":"publish","type":"post","link":"https:\/\/www.europesays.com\/no\/122244\/","title":{"rendered":"Trump beordrer angrep mot islamister i Nigeria"},"content":{"rendered":"<p>USA har gjennomf\u00f8rt \u00abkraftig og d\u00f8dbringende\u00bb angrep mot Den islamske staten (IS) i Nigeria. Det skriver president Donald Trump i et innlegg p\u00e5\u00a0<a href=\"https:\/\/truthsocial.com\/@realDonaldTrump\/posts\/115782683955516402\" target=\"_blank\" rel=\"nofollow noopener\">Truth Social<\/a>\u00a0natt til 2. juledag, norsk tid.\u00a0\u00a0<\/p>\n<p class=\"font-weight-bold m-font-weight-bold\" data-lab-font_weight=\"font-weight-bold\">&#8211; Krigsdepartementet har gjennomf\u00f8rt flere perfekte angrep, slik bare USA kan, skriver Trump.<\/p>\n<p>Trump sier angrepene var rettet mot IS-tilknyttede islamister nordvest i Nigeria.<\/p>\n<p>&#8211; Jeg har tidligere advart disse terroristene om at de vil f\u00e5 et helvete om de ikke slutter \u00e5 slakte kristne. I dag skjedde det, fortsetter Trump.<\/p>\n<p>Eksperter mener Trumps angrep i Nigeria handler om flere ting.\u00a0<\/p>\n<p>Bekrefter samarbeid\t<\/p>\n<p>En tjenestemann sier angrepet skjedde i delstaten Sokoto, og at flere militante IS-medlemmer ble drept.\u00a0<\/p>\n<p>If\u00f8lge tjenestemannen ble angrepet gjennomf\u00f8rt etter en foresp\u00f8rsel fra Nigerias myndigheter.<\/p>\n<p>        <img loading=\"lazy\" decoding=\"async\" src=\"https:\/\/www.europesays.com\/no\/wp-content\/uploads\/2025\/12\/84027983.webp\" width=\"980\" height=\"559\" title=\"DELER VIDEO: Det amerikanske forsvarsdepartementet, som n\u00e5 omtaler seg som krigsdepartementet, har delt en video av det som skal v\u00e6re en rakettoppskyting fra angrepet. Foto: Skjermdump \/ Department of War p\u00e5 X\" alt=\"\" class=\"\" style=\"--aspect-ratio-image: 1.75; \"\/><\/p>\n<p>\n        DELER VIDEO: Det amerikanske forsvarsdepartementet, som n\u00e5 omtaler seg som krigsdepartementet, har delt en video av det som skal v\u00e6re en rakettoppskyting fra angrepet. Foto: Skjermdump \/ Department of War p\u00e5 X\n    <\/p>\n<p>Forsvarsminister Pete Hegseth\u00a0<a href=\"https:\/\/x.com\/PeteHegseth\/status\/2004332431542022289\" rel=\"nofollow\">delte Trumps innlegg<\/a>\u00a0p\u00e5 sin egen X-konto, og la til at han var \u00abtakknemlig for st\u00f8tte og samarbeid fra den nigerianske regjeringen\u00bb.<\/p>\n<p>Det nigerianske utenriksdepartementet bekreftet seinere natt til 2. juledag at de er i dialog med USA om \u00abstrukturert sikkerhetssamarbeid\u00bb, og at dette har f\u00f8rt fram til \u00abpresisjonsangrep mot terrorm\u00e5l\u00bb i form av luftangrep nordvest i landet.<\/p>\n<p>&#8211; Flere \u00e5rsaker\t<\/p>\n<p> Hilmar Mjelde er professor i statsvitenskap ved H\u00f8gskulen p\u00e5 Vestlandet. Han minner om at\u00a0 USA har sl\u00e5tt til mot militante islamister rundt om i verden siden 2001. Den s\u00e5kalte krigen mot terror p\u00e5g\u00e5r fortsatt og dette angrepet kan derfor sies \u00e5 ikke v\u00e6re spesielt oppsiktsvekkende.\u00a0<\/p>\n<p>Men &#8211;\u00a0 angrepet har ogs\u00e5 andre sider ved seg, mener han.\u00a0<\/p>\n<p> &#8211; Trump ser seg jo som en forsvarer av kristne b\u00e5de i USA og globalt. Angrepet m\u00e5 ogs\u00e5 ses p\u00e5 bakgrunn av det, sier Mjelde til Dagbladet.\u00a0<\/p>\n<p>        <img loading=\"lazy\" decoding=\"async\" itemprop=\"image\" src=\"https:\/\/www.europesays.com\/no\/wp-content\/uploads\/2025\/12\/1766759091_748_83662274.webp\" width=\"180\" height=\"180\" alt=\"Hilmar Mjelde\"\/><\/p>\n<p>            Hilmar Mjelde<br \/>\n            Hilmar<br \/>\n            Mjelde        <\/p>\n<p>USA-ekspert og professor ved H\u00f8gskolen i Vestlandet<\/p>\n<p>Med et slikt angrep pleier Trump ogs\u00e5 sin egen velgerbase av kristne i USA, forklarer han.\u00a0\u00a0<\/p>\n<p>&#8211; Ikke minst liker Trump \u00e5 gjennomf\u00f8re spektakul\u00e6re soloangrep med overveldende amerikansk milit\u00e6rmakt. Han liker ikke \u00abevige kriger\u00bb, som han sier, men han liker \u00e5 vise frem amerikansk milit\u00e6rmakt p\u00e5 en m\u00e5te som f\u00e5r han selv til \u00e5 se t\u00f8ff ut, sier Mjelde.\u00a0<\/p>\n<p>    <a itemprop=\"url\" href=\"https:\/\/www.dagbladet.no\/nyheter\/truer-med-militaerangrep\/83799703\" rel=\"nofollow noopener\" target=\"_blank\"><\/p>\n<p>        <img loading=\"lazy\" decoding=\"async\" src=\"https:\/\/www.europesays.com\/no\/wp-content\/uploads\/2025\/12\/1766759092_857_83792169.webp\" width=\"980\" height=\"441\" title=\"Truer med milit\u00e6rangrep\" alt=\"\" class=\"lazyload\" style=\"--aspect-ratio-image: 2.22; \"\/><\/p>\n<p>        Truer med milit\u00e6rangrep<\/p>\n<p>    <\/a><\/p>\n<p>Ogs\u00e5 USA-ekspert Eirik L\u00f8kke mener angrepet i Nigeria handler om flere ting.\u00a0\u00a0<\/p>\n<p>&#8211; Som del av Trumps krig mot terror er det viktig \u00e5 sl\u00e5 til mot IS. Det er ogs\u00e5 en politikk som har stor st\u00f8tte i det milit\u00e6re og har tverrpolitisk st\u00f8tte.\u00a0<\/p>\n<p>Samtidig mener Trump at det forekommer mange angrep p\u00e5 kristne rundt om i verden, og s\u00e5gar et folkemord p\u00e5 hvite i S\u00f8r-Afrika, sier L\u00f8kke.\u00a0<\/p>\n<p>        <img loading=\"lazy\" decoding=\"async\" itemprop=\"image\" src=\"https:\/\/www.europesays.com\/no\/wp-content\/uploads\/2025\/12\/83734228.webp\" width=\"180\" height=\"180\" alt=\"Eirik L\u00f8kke\"\/><\/p>\n<p>            Eirik L\u00f8kke<br \/>\n            Eirik<br \/>\n            L\u00f8kke        <\/p>\n<p>USA-ekspert og r\u00e5gvider i Civita<\/p>\n<p>&#8211; Sistnevte er det selvsagt ingen indikasjoner p\u00e5. I Nigeria har det v\u00e6rt religi\u00f8s vold, s\u00e5gar angrep p\u00e5 kristne. Trump \u00f8nsker \u00e5 sende et signal om at det er uakseptabelt b\u00e5de fordi han selv mener det, samtidig er det en politikk som ogs\u00e5 st\u00f8ttes av viktige kristne velgergrupper for republikanerne.\u00a0<\/p>\n<p>Truet med angrep\t<\/p>\n<p>Trump brukte ogs\u00e5 innlegget til \u00e5 velsigne det amerikanske milit\u00e6ret, og \u00f8nske alle god jul.<\/p>\n<p>&#8211; Ogs\u00e5 de d\u00f8de terroristene, som det kommer til \u00e5 bli mange flere av om slaktingen av kristne fortsetter.<\/p>\n<p>Trump har flere ganger kommet med p\u00e5stander om at den\u00a0kristne befolkningen i landet er spesielt utsatt for forf\u00f8lgelse og drap, og at Nigerias myndigheter \u00abfortsetter \u00e5 tillate drap p\u00e5 kristne\u00bb. <\/p>\n<p>I starten av november ba han det amerikanske forsvars\u00addepartementet forberede seg p\u00e5 mulige milit\u00e6raksjoner i Nigeria, og truet med angrep.\u00a0<\/p>\n<p>    <a itemprop=\"url\" href=\"https:\/\/www.dagbladet.no\/nyheter\/fryser-samarbeid-med-usa\/83838841\" rel=\"nofollow noopener\" target=\"_blank\"><\/p>\n<p>        <img loading=\"lazy\" decoding=\"async\" src=\"https:\/\/www.europesays.com\/no\/wp-content\/uploads\/2025\/12\/1766759093_16_83839319.webp\" width=\"980\" height=\"441\" title=\"Fryser samarbeid med USA\" alt=\"\" class=\"\" style=\"--aspect-ratio-image: 2.22; \"\/><\/p>\n<p>        Fryser samarbeid med USA<\/p>\n<p>    <\/a><\/p>\n<p> Nigerias regjering, samt eksperter og forskere, har tidligere sagt at Trumps fremstilling av sikkerhetssituasjonen i det vestafrikanske landet er misvisende.\u00a0<\/p>\n<p>De p\u00e5peker at medlemmer av alle religioner har lidd under islamistiske ekstremister og andre grupper. <\/p>\n","protected":false},"excerpt":{"rendered":"USA har gjennomf\u00f8rt \u00abkraftig og d\u00f8dbringende\u00bb angrep mot Den islamske staten (IS) i Nigeria. Det skriver president Donald&hellip;\n","protected":false},"author":2,"featured_media":122245,"comment_status":"","ping_status":"","sticky":false,"template":"","format":"standard","meta":{"footnotes":""},"categories":[5],"tags":[6357,20,21,55,24,25,15,19,22,23,17,18,13,9949,30,28,29,14,16,26,27,50,412],"class_list":{"0":"post-122244","1":"post","2":"type-post","3":"status-publish","4":"format-standard","5":"has-post-thumbnail","7":"category-overskrifter","8":"tag-angrep","9":"tag-breaking-news","10":"tag-breakingnews","11":"tag-donald-trump","12":"tag-featured-news","13":"tag-featurednews","14":"tag-headlines","15":"tag-hovedoppslag","16":"tag-latest-news","17":"tag-latestnews","18":"tag-main-news","19":"tag-mainnews","20":"tag-news","21":"tag-nigeria","22":"tag-no","23":"tag-norge","24":"tag-norway","25":"tag-nyheter","26":"tag-overskrifter","27":"tag-top-stories","28":"tag-topstories","29":"tag-usa","30":"tag-utenriks"},"share_on_mastodon":{"url":"https:\/\/pubeurope.com\/@no\/115786332710025817","error":""},"_links":{"self":[{"href":"https:\/\/www.europesays.com\/no\/wp-json\/wp\/v2\/posts\/122244","targetHints":{"allow":["GET"]}}],"collection":[{"href":"https:\/\/www.europesays.com\/no\/wp-json\/wp\/v2\/posts"}],"about":[{"href":"https:\/\/www.europesays.com\/no\/wp-json\/wp\/v2\/types\/post"}],"author":[{"embeddable":true,"href":"https:\/\/www.europesays.com\/no\/wp-json\/wp\/v2\/users\/2"}],"replies":[{"embeddable":true,"href":"https:\/\/www.europesays.com\/no\/wp-json\/wp\/v2\/comments?post=122244"}],"version-history":[{"count":0,"href":"https:\/\/www.europesays.com\/no\/wp-json\/wp\/v2\/posts\/122244\/revisions"}],"wp:featuredmedia":[{"embeddable":true,"href":"https:\/\/www.europesays.com\/no\/wp-json\/wp\/v2\/media\/122245"}],"wp:attachment":[{"href":"https:\/\/www.europesays.com\/no\/wp-json\/wp\/v2\/media?parent=122244"}],"wp:term":[{"taxonomy":"category","embeddable":true,"href":"https:\/\/www.europesays.com\/no\/wp-json\/wp\/v2\/categories?post=122244"},{"taxonomy":"post_tag","embeddable":true,"href":"https:\/\/www.europesays.com\/no\/wp-json\/wp\/v2\/tags?post=122244"}],"curies":[{"name":"wp","href":"https:\/\/api.w.org\/{rel}","templated":true}]}}