{"id":122246,"date":"2025-12-26T14:26:15","date_gmt":"2025-12-26T14:26:15","guid":{"rendered":"https:\/\/www.europesays.com\/no\/122246\/"},"modified":"2025-12-26T14:26:15","modified_gmt":"2025-12-26T14:26:15","slug":"opplysninger-til-itromso-nytt-overgangssjokk-hentes-for-rekordsum-itromso-no","status":"publish","type":"post","link":"https:\/\/www.europesays.com\/no\/122246\/","title":{"rendered":"(+) Opplysninger til iTroms\u00f8: Nytt overgangssjokk &#8211; hentes for rekordsum &#8211; itromso.no"},"content":{"rendered":"<ol>\n<li><a href=\"https:\/\/news.google.com\/rss\/articles\/CBMioAFBVV95cUxQNGZxQko4Zi01RFhUcVI1RGRjUE5JQjdOVVdCMHowR1ZEOEd5SklzeXRNUkhqLUlEZVZZUUE3dENKdEtQdlhXZ0l5eGY2eEs3STlWUHZabTFseVFzVG5fa1ZnZUtNOWVsMVR2bFhvcWoyX2Q0YThXQU9oVk1hS2dYQXR3QU1xdm9ZU0VJZlBXeHpsdThjaVlCUzE4SlpOVGxI?oc=5\" target=\"_blank\" rel=\"nofollow noopener\">(+) Opplysninger til iTroms\u00f8: Nytt overgangssjokk &#8211; hentes for rekordsum<\/a>&nbsp;&nbsp;itromso.no<\/li>\n<li><a href=\"https:\/\/news.google.com\/rss\/articles\/CBMiqwFBVV95cUxQRmlyNndBTE95bWVqbVUwOHhjYUlmek42dk1PM0dHVzU0WVJsYU9zcjkwaU1oUV9lNXRsQW9ob0xjbmk3Y0kySmVFY3NhVGg1VW9NVU1EUmN4SmRFcEgxUlVPd2dRd0ZlOXA5dVpORUxkV3dBRkYwSHdnNFFlWV8tUi1KNTAyZ1JDcDh4eUJSWWw2bGtOejEtLUM2M0RrSlowNVdjd3JxTGZDYXc?oc=5\" target=\"_blank\" rel=\"nofollow noopener\">Opplysninger til VG: KFUM-stopper p\u00e5 vei til Troms\u00f8 i rekordavtale<\/a>&nbsp;&nbsp;VG<\/li>\n<li><a href=\"https:\/\/news.google.com\/rss\/articles\/CBMimgFBVV95cUxQQXU4Rzl2RnMzV250SUxOeVFubWJUMUF2bUZxOVF0S0NyRkI2S0hiSGNmbVFIVG1wN0RqbkJFcExEa2xvdGRlQjFhUExKYjRNVEJ6T0NRMWx6UWx4WnR6ZkUwZjRUempkZE5FT0pGcGxmTTc5NzNEeC1tV2JPdTJrQnhqWmJvSTVLSDRjMUc4aUF2M1g5dHZwSnVB?oc=5\" target=\"_blank\" rel=\"nofollow noopener\">TV 2 erfarer: Troms\u00f8 blar opp 13 millioner for stoppertalent<\/a>&nbsp;&nbsp;TV2.no<\/li>\n<li><a href=\"https:\/\/news.google.com\/rss\/articles\/CBMitAFBVV95cUxONWprTW5MYURLRVZMdkdPekgyQ2FaTlAzRDJIT3JrODNyT0lQWHRYZXN2elY0RlgtM05VZWVrRWJ1TEZEWWl1VDV6Um50MWp4N2pKT1NHSUdqWktLZTVSNzVPbmxWUFhyck5MMW1YWmowaGEzRXI5MFdINi14dWNXOWxFVTV1TzJUTDY0bm1GT1VzNkxLRXJiZnJ4QkJWOFNtMUc5aFgwdDJHSUFSelBiVTQ2V0w?oc=5\" target=\"_blank\" rel=\"nofollow noopener\">(+) Opplysninger til iTroms\u00f8: TIL n\u00e6re \u00e5 gjennomf\u00f8re to (!) rekordkj\u00f8p<\/a>&nbsp;&nbsp;itromso.no<\/li>\n<li><a href=\"https:\/\/news.google.com\/rss\/articles\/CBMimwFBVV95cUxOQ1hvVlloY2hldlhINzRRU2F0NTY0dGlXX0dEdlY4WHU1T1RoNnExcHowM1htM1VUdEx0Q0Z6MWJJZEhWS29ndFh3eGdrV1Z1NlJlQlZlNFcwTWpnd3R2bmhGLXRpeVljWUZ6SkJDaUg4eUR2V0hpS1RRZkxySmR1RHNIam9kdzEzMWFVam5YS004cnIzMW45Y1FGbw?oc=5\" target=\"_blank\" rel=\"nofollow noopener\">TIL, Fotball | Ny enighet: Mathias (22) blir stor TIL-signering<\/a>&nbsp;&nbsp;Nordlys<\/li>\n<\/ol>\n","protected":false},"excerpt":{"rendered":"(+) Opplysninger til iTroms\u00f8: Nytt overgangssjokk &#8211; hentes for rekordsum&nbsp;&nbsp;itromso.no Opplysninger til VG: KFUM-stopper p\u00e5 vei til Troms\u00f8&hellip;\n","protected":false},"author":2,"featured_media":122247,"comment_status":"","ping_status":"","sticky":false,"template":"","format":"standard","meta":{"footnotes":""},"categories":[59],"tags":[30,28,29,83,82,471],"class_list":{"0":"post-122246","1":"post","2":"type-post","3":"status-publish","4":"format-standard","5":"has-post-thumbnail","7":"category-sport","8":"tag-no","9":"tag-norge","10":"tag-norway","11":"tag-sport","12":"tag-sports","13":"tag-til"},"share_on_mastodon":{"url":"https:\/\/pubeurope.com\/@no\/115786336365291324","error":""},"_links":{"self":[{"href":"https:\/\/www.europesays.com\/no\/wp-json\/wp\/v2\/posts\/122246","targetHints":{"allow":["GET"]}}],"collection":[{"href":"https:\/\/www.europesays.com\/no\/wp-json\/wp\/v2\/posts"}],"about":[{"href":"https:\/\/www.europesays.com\/no\/wp-json\/wp\/v2\/types\/post"}],"author":[{"embeddable":true,"href":"https:\/\/www.europesays.com\/no\/wp-json\/wp\/v2\/users\/2"}],"replies":[{"embeddable":true,"href":"https:\/\/www.europesays.com\/no\/wp-json\/wp\/v2\/comments?post=122246"}],"version-history":[{"count":0,"href":"https:\/\/www.europesays.com\/no\/wp-json\/wp\/v2\/posts\/122246\/revisions"}],"wp:featuredmedia":[{"embeddable":true,"href":"https:\/\/www.europesays.com\/no\/wp-json\/wp\/v2\/media\/122247"}],"wp:attachment":[{"href":"https:\/\/www.europesays.com\/no\/wp-json\/wp\/v2\/media?parent=122246"}],"wp:term":[{"taxonomy":"category","embeddable":true,"href":"https:\/\/www.europesays.com\/no\/wp-json\/wp\/v2\/categories?post=122246"},{"taxonomy":"post_tag","embeddable":true,"href":"https:\/\/www.europesays.com\/no\/wp-json\/wp\/v2\/tags?post=122246"}],"curies":[{"name":"wp","href":"https:\/\/api.w.org\/{rel}","templated":true}]}}