{"id":122250,"date":"2025-12-26T14:32:13","date_gmt":"2025-12-26T14:32:13","guid":{"rendered":"https:\/\/www.europesays.com\/no\/122250\/"},"modified":"2025-12-26T14:32:13","modified_gmt":"2025-12-26T14:32:13","slug":"vaer-romjul-meteorologen-med-gode-nyheter-ganske-greit-for-a-vaere-bergen","status":"publish","type":"post","link":"https:\/\/www.europesays.com\/no\/122250\/","title":{"rendered":"V\u00e6r, Romjul | Meteorologen med gode nyheter \u2013 Ganske greit for \u00e5 v\u00e6re Bergen"},"content":{"rendered":"\n<p><b>\u2013 For \u00e5 v\u00e6re Bergen er det ganske greit, sier meteorolog Geir Ottar Fagerlid. <\/b><\/p>\n<p>Sol og ganske skyfritt<\/p>\n<p>Meteorologen kommer med gode nyheter.<\/p>\n<p><b>\u2013 Det blir en god del sol, sier Fagerlid. <\/b><\/p>\n<p>If\u00f8lge meteorologen blir det sol og ganske skyfritt fredag, f\u00f8r skyene tetter seg p\u00e5 kvelden. Ellers forteller han at det skal bl\u00e5se opp i frisk bris l\u00f8rdag morgen.<\/p>\n<p>Heldigvis skal solen skinne ogs\u00e5 da.<\/p>\n<p>S\u00f8ndag blir v\u00e6ret det Fagerlid vil kalle okay.<\/p>\n<p><b>\u2013 Det skal bl\u00e5se litt opp i Bergen f\u00f8rst p\u00e5 dagen s\u00f8ndag, opplyser meteorologen. <\/b><\/p>\n<p>Usikkert nytt\u00e5rsv\u00e6r<\/p>\n<p>Hvordan v\u00e6ret blir p\u00e5 nytt\u00e5rsaften t\u00f8r ikke meteorologen g\u00e5 i detaljene p\u00e5. Det er for langt frem i tid til \u00e5 kunne si noe sikkert, opplyser han.<\/p>\n<p>Han sier likevel at det kan bli sn\u00f8, men at v\u00e6ret p\u00e5 nytt\u00e5rsaften ikke er noe \u00e5 juble over, slik det ser ut n\u00e5.<\/p>\n<p>   <img decoding=\"async\" width=\"5292\" height=\"3528\" fetchpriority=\"low\"  loading=\"lazy\"  src=\"https:\/\/www.europesays.com\/no\/wp-content\/uploads\/2025\/12\/BA62607.jpg\" alt=\"\" class=\"brick-c-cFOWSL\" style=\"--brick-image-ratio: 5292 \/ 3528;\"\/><\/p>\n<p>      Det blir sannsynligvis regn og lavt skydekke p\u00e5 nytt\u00e5rsaften i \u00e5r, men det er for tidlig \u00e5 si noe sikkert, sier meteorolog Geir Ottar Fagerlid.<br \/>\n      Foto: ANDERS KJ\u00d8LEN (arkiv)\n    <\/p>\n<p><b>\u2013 Vi slipper nok ikke unna nedb\u00f8r og lavt skydekke. Temperaturen blir p\u00e5 rundt to til fire plussgrader. <\/b><\/p>\n<p>Prognosene er enn\u00e5 usikre, men det kan alts\u00e5 se ut som det blir d\u00e5rlig v\u00e6r den siste kvelden i 2025, med vind, sn\u00f8 og lave temperaturer.<\/p>\n<p>\u2013 Godt nytt for noen<\/p>\n<p>P\u00e5 ny\u00e5ret ser det if\u00f8lge Fagerlid ut som temperaturene skal holde seg lave. I tillegg ser det ut til \u00e5 falle nedb\u00f8r i form av sn\u00f8.<\/p>\n<p>\u2013 Det blir ugunstige forhold for skitrekkene i romjulen, men det kan se ut til \u00e5 endre seg i starten av januar, sier meteorologen.<\/p>\n<p>   <img decoding=\"async\" width=\"8256\" height=\"5504\" fetchpriority=\"low\"  loading=\"lazy\"  src=\"https:\/\/www.europesays.com\/no\/wp-content\/uploads\/2025\/12\/EH8_8656_Redigert.JPG\" alt=\"\" class=\"brick-c-cFOWSL\" style=\"--brick-image-ratio: 8256 \/ 5504;\"\/><\/p>\n<p>      Kanskje byr starten av \u00e5ret p\u00e5 noen slike dager i Bergen. <\/p>\n<p>      Foto: EIRIK HAGES\u00c6TER (arkiv)\n    <\/p>\n<p><b>\u2013 Det er godt nytt for noen. <\/b><\/p>\n<p>Skimuligheter<\/p>\n<p>BA har snakket med skitrekkene og l\u00f8ypeanleggene i n\u00e6rheten av Bergen sentrum. Eikedalen Skisenter forteller at de har \u00e5pent, men dog bare en liten del.<\/p>\n<p>\u2013 Det er veldig begrenset, men de to minste heisene er \u00e5pne, sier daglig leder ved Eikedalen Skisenter, Fredrik T\u00f8njum.<\/p>\n<p>Daglig leder for Furedalen Alpin Jan Guttorm Skeie, opplyser at skitrekket forel\u00f8pig er stengt.<\/p>\n<p><b>\u2013 Vi m\u00e5 ha sn\u00f8 for \u00e5 holde \u00e5pent og her er det ingen sn\u00f8, sier Skeie. <\/b><\/p>\n<p>Det er likevel et h\u00e5p om at kaldv\u00e6ret kommer p\u00e5 ny\u00e5ret sammen med sn\u00f8. I s\u00e5 fall vil natursn\u00f8 suppleres med sn\u00f8 fra kanoner i Furedalen.<\/p>\n<p>If\u00f8lge Voss Resort sine nettsider er flere av heisene deres ogs\u00e5 \u00e5pne fredag.<\/p>\n<p>Myrkdalen Skisenter har hatt \u00e5pent siden slutten av november. Her er det skif\u00f8re og syv \u00e5pne heiser. Ogs\u00e5 her har kunstsn\u00f8 v\u00e6rt redningen frem til n\u00e5, forteller avdelingsleder for Myrkdalen Skiheiser, John Ivar Norheim.<\/p>\n<p><b>\u2013 Vi venter p\u00e5 natursn\u00f8, det er ikke til \u00e5 legge skjul p\u00e5, sier Norheim. <\/b><\/p>\n","protected":false},"excerpt":{"rendered":"\u2013 For \u00e5 v\u00e6re Bergen er det ganske greit, sier meteorolog Geir Ottar Fagerlid. Sol og ganske skyfritt&hellip;\n","protected":false},"author":2,"featured_media":122251,"comment_status":"","ping_status":"","sticky":false,"template":"","format":"standard","meta":{"footnotes":""},"categories":[10],"tags":[36,20,21,24,25,15,22,23,13,30,28,29,14,16,14501,6527,1510,26,27,553],"class_list":{"0":"post-122250","1":"post","2":"type-post","3":"status-publish","4":"format-standard","5":"has-post-thumbnail","7":"category-norge","8":"tag-art","9":"tag-breaking-news","10":"tag-breakingnews","11":"tag-featured-news","12":"tag-featurednews","13":"tag-headlines","14":"tag-latest-news","15":"tag-latestnews","16":"tag-news","17":"tag-no","18":"tag-norge","19":"tag-norway","20":"tag-nyheter","21":"tag-overskrifter","22":"tag-romjul","23":"tag-sno","24":"tag-story","25":"tag-top-stories","26":"tag-topstories","27":"tag-vaer"},"share_on_mastodon":{"url":"https:\/\/pubeurope.com\/@no\/115786360686800416","error":""},"_links":{"self":[{"href":"https:\/\/www.europesays.com\/no\/wp-json\/wp\/v2\/posts\/122250","targetHints":{"allow":["GET"]}}],"collection":[{"href":"https:\/\/www.europesays.com\/no\/wp-json\/wp\/v2\/posts"}],"about":[{"href":"https:\/\/www.europesays.com\/no\/wp-json\/wp\/v2\/types\/post"}],"author":[{"embeddable":true,"href":"https:\/\/www.europesays.com\/no\/wp-json\/wp\/v2\/users\/2"}],"replies":[{"embeddable":true,"href":"https:\/\/www.europesays.com\/no\/wp-json\/wp\/v2\/comments?post=122250"}],"version-history":[{"count":0,"href":"https:\/\/www.europesays.com\/no\/wp-json\/wp\/v2\/posts\/122250\/revisions"}],"wp:featuredmedia":[{"embeddable":true,"href":"https:\/\/www.europesays.com\/no\/wp-json\/wp\/v2\/media\/122251"}],"wp:attachment":[{"href":"https:\/\/www.europesays.com\/no\/wp-json\/wp\/v2\/media?parent=122250"}],"wp:term":[{"taxonomy":"category","embeddable":true,"href":"https:\/\/www.europesays.com\/no\/wp-json\/wp\/v2\/categories?post=122250"},{"taxonomy":"post_tag","embeddable":true,"href":"https:\/\/www.europesays.com\/no\/wp-json\/wp\/v2\/tags?post=122250"}],"curies":[{"name":"wp","href":"https:\/\/api.w.org\/{rel}","templated":true}]}}