{"id":122258,"date":"2025-12-26T14:40:36","date_gmt":"2025-12-26T14:40:36","guid":{"rendered":"https:\/\/www.europesays.com\/no\/122258\/"},"modified":"2025-12-26T14:40:36","modified_gmt":"2025-12-26T14:40:36","slug":"kronprinsesse-mette-marit-tar-til-motmaele-mot-kritikk-og-anklager-rundt-sonnens-straffesak","status":"publish","type":"post","link":"https:\/\/www.europesays.com\/no\/122258\/","title":{"rendered":"Kronprinsesse Mette-Marit tar til motm\u00e6le mot kritikk og anklager rundt s\u00f8nnens straffesak"},"content":{"rendered":"\n<p data-testid=\"textWithMarkup-text\" data-v-81d7dc2b=\"\" data-v-62d58f52=\"\">Intervjuet dreier seg blant annet om hvordan kronprinsfamilien p\u00e5 Skaugum har h\u00e5ndtert etterforskningen og straffesaken mot Mette-Marits s\u00f8nn, Marius Borg H\u00f8iby. Kronprinsessen vil ikke si hvilke anklager hun snakker om, if\u00f8lge NRK.<\/p>\n<p data-testid=\"textWithMarkup-text\" data-v-81d7dc2b=\"\" data-v-62d58f52=\"\">I tiden etter p\u00e5gripelsen av H\u00f8iby 4. august i august i fjor meldte flere medier om at kronprinsessen skal ha ringt til s\u00f8nnen og varslet ham f\u00f8r han m\u00f8tte politiet p\u00e5 Jansl\u00f8kka skole ved Skaugum der han ble p\u00e5grepet. Deretter skal hun ha ryddet leiligheten hans.<\/p>\n<p data-testid=\"textWithMarkup-text\" data-v-81d7dc2b=\"\" data-v-62d58f52=\"\">Det er uklart om det er dette kronprinsessen sikter til, men hun sier f\u00f8lgende:<\/p>\n<p data-testid=\"textWithMarkup-markup\" data-v-62d58f52=\"\"> \u2013 Jeg synes det har v\u00e6rt ganske krevende \u00e5 bli beskyldt for s\u00e5pass alvorlige ting, som jeg selvf\u00f8lgelig ikke har gjort, sier kronprinsesse Mette-Marit til \u00ab <a href=\"https:\/\/www.nrk.no\/norge\/xl\/kong-harald_-_-haper-de-berorte-far-det-bedre-etter-rettssaken-1.17696238\" rel=\"noopener nofollow\" target=\"_blank\">\u00c5ret med kongefamilien<\/a> \u00bb.<\/p>\n<p>S\u00f8kt hjelp<\/p>\n<p data-testid=\"textWithMarkup-text\" data-v-81d7dc2b=\"\" data-v-62d58f52=\"\">Kritikk rundt hvordan de har h\u00e5ndtert saken som foreldre, er kanskje det hun blir mest lei seg for, sier hun.<\/p>\n<p data-testid=\"textWithMarkup-text\" data-v-81d7dc2b=\"\" data-v-62d58f52=\"\">\u2013 Og det \u00e5 bli s\u00e5 hardt kritisert i en situasjon hvor vi har pr\u00f8vd \u00e5 gj\u00f8re s\u00e5 godt vi har kunnet og s\u00f8kt profesjonell hjelp. Vi har tatt den hjelpen, vi har f\u00e5tt hjelp. S\u00e5 det kjennes litt urettferdig ut. Det at vi ikke har tatt situasjonen p\u00e5 alvor. For det mener jeg vi har, sier hun i programmet.<\/p>\n<p data-testid=\"textWithMarkup-text\" data-v-81d7dc2b=\"\" data-v-62d58f52=\"\">Ogs\u00e5 kong Harald og dronning Sonja kommenterte den p\u00e5g\u00e5ende straffesaken.<\/p>\n<p data-testid=\"textWithMarkup-text\" data-v-81d7dc2b=\"\" data-v-62d58f52=\"\">\u2013 N\u00e5 er dette i domstolens hender, og rettssaken er berammet. Den kommer til \u00e5 g\u00e5 sin gang. S\u00e5 f\u00e5r vi ta det som kommer, sier kongen.<\/p>\n<p data-testid=\"textWithMarkup-text\" data-v-81d7dc2b=\"\" data-v-62d58f52=\"\">\u2013 Samtidig vil jeg si at vi f\u00f8ler med alle de som er ber\u00f8rt. Ikke bare i v\u00e5r egen familie, men ogs\u00e5 alle andre som er ber\u00f8rt. Vi f\u00f8ler med dem og h\u00e5per de har det bra og f\u00e5r det bedre etter rettssaken, sier kongen.<\/p>\n<p>Rettssak i februar<\/p>\n<p data-testid=\"textWithMarkup-text\" data-v-81d7dc2b=\"\" data-v-62d58f52=\"\">Dronning Sonja f\u00f8lger opp kong Haralds svar.<\/p>\n<p data-testid=\"textWithMarkup-text\" data-v-81d7dc2b=\"\" data-v-62d58f52=\"\">\u2013 Det er helt riktig. Det er viktig \u00e5 tenke p\u00e5 alle i denne sammenheng, sier dronningen.<\/p>\n<p data-testid=\"textWithMarkup-text\" data-v-81d7dc2b=\"\" data-v-62d58f52=\"\">Kronprins Haakon \u00f8nsker per n\u00e5 ikke \u00e5 fortelle om kronprinsparet skal v\u00e6re til stede i retten.<\/p>\n<p data-testid=\"textWithMarkup-text\" data-v-81d7dc2b=\"\" data-v-62d58f52=\"\">\u2013 Vi har klare tanker rundt det, men jeg tror ikke vi er helt beredt til \u00e5 fortelle om det enn\u00e5. Vi f\u00e5r ta det i riktig rekkef\u00f8lge, sier han.<\/p>\n<p data-testid=\"textWithMarkup-text\" data-v-81d7dc2b=\"\" data-v-62d58f52=\"\">Kronprinsesse Mette-Marits s\u00f8nn, Marius Borg H\u00f8iby, er tiltalt for 32 forhold, blant annet fire voldtekter og mishandling i n\u00e6re relasjoner av ekskj\u00e6resten Nora Haukland. Han nekter straffskyld for de mest alvorlige anklagene.<\/p>\n<p data-testid=\"textWithMarkup-text\" data-v-81d7dc2b=\"\" data-v-62d58f52=\"\">Rettssaken starter i Oslo tingrett 3. februar.<\/p>\n","protected":false},"excerpt":{"rendered":"Intervjuet dreier seg blant annet om hvordan kronprinsfamilien p\u00e5 Skaugum har h\u00e5ndtert etterforskningen og straffesaken mot Mette-Marits s\u00f8nn,&hellip;\n","protected":false},"author":2,"featured_media":122259,"comment_status":"","ping_status":"","sticky":false,"template":"","format":"standard","meta":{"footnotes":""},"categories":[5],"tags":[20,21,24,25,15,19,22,23,17,18,13,30,28,29,14,16,26,27],"class_list":{"0":"post-122258","1":"post","2":"type-post","3":"status-publish","4":"format-standard","5":"has-post-thumbnail","7":"category-overskrifter","8":"tag-breaking-news","9":"tag-breakingnews","10":"tag-featured-news","11":"tag-featurednews","12":"tag-headlines","13":"tag-hovedoppslag","14":"tag-latest-news","15":"tag-latestnews","16":"tag-main-news","17":"tag-mainnews","18":"tag-news","19":"tag-no","20":"tag-norge","21":"tag-norway","22":"tag-nyheter","23":"tag-overskrifter","24":"tag-top-stories","25":"tag-topstories"},"share_on_mastodon":{"url":"https:\/\/pubeurope.com\/@no\/115786391452040197","error":""},"_links":{"self":[{"href":"https:\/\/www.europesays.com\/no\/wp-json\/wp\/v2\/posts\/122258","targetHints":{"allow":["GET"]}}],"collection":[{"href":"https:\/\/www.europesays.com\/no\/wp-json\/wp\/v2\/posts"}],"about":[{"href":"https:\/\/www.europesays.com\/no\/wp-json\/wp\/v2\/types\/post"}],"author":[{"embeddable":true,"href":"https:\/\/www.europesays.com\/no\/wp-json\/wp\/v2\/users\/2"}],"replies":[{"embeddable":true,"href":"https:\/\/www.europesays.com\/no\/wp-json\/wp\/v2\/comments?post=122258"}],"version-history":[{"count":0,"href":"https:\/\/www.europesays.com\/no\/wp-json\/wp\/v2\/posts\/122258\/revisions"}],"wp:featuredmedia":[{"embeddable":true,"href":"https:\/\/www.europesays.com\/no\/wp-json\/wp\/v2\/media\/122259"}],"wp:attachment":[{"href":"https:\/\/www.europesays.com\/no\/wp-json\/wp\/v2\/media?parent=122258"}],"wp:term":[{"taxonomy":"category","embeddable":true,"href":"https:\/\/www.europesays.com\/no\/wp-json\/wp\/v2\/categories?post=122258"},{"taxonomy":"post_tag","embeddable":true,"href":"https:\/\/www.europesays.com\/no\/wp-json\/wp\/v2\/tags?post=122258"}],"curies":[{"name":"wp","href":"https:\/\/api.w.org\/{rel}","templated":true}]}}