{"id":122260,"date":"2025-12-26T14:48:38","date_gmt":"2025-12-26T14:48:38","guid":{"rendered":"https:\/\/www.europesays.com\/no\/122260\/"},"modified":"2025-12-26T14:48:38","modified_gmt":"2025-12-26T14:48:38","slug":"glatt-advarer-andre-juledag-blir-romjulens-store-reisedag","status":"publish","type":"post","link":"https:\/\/www.europesays.com\/no\/122260\/","title":{"rendered":"Glatt, Advarer | Andre juledag blir romjulens store reisedag"},"content":{"rendered":"\n<p>Noen reiser hjem eller i juleselskap, mens andre skal p\u00e5 hytta og feire nytt\u00e5r. V\u00e6r og f\u00f8re kan variere mye, melder Statens vegvesen i en pressemelding.<\/p>\n<p>\u2013 Det nordmenn er mest redde for i trafikken denne jula, er glatt f\u00f8re, sier Guro Ranes, avdelingsdirekt\u00f8r for trafikksikkerhet i Statens vegvesen.<\/p>\n<p>    Vil du se neste video?<\/p>\n<p>    <a href=\"https:\/\/www.rb.no\/leter-febrilsk-etter-broren-sin\/v\/5-43-2640639\" class=\"recommend-poster\" data-adp-clicklabel=\"video-recommend\" data-adp-clickvalue=\"poster\" rel=\"nofollow noopener\" target=\"_blank\"><br \/>\n      <img decoding=\"async\" width=\"200\" height=\"200\" loading=\"lazy\" src=\"https:\/\/www.europesays.com\/no\/wp-content\/uploads\/2025\/12\/1766760518_197_v-i-7c5064ef-c8a0-43ba-9dad-517d2c80cd09-1.jpg\" alt=\"\" class=\"brick-c-cFOWSL\" style=\"--brick-image-ratio: 200 \/ 200;\"\/><\/p>\n<p>Leter febrilsk etter broren sin1:23<\/p>\n<p>    <\/a><\/p>\n<p>        Er du en bedre sj\u00e5f\u00f8r enn de du m\u00f8ter p\u00e5 veien? Ja, mener 45 prosent av norske menn.<\/p>\n<p>Hun anbefaler \u00e5 bruke Vegvesen trafikk-appen, som gir sanntidsinformasjon og prognoser for glatt vei og for stengte og kolonnekj\u00f8rte fjelloverganger.<\/p>\n<p>En unders\u00f8kelse gjennomf\u00f8rt for Statens vegvesen f\u00f8r jul viser at det oftest er menn som kj\u00f8rer bilen. 84 prosent av menn, og bare 34 prosent av kvinner, opplyser at de ofte er sj\u00e5f\u00f8r p\u00e5 denne type turer.<\/p>\n<p>\u2013 Bytt jevnlig p\u00e5 \u00e5 kj\u00f8re, s\u00e5 holder du oppmerksomheten p\u00e5 veien, sier Ranes.<\/p>\n<p>\u2013 La gjerne kvinnene ta over rattet. De er sjeldnere involvert i alvorlige ulykker, legger hun til.<\/p>\n<p>Statens vegvesen forventer at hjemfartstrafikken etter julen i \u00e5r vil spre seg over flere dager. F\u00f8rste vanlige arbeidsdag etter nytt\u00e5r faller i \u00e5r p\u00e5 en fredag, og mange ventes derfor \u00e5 ta hjemmekontor eller fri denne dagen.<\/p>\n<p>  <a href=\"https:\/\/www.rb.no\/5-43-2636762\" class=\"related-teaser default-story-teaser article--c-eRUmMG article--c-eRUmMG-jKCPdD-design-default article--c-eRUmMG-kpKLOW-cv\" rel=\"nofollow noopener\" target=\"_blank\"><\/p>\n<p>\n            Les ogs\u00e5<\/p>\n<p>              Oppfordrer selvgode menn: \u2013 La damene kj\u00f8re\n        <\/p>\n<p>  <\/a><\/p>\n","protected":false},"excerpt":{"rendered":"Noen reiser hjem eller i juleselskap, mens andre skal p\u00e5 hytta og feire nytt\u00e5r. V\u00e6r og f\u00f8re kan&hellip;\n","protected":false},"author":2,"featured_media":122261,"comment_status":"","ping_status":"","sticky":false,"template":"","format":"standard","meta":{"footnotes":""},"categories":[10],"tags":[14502,36,20,21,24,25,9149,15,22,23,13,30,28,29,14,16,14501,1510,26,27],"class_list":{"0":"post-122260","1":"post","2":"type-post","3":"status-publish","4":"format-standard","5":"has-post-thumbnail","7":"category-norge","8":"tag-advarer","9":"tag-art","10":"tag-breaking-news","11":"tag-breakingnews","12":"tag-featured-news","13":"tag-featurednews","14":"tag-glatt","15":"tag-headlines","16":"tag-latest-news","17":"tag-latestnews","18":"tag-news","19":"tag-no","20":"tag-norge","21":"tag-norway","22":"tag-nyheter","23":"tag-overskrifter","24":"tag-romjul","25":"tag-story","26":"tag-top-stories","27":"tag-topstories"},"share_on_mastodon":{"url":"https:\/\/pubeurope.com\/@no\/115786423208764812","error":""},"_links":{"self":[{"href":"https:\/\/www.europesays.com\/no\/wp-json\/wp\/v2\/posts\/122260","targetHints":{"allow":["GET"]}}],"collection":[{"href":"https:\/\/www.europesays.com\/no\/wp-json\/wp\/v2\/posts"}],"about":[{"href":"https:\/\/www.europesays.com\/no\/wp-json\/wp\/v2\/types\/post"}],"author":[{"embeddable":true,"href":"https:\/\/www.europesays.com\/no\/wp-json\/wp\/v2\/users\/2"}],"replies":[{"embeddable":true,"href":"https:\/\/www.europesays.com\/no\/wp-json\/wp\/v2\/comments?post=122260"}],"version-history":[{"count":0,"href":"https:\/\/www.europesays.com\/no\/wp-json\/wp\/v2\/posts\/122260\/revisions"}],"wp:featuredmedia":[{"embeddable":true,"href":"https:\/\/www.europesays.com\/no\/wp-json\/wp\/v2\/media\/122261"}],"wp:attachment":[{"href":"https:\/\/www.europesays.com\/no\/wp-json\/wp\/v2\/media?parent=122260"}],"wp:term":[{"taxonomy":"category","embeddable":true,"href":"https:\/\/www.europesays.com\/no\/wp-json\/wp\/v2\/categories?post=122260"},{"taxonomy":"post_tag","embeddable":true,"href":"https:\/\/www.europesays.com\/no\/wp-json\/wp\/v2\/tags?post=122260"}],"curies":[{"name":"wp","href":"https:\/\/api.w.org\/{rel}","templated":true}]}}