{"id":122267,"date":"2025-12-26T14:56:20","date_gmt":"2025-12-26T14:56:20","guid":{"rendered":"https:\/\/www.europesays.com\/no\/122267\/"},"modified":"2025-12-26T14:56:20","modified_gmt":"2025-12-26T14:56:20","slug":"olympiatoppen-frarader-bruk-av-simulert-hoyde-2","status":"publish","type":"post","link":"https:\/\/www.europesays.com\/no\/122267\/","title":{"rendered":"Olympiatoppen frar\u00e5der bruk av simulert h\u00f8yde"},"content":{"rendered":"\n<p class=\"_lead_o9xde_2 _lead_xtcu6_50 layout-component text-serif-m layout-normal text-serif-l layout-component layout-wide layout-padded _wide_17hqh_1 layout-padded\">Det i p\u00e5vente av fakta i saken knyttet til d\u00f8dsfallet til skiskytter Sivert Guttorm Bakken (27).<\/p>\n<p><img alt=\" Foto: H\u00e5kon Mosvold Larsen \/ NTB\" class=\"_image_qp4xg_65 layout-component layout-wide\" data-fullscreen- data-track-element-type=\"Article image fullscreen\" data-track-name=\"ImageFullscreen\" fetchpriority=\"high\" decoding=\"sync\" loading=\"eager\" height=\"3271\" itemprop=\"image\"  src=\"https:\/\/www.europesays.com\/no\/wp-content\/uploads\/2025\/12\/ab202614-ad52-4d0b-b585-1f823684481c\"  style=\"object-position:0% 0%\" width=\"4907\"\/> Foto: H\u00e5kon Mosvold Larsen \/ NTB<\/p>\n<ul aria-hidden=\"true\" class=\"_images_ntbth_112\">\n<li><a class=\"_link_ntbth_117\" href=\"https:\/\/www.vg.no\/forfatter\/jens-friberg\" style=\"z-index:2\" title=\"Jens Friberg\" rel=\"nofollow noopener\" target=\"_blank\"><img alt=\"Bilde av Jens Friberg\" class=\"_image_ntbth_93\" fetchpriority=\"low\" loading=\"lazy\" decoding=\"async\" itemprop=\"image\"  src=\"https:\/\/www.europesays.com\/no\/wp-content\/uploads\/2025\/12\/1766760977_401_d5a4433c-4b68-4c86-a3bf-a19d98457272\"  width=\"480\"\/><\/a><\/li>\n<li><a class=\"_link_ntbth_117\" href=\"https:\/\/www.vg.no\/forfatter\/trond-johannessen-2\" style=\"z-index:1\" title=\"Trond Johannessen\" rel=\"nofollow noopener\" target=\"_blank\"><img alt=\"Bilde av Trond Johannessen\" class=\"_image_ntbth_93\" fetchpriority=\"low\" loading=\"lazy\" decoding=\"async\" itemprop=\"image\"  src=\"https:\/\/www.europesays.com\/no\/wp-content\/uploads\/2025\/12\/1766760978_822_8f20a56c-f95f-4178-993a-7fb0527b9125\"  width=\"480\"\/><\/a><\/li>\n<\/ul>\n<p> Oppdatert fredag 26. desember kl. 13:16     <\/p>\n<p class=\"_paragraph_o9xde_4 _paragraph_xtcu6_10 layout-component text-serif-m layout-normal text-serif-m layout-padded\">Bakken ble funnet d\u00f8d med h\u00f8ydemaske lille julaften.<\/p>\n<p class=\"_paragraph_o9xde_4 _paragraph_xtcu6_10 layout-component text-serif-m layout-normal text-serif-m layout-padded\"><strong class=\"_strong_o9xde_25\">Det er uklart om det er sammenheng mellom masken og d\u00f8dsfallet.<\/strong><\/p>\n<p class=\"_paragraph_o9xde_4 _paragraph_xtcu6_10 layout-component text-serif-m layout-normal text-serif-m layout-padded\">Likevel frar\u00e5der <a href=\"https:\/\/www.vg.no\/tag\/olympiatoppen?utm_source=vg-article&amp;utm_medium=auto-tagger&amp;utm_campaign=7p0By8\" class=\"_link_o9xde_39\" rel=\"nofollow noopener\" target=\"_blank\">Olympiatoppen<\/a> bruk av simulert h\u00f8yde frem til mer fakta foreligger i saken. Det kommer frem i en pressemelding fredag.<\/p>\n<p class=\"_paragraph_o9xde_4 _paragraph_xtcu6_10 layout-component text-serif-m layout-normal text-serif-m layout-padded\">\u2013 Vi ser at det er spekulert veldig mye om bruk av simulert h\u00f8yde. Den faktoren \u00f8nsker vi \u00e5 ta ut videre for andre ut\u00f8vere som skulle \u00f8nske \u00e5 bruke det, sier toppidrettssjef Tore \u00d8vreb\u00f8.<\/p>\n<p><img decoding=\"async\" alt=\"Bilde av Sivert Guttorm Bakken\" class=\"_image_ygndg_42\" height=\"27\" itemprop=\"image\" loading=\"lazy\"  src=\"https:\/\/www.europesays.com\/no\/wp-content\/uploads\/2025\/12\/45a3b42d-82c8-4bb7-a254-1b0c44c7958b\"  width=\"40\"\/><strong class=\"_name_ygndg_51 title-serif-xs\">Sivert Guttorm Bakken<\/strong><\/p>\n<p class=\"_paragraph_o9xde_4 text-sans-m _description_ygndg_56\">Tidligere skiskytter<\/p>\n<p class=\"_paragraph_o9xde_4 _paragraph_xtcu6_10 layout-component text-serif-m layout-normal text-serif-m layout-padded\">Bakken skal obduseres i Italia i romjulen. <\/p>\n<p class=\"_paragraph_o9xde_4 _paragraph_xtcu6_10 layout-component text-serif-m layout-normal text-serif-m layout-padded\">F\u00f8rst etter dette vil man kunne f\u00e5 flere svar om d\u00f8ds\u00e5rsaken. <\/p>\n<p class=\"_paragraph_o9xde_4 _paragraph_xtcu6_10 layout-component text-serif-m layout-normal text-serif-m layout-padded\">Tore \u00d8vreb\u00f8 sier de har ganske god kontroll p\u00e5 hvilke ut\u00f8vere som bruker simulert h\u00f8yde, uten at de har en n\u00f8yaktig oversikt.<\/p>\n<p class=\"_paragraph_o9xde_4 _paragraph_xtcu6_10 layout-component text-serif-m layout-normal text-serif-m layout-padded\">Det er ogs\u00e5 fordi det i noen tilfeller er glidende overganger mellom s\u00e5kalte stipendut\u00f8verestipendut\u00f8vereUt\u00f8vere som er p\u00e5 et h\u00f8yt nok niv\u00e5 til \u00e5 motta stipend fra Olympiatoppen.  og supermosjonister, som \u00d8vreb\u00f8 forklarer det.<\/p>\n<p class=\"_paragraph_o9xde_4 _paragraph_xtcu6_10 layout-component text-serif-m layout-normal text-serif-m layout-padded\">\u2013 Vi har retningslinjer om at de skal r\u00e5df\u00f8re seg med oss. Likevel er det ut\u00f8verne som har ansvaret for om de bruker simulert h\u00f8yde, sier han.<\/p>\n<p class=\"_paragraph_o9xde_4 _paragraph_xtcu6_10 layout-component text-serif-m layout-normal text-serif-m layout-padded\">\u2013 Hva vet dere om utbredelsen av simulert h\u00f8yde i norsk idrett?<\/p>\n<p class=\"_paragraph_o9xde_4 _paragraph_xtcu6_10 layout-component text-serif-m layout-normal text-serif-m layout-padded\">\u2013 Av de vi jobber sammen med, er den ganske liten. Det er noen milj\u00f8er, vet vi, som er interessert i dette og bruker dette i perioder.<\/p>\n<p class=\"_paragraph_o9xde_4 _paragraph_xtcu6_10 layout-component text-serif-m layout-normal text-serif-m layout-padded\">\u2013 Hvilke milj\u00f8er er det snakk om?<\/p>\n<p class=\"_paragraph_o9xde_4 _paragraph_xtcu6_10 layout-component text-serif-m layout-normal text-serif-m layout-padded\">\u2013 Det \u00f8nsker jeg ikke \u00e5 g\u00e5 inn p\u00e5.<\/p>\n<p>Hva er simulert h\u00f8yde?<\/p>\n<p class=\"_paragraph_o9xde_4 _paragraph_xtcu6_10 _paragraph_16v91_10 layout-component text-serif-m layout-normal text-sans-m layout-padded\">Simulert h\u00f8yde vil si \u00e5 kunstig simulere en tilstand av st\u00f8rre h\u00f8yde enn den man befinner seg i.<\/p>\n<p class=\"_paragraph_o9xde_4 _paragraph_xtcu6_10 _paragraph_16v91_10 layout-component text-serif-m layout-normal text-sans-m layout-padded\">Dette vil si at man kunstig oksygenet i luften man puster inn, som regel ved bruk av en generator. P\u00e5 denne m\u00e5ten f\u00e5r man effekt som om man er i h\u00f8yden.<\/p>\n<p class=\"_paragraph_o9xde_4 _paragraph_xtcu6_10 _paragraph_16v91_10 layout-component text-serif-m layout-normal text-sans-m layout-padded\">D\u00e9t igjen vil kunne \u00f8ke antallet r\u00f8de blodceller i kroppen, som kan v\u00e6re prestasjonsfremmende i utholdenhetsidretter.<\/p>\n<p class=\"_paragraph_o9xde_4 _paragraph_xtcu6_10 _paragraph_16v91_10 layout-component text-serif-m layout-normal text-sans-m layout-padded\">En dansk ekspert VG snakket med 1. juledag, sa imidlertid at det var <a href=\"https:\/\/www.vg.no\/sport\/i\/bO5qgd\/slik-fungerer-hoeydemasker-aapenbart-en-risiko\" data-track-element-type=\"Link\" data-track-id=\"link:bO5qgd\" class=\"_link_o9xde_39\" rel=\"nofollow noopener\" target=\"_blank\">f\u00e5 bevis for at simulert h\u00f8yde faktisk ga den effekten<\/a>.<\/p>\n<p>Vis mer<\/p>\n<p class=\"_paragraph_o9xde_4 _paragraph_xtcu6_10 layout-component text-serif-m layout-normal text-serif-m layout-padded\">Forbudet mot bruk av h\u00f8ydehus i norsk idrett ble opphevet i 2021. <\/p>\n<p class=\"_paragraph_o9xde_4 _paragraph_xtcu6_10 layout-component text-serif-m layout-normal text-serif-m layout-padded\">I retningslinjene til Olympiatoppen het det da at all bruk av h\u00f8ydesimulering skulle meldes til Antidoping Norge.<\/p>\n<p class=\"_paragraph_o9xde_4 _paragraph_xtcu6_10 layout-component text-serif-m layout-normal text-serif-m layout-padded\">\u2013 Den ordningen ble fra v\u00e5r side opphevet i 2023, forteller Anders Solheim, leder i Antidoping Norge. \u2013 Dette er uansett noe man m\u00e5 oppgi p\u00e5 dopingkontrollskjemaet, s\u00e5 vi s\u00e5 ikke det som hensiktsmessig for antidopingarbeidet med separat rapportering.<\/p>\n<p><img decoding=\"async\" alt=\"Bilde av Anders Solheim\" class=\"_image_ygndg_42\" height=\"30\" itemprop=\"image\" loading=\"lazy\"  src=\"https:\/\/www.europesays.com\/no\/wp-content\/uploads\/2025\/12\/b893c41e-f7f3-44c3-9759-51cf299ff030\"  width=\"40\"\/><strong class=\"_name_ygndg_51 title-serif-xs\">Anders Solheim<\/strong><\/p>\n<p class=\"_paragraph_o9xde_4 text-sans-m _description_ygndg_56\">Leder Antidoping Norge<\/p>\n<p class=\"_paragraph_o9xde_4 _paragraph_xtcu6_10 layout-component text-serif-m layout-normal text-serif-m layout-padded\"><strong class=\"_strong_o9xde_25\">\u2013 Kan det bli en endring etter denne tragiske hendelsen?<\/strong><\/p>\n<p class=\"_paragraph_o9xde_4 _paragraph_xtcu6_10 layout-component text-serif-m layout-normal text-serif-m layout-padded\">\u2013 Det vil jeg ikke si noe om n\u00e5. Det har ikke v\u00e6rt diskutert. Det er en helt ny situasjon som vi ikke kjenner som har oppst\u00e5tt.<\/p>\n<p class=\"_paragraph_o9xde_4 _paragraph_xtcu6_10 layout-component text-serif-m layout-normal text-serif-m layout-padded\"><strong class=\"_strong_o9xde_25\">\u2013 Hva er Antidoping Norges holdning til h\u00f8ydesimulering?<\/strong><\/p>\n<p class=\"_paragraph_o9xde_4 _paragraph_xtcu6_10 layout-component text-serif-m layout-normal text-serif-m layout-padded\">\u2013 V\u00e5r vurdering er at dette m\u00e5 idretts-Norge selv avgj\u00f8re. Det er viktig at man stiller seg sp\u00f8rsm\u00e5let om hvordan man vil ha det, og idretten selv m\u00e5 ta stilling til sitt etiske grunnlag.<\/p>\n","protected":false},"excerpt":{"rendered":"Det i p\u00e5vente av fakta i saken knyttet til d\u00f8dsfallet til skiskytter Sivert Guttorm Bakken (27). Foto: H\u00e5kon&hellip;\n","protected":false},"author":2,"featured_media":122268,"comment_status":"","ping_status":"","sticky":false,"template":"","format":"standard","meta":{"footnotes":""},"categories":[5],"tags":[20,21,24,25,15,19,22,23,17,18,13,30,28,29,14,2579,16,13042,769,26,27],"class_list":{"0":"post-122267","1":"post","2":"type-post","3":"status-publish","4":"format-standard","5":"has-post-thumbnail","7":"category-overskrifter","8":"tag-breaking-news","9":"tag-breakingnews","10":"tag-featured-news","11":"tag-featurednews","12":"tag-headlines","13":"tag-hovedoppslag","14":"tag-latest-news","15":"tag-latestnews","16":"tag-main-news","17":"tag-mainnews","18":"tag-news","19":"tag-no","20":"tag-norge","21":"tag-norway","22":"tag-nyheter","23":"tag-olympiatoppen","24":"tag-overskrifter","25":"tag-sivert-guttorm-bakken","26":"tag-skiskyting","27":"tag-top-stories","28":"tag-topstories"},"share_on_mastodon":{"url":"https:\/\/pubeurope.com\/@no\/115786454616583848","error":""},"_links":{"self":[{"href":"https:\/\/www.europesays.com\/no\/wp-json\/wp\/v2\/posts\/122267","targetHints":{"allow":["GET"]}}],"collection":[{"href":"https:\/\/www.europesays.com\/no\/wp-json\/wp\/v2\/posts"}],"about":[{"href":"https:\/\/www.europesays.com\/no\/wp-json\/wp\/v2\/types\/post"}],"author":[{"embeddable":true,"href":"https:\/\/www.europesays.com\/no\/wp-json\/wp\/v2\/users\/2"}],"replies":[{"embeddable":true,"href":"https:\/\/www.europesays.com\/no\/wp-json\/wp\/v2\/comments?post=122267"}],"version-history":[{"count":0,"href":"https:\/\/www.europesays.com\/no\/wp-json\/wp\/v2\/posts\/122267\/revisions"}],"wp:featuredmedia":[{"embeddable":true,"href":"https:\/\/www.europesays.com\/no\/wp-json\/wp\/v2\/media\/122268"}],"wp:attachment":[{"href":"https:\/\/www.europesays.com\/no\/wp-json\/wp\/v2\/media?parent=122267"}],"wp:term":[{"taxonomy":"category","embeddable":true,"href":"https:\/\/www.europesays.com\/no\/wp-json\/wp\/v2\/categories?post=122267"},{"taxonomy":"post_tag","embeddable":true,"href":"https:\/\/www.europesays.com\/no\/wp-json\/wp\/v2\/tags?post=122267"}],"curies":[{"name":"wp","href":"https:\/\/api.w.org\/{rel}","templated":true}]}}