{"id":122281,"date":"2025-12-26T15:23:19","date_gmt":"2025-12-26T15:23:19","guid":{"rendered":"https:\/\/www.europesays.com\/no\/122281\/"},"modified":"2025-12-26T15:23:19","modified_gmt":"2025-12-26T15:23:19","slug":"tesla-granskes-pa-nytt-etter-klagestorm","status":"publish","type":"post","link":"https:\/\/www.europesays.com\/no\/122281\/","title":{"rendered":"Tesla granskes p\u00e5 nytt etter klagestorm"},"content":{"rendered":"<p><strong>Amerikanske myndigheter har \u00e5pnet en ny unders\u00f8kelse av Tesla etter klager p\u00e5 d\u00f8rh\u00e5ndtakene i Model 3. <\/strong><\/p>\n<p>Det bekrefter kilder til Bloomberg. Samtidig sliter elbilprodusenten med fallende salg for andre \u00e5r p\u00e5 rad.<\/p>\n<p>Den amerikanske trafikksikkerhetsmyndigheten NHTSA \u00e5pnet en granskning av d\u00f8rh\u00e5ndtakene p\u00e5 Teslas Model 3, if\u00f8lge Bloomberg.<\/p>\n<p>Klagene gjelder n\u00f8d\u00e5pningssystemet p\u00e5 d\u00f8rh\u00e5ndtakene i 2022 Model 3, som ber\u00f8rer rundt 179 000 kj\u00f8ret\u00f8y. N\u00e5r str\u00f8mmen svikter \u2013 for eksempel ved ulykker eller brann \u2013 fungerer ikke de elektroniske d\u00f8rh\u00e5ndtakene. Bilene har manuelle n\u00f8d\u00e5pninger, men disse er if\u00f8lge klagerne skjult, ikke merket og vanskelige \u00e5 finne i en n\u00f8dsituasjon. Spesielt n\u00f8d\u00e5pningen bak er problematisk, da den er gjemt i d\u00f8rlommen under et deksel. Unders\u00f8kelsen ble \u00e5pnet 23. desember etter at en eier rapporterte om \u00e5 ha m\u00e5ttet r\u00f8mme gjennom bakvinduet under en bilbrann fordi n\u00f8d\u00e5pningene ikke var intuitive \u00e5 bruke<\/p>\n<p><strong>Les ogs\u00e5: <a href=\"https:\/\/inyheter.no\/24\/09\/2025\/far-og-to-barn-dode-na-overveier-tesla-endringer\/\" rel=\"nofollow noopener\" target=\"_blank\">Far og to barn d\u00f8de \u2013 n\u00e5 overveier Tesla endringer<\/a><\/strong><\/p>\n<p>Steve Westly, tidligere Tesla-styremedlem og n\u00e5 leder for investeringsselskapet The Westly Group, karakteriserer saken som alvorlig, men understreker at andre bilprodusenter har st\u00e5tt overfor lignende problemer.<\/p>\n<p>\u2013 Dette er ikke en enkel programvareoppdatering. Tesla m\u00e5 virkelig jobbe p\u00e5 h\u00f8ygir for \u00e5 fikse dette, sier <a href=\"https:\/\/youtu.be\/8RpHAtSkqfA\" rel=\"nofollow noopener\" target=\"_blank\">Westly til Bloomberg Tech<\/a>.<\/p>\n<p><strong>Krever re-engineering<\/strong><\/p>\n<p>I motsetning til mange av Teslas tidligere problemer, som har kunnet l\u00f8ses med tr\u00e5dl\u00f8se programvareoppdateringer, vil d\u00f8rh\u00e5ndtak-problematikken kreve fysisk re-engineering av deler.<\/p>\n<p>\u2013 De m\u00e5 g\u00e5 inn og re-designe noen ting. Kostnaden vil trolig ta tid, men det er ikke f\u00f8rste gang det skjer. Det har skjedd med andre bilprodusenter ogs\u00e5, sier Westly.<\/p>\n<p>Han understreker likevel at alle i bilbransjen f\u00f8lger n\u00f8ye med p\u00e5 denne saken, s\u00e6rlig fordi Tesla har hatt andre merkevare-utfordringer det siste \u00e5ret.<\/p>\n<p><strong>Synkende salg og krympende profitt<\/strong><\/p>\n<p>Samtidig som aksjekursen har steget 19 prosent i \u00e5r og markedsverdien har n\u00e5dd astronomiske 1600 milliarder dollar (over 17 000 milliarder kroner), st\u00e5r Tesla overfor betydelige operasjonelle utfordringer.<\/p>\n<p>Selskapet ser ut til \u00e5 oppleve sitt andre \u00e5r p\u00e5 rad med synkende salg og krympende profitt. Salget har v\u00e6rt svakt b\u00e5de i USA og Europa.<\/p>\n<p>\u2013 2026 kommer til \u00e5 bli et avgj\u00f8rende \u00e5r. Aksjekursen er p\u00e5 rekordh\u00f8yder, men Tesla ser sannsynligvis sitt andre \u00e5r p\u00e5 rad med fallende salg og synkende profitt, sier Westly.<\/p>\n<p><strong>Langt bak Waymo i robotaxi-kappl\u00f8pet<\/strong><\/p>\n<p>Tesla fikk nylig godkjenning for \u00e5 kj\u00f8re robotaxi-tjenester uten sj\u00e5f\u00f8r i Austin, Texas. Men Westly advarer om at selskapet ligger langt bak konkurrenten Waymo.<\/p>\n<p>Waymo opererer allerede i seks amerikanske byer \u2013 San Francisco, Los Angeles, Phoenix, Miami, Atlanta og en by til \u2013 og har annonsert planer om \u00e5 utvide til 16 nye byer. Selskapet forventer \u00e5 kj\u00f8re 35 millioner turer i 2026.<\/p>\n<p>Waymo tester ogs\u00e5 internasjonale markeder som London, Tokyo og New York.<\/p>\n<p>\u2013 Waymo har et enormt forsprang. Tesla har mye \u00e5 ta igjen hvis de skal posisjonere seg som et teknologiselskap, sier Westly.<\/p>\n<p><strong>Lyspunkt: Energidivisjonen boomer<\/strong><\/p>\n<p>Et lyspunkt for Tesla er selskapets raskt voksende energidivisjon, som leverer batterisystemer til b\u00e5de privatpersoner (Powerwall) og kraftselskaper (Megapack).<\/p>\n<p>Den globale revolusjonen innen datasentre tvinger kraftleverand\u00f8rer til \u00e5 s\u00f8ke nye energikilder, og Tesla fyller dette behovet.<\/p>\n<p>\u2013 Deres energidivisjon vil vokse fra 10 milliarder dollar i 2024 til rundt 14 milliarder i \u00e5r. De kan levere 40 prosent vekst \u00e5r over \u00e5r. Det kommer til \u00e5 hjelpe, sier Westly.<\/p>\n<p>If\u00f8lge den tidligere styremedlemmet vil energidivisjonen bli stadig viktigere for Tesla fremover, ettersom alle teknologiselskaper i dag ogs\u00e5 er energiselskaper.<\/p>\n<p>    \ud83d\udcca FAKTABOKS: Teslas utfordringer 2023-2025<\/p>\n<p>    \ud83d\ude97 Tilbakekallinger og sikkerhetsproblemer<\/p>\n<p><strong>2025 (hittil):<\/strong><\/p>\n<ul>\n<li><strong>Servostyring sviktet:<\/strong> Ca. 46 000 Model 3 og Model Y (2023-modeller) mistet servostyring p\u00e5 grunn av programvarefeil. Fikset via tr\u00e5dl\u00f8s oppdatering.<\/li>\n<li><strong>Ryggekamera:<\/strong> Kamerasystemet kan svikte p\u00e5 grunn av kortslutning i kretskort. Ber\u00f8rer 2024-2025 Model 3\/S og 2023-2025 Model X\/Y. Krever programvareoppdatering eller utskifting av datamaskin.<\/li>\n<li><strong>Cybertruck-deler l\u00f8sner:<\/strong> To separate tilbakekallinger der trim og lysramper l\u00f8sner og skaper farlige situasjoner p\u00e5 veien (totalt over 52 000 kj\u00f8ret\u00f8y).<\/li>\n<\/ul>\n<p><strong>2024:<\/strong><\/p>\n<ul>\n<li><strong>Skriftst\u00f8rrelse p\u00e5 varsellys:<\/strong> Ca. 2,19 millioner kj\u00f8ret\u00f8y (2012-2024 modeller inkludert Cybertruck) hadde feil skriftst\u00f8rrelse p\u00e5 viktige varsellys for brems, parkering og ABS. L\u00f8st via tr\u00e5dl\u00f8s oppdatering.<\/li>\n<li><strong>Kollisjonsputer:<\/strong> Kollisjonsputer i 2024-2025 Model S\/X kunne revne ved utl\u00f8sning, i strid med sikkerhetsstandarder.<\/li>\n<li><strong>Dekktrykkoverv\u00e5king:<\/strong> Systemet for dekktrykkoverv\u00e5king i 2024 Cybertruck og 2017-2025 Model 3\/Y viste ikke varsel korrekt.<\/li>\n<\/ul>\n<p><strong>2023:<\/strong><\/p>\n<ul>\n<li><strong>D\u00f8rer \u00e5pnes ved kollisjon:<\/strong> 2021-2023 Model S\/X kunne f\u00e5 d\u00f8rene ul\u00e5st under kollisjon, i strid med sikkerhetsstandarder.<\/li>\n<li><strong>Bremsev\u00e6skevarsel:<\/strong> Manglende advarsel om lavt bremsev\u00e6ske i 2021-2023 Model X (ca. 159 kj\u00f8ret\u00f8y).<\/li>\n<li><strong>Full Self-Driving (FSD):<\/strong> Programvaren i \u00abbeta\u00bb-modus \u00f8kte kollisjonsrisiko i 2016-2023 modeller.<\/li>\n<li><strong>Feilaktig n\u00f8dbremsing:<\/strong> Automatisk n\u00f8dbremsing kunne utl\u00f8ses feilaktig i 2017-2021 modeller.<\/li>\n<\/ul>\n<p style=\"margin-top: 15px;\"><strong>Omfang:<\/strong> De st\u00f8rste tilbakekallelsene har ber\u00f8rt over 2 millioner kj\u00f8ret\u00f8y. Mesteparten er l\u00f8st via tr\u00e5dl\u00f8se programvareoppdateringer, men enkelte har krevd fysiske reparasjoner.<\/p>\n<p>    \ud83d\udcc9 Salgstall Europa 2023-2025<\/p>\n<p><strong>2023:<\/strong><\/p>\n<ul>\n<li>Solgte ca. 350 000 kj\u00f8ret\u00f8y i Europa<\/li>\n<li>Model Y var den mest solgte elbilen i flere land<\/li>\n<li>Markedsandel: 2,26% (vekst fra 2022)<\/li>\n<\/ul>\n<p><strong>2024 \u2013 kraftig tilbakegang:<\/strong><\/p>\n<ul>\n<li><strong>Tyskland:<\/strong> -59,5% (\u00e5r-over-\u00e5r)<\/li>\n<li><strong>Frankrike:<\/strong> -63%<\/li>\n<li><strong>Spania:<\/strong> -75%<\/li>\n<li><strong>Storbritannia:<\/strong> -18%<\/li>\n<li><strong>Norge:<\/strong> -40%<\/li>\n<li>F\u00f8rste \u00e5rlige salgsnedgang p\u00e5 over et ti\u00e5r globalt<\/li>\n<\/ul>\n<p><strong>2025 (januar-november):<\/strong><\/p>\n<ul>\n<li><strong>November EU-registreringer:<\/strong> 12 130 enheter (-34% fra november 2024)<\/li>\n<li><strong>Europa totalt (EU + EFTA + UK):<\/strong> 22 801 enheter (-11,8%)<\/li>\n<li><strong>Markedsandel november 2025:<\/strong>\n<ul>\n<li>EU: 1,4% (ned fra 2,1% i november 2024)<\/li>\n<li>Europa totalt: 2,1% (ned fra 2,5%)<\/li>\n<\/ul>\n<\/li>\n<li><strong>Q1 2025 globale leveranser:<\/strong> 336 681 kj\u00f8ret\u00f8y (-13% \u00e5r-over-\u00e5r)<\/li>\n<\/ul>\n<p><strong>Konkurrentenes vekst (november 2025 EU):<\/strong><\/p>\n<ul>\n<li><strong>BYD:<\/strong> 2,0% markedsandel (+221% vekst, opp fra 0,6%)<\/li>\n<li><strong>SAIC:<\/strong> 2,2% markedsandel (+20% vekst, opp fra 1,9%)<\/li>\n<\/ul>\n<p>    \ud83d\udd0d \u00c5rsaker til nedgangen:<\/p>\n<ul>\n<li>Sterk konkurranse fra kinesiske elbilprodusenter (BYD, SAIC, MG) med lavere priser<\/li>\n<li>Endringer i subsidier for elbiler i flere europeiske land<\/li>\n<li>Generell markedsvekst for elbiler i Europa (+44% for battery-elektriske kj\u00f8ret\u00f8y i EU november 2025), men Tesla klarer ikke \u00e5 f\u00f8lge med<\/li>\n<li>Merkevare-utfordringer og omd\u00f8mmeproblematikk<\/li>\n<\/ul>\n<p><strong>Kilder:<\/strong><\/p>\n<p style=\"line-height: 1.6; margin: 5px 0;\">\n            <strong>Tilbakekallinger:<\/strong> National Highway Traffic Safety Administration (NHTSA) via Carfax.com, Consumer Reports, Forbes Wheels, Reuters, Top Class Actions (2023-2025).<br \/><strong>Salgstall Europa:<\/strong> European Automobile Manufacturers\u2019 Association (ACEA), Automotive News Europe, InsideEVs, Reuters, Forbes, CleanTechnica (2023-2025).<br \/>Data hentet: 26. desember 2025\n        <\/p>\n","protected":false},"excerpt":{"rendered":"Amerikanske myndigheter har \u00e5pnet en ny unders\u00f8kelse av Tesla etter klager p\u00e5 d\u00f8rh\u00e5ndtakene i Model 3. Det bekrefter&hellip;\n","protected":false},"author":2,"featured_media":122282,"comment_status":"","ping_status":"","sticky":false,"template":"","format":"standard","meta":{"footnotes":""},"categories":[56],"tags":[60,61,267,62,30,28,29,272],"class_list":{"0":"post-122281","1":"post","2":"type-post","3":"status-publish","4":"format-standard","5":"has-post-thumbnail","7":"category-naeringsliv","8":"tag-business","9":"tag-economy","10":"tag-elbil","11":"tag-naeringsliv","12":"tag-no","13":"tag-norge","14":"tag-norway","15":"tag-tesla"},"share_on_mastodon":{"url":"https:\/\/pubeurope.com\/@no\/115786560690109895","error":""},"_links":{"self":[{"href":"https:\/\/www.europesays.com\/no\/wp-json\/wp\/v2\/posts\/122281","targetHints":{"allow":["GET"]}}],"collection":[{"href":"https:\/\/www.europesays.com\/no\/wp-json\/wp\/v2\/posts"}],"about":[{"href":"https:\/\/www.europesays.com\/no\/wp-json\/wp\/v2\/types\/post"}],"author":[{"embeddable":true,"href":"https:\/\/www.europesays.com\/no\/wp-json\/wp\/v2\/users\/2"}],"replies":[{"embeddable":true,"href":"https:\/\/www.europesays.com\/no\/wp-json\/wp\/v2\/comments?post=122281"}],"version-history":[{"count":0,"href":"https:\/\/www.europesays.com\/no\/wp-json\/wp\/v2\/posts\/122281\/revisions"}],"wp:featuredmedia":[{"embeddable":true,"href":"https:\/\/www.europesays.com\/no\/wp-json\/wp\/v2\/media\/122282"}],"wp:attachment":[{"href":"https:\/\/www.europesays.com\/no\/wp-json\/wp\/v2\/media?parent=122281"}],"wp:term":[{"taxonomy":"category","embeddable":true,"href":"https:\/\/www.europesays.com\/no\/wp-json\/wp\/v2\/categories?post=122281"},{"taxonomy":"post_tag","embeddable":true,"href":"https:\/\/www.europesays.com\/no\/wp-json\/wp\/v2\/tags?post=122281"}],"curies":[{"name":"wp","href":"https:\/\/api.w.org\/{rel}","templated":true}]}}