{"id":122304,"date":"2025-12-26T16:00:24","date_gmt":"2025-12-26T16:00:24","guid":{"rendered":"https:\/\/www.europesays.com\/no\/122304\/"},"modified":"2025-12-26T16:00:24","modified_gmt":"2025-12-26T16:00:24","slug":"trafikk-loten-farevarsel-samtidig-som-vegvesenet-forventer-okt-trafikk","status":"publish","type":"post","link":"https:\/\/www.europesays.com\/no\/122304\/","title":{"rendered":"Trafikk, L\u00f8ten | Farevarsel samtidig som vegvesenet forventer \u00f8kt trafikk"},"content":{"rendered":"\n<p>Statens vegvesen venter at dagen i dag blir den store reisedagen.\u00a0<\/p>\n<p>Dette fordi folk skal hjem fra julefeiring, samtidig som folk reiser p\u00e5 langhelg i forbindelse med nytt\u00e5rsfeiring.\u00a0<\/p>\n<p>Skal du reise i morgen (l\u00f8rdag), kan et farevarsel skape problemer.\u00a0<\/p>\n<p>Les mer om det lengre ned i saken.\u00a0<\/p>\n<p>Jul og nytt\u00e5r<\/p>\n<p>\u2013 Noen reiser hjem eller i juleselskap, mens andre skal p\u00e5 hytta og feire nytt\u00e5r. Det kan bli en del trafikk p\u00e5 vegene i dag og i de kommende dagene, skriver vegvesenet.\u00a0<\/p>\n<p><b>Se hvordan det ser ut p\u00e5 vegene du skal reise p\u00e5, nederst i saken.<\/b><\/p>\n<p>V\u00e6ret legger som alltid f\u00f8ringer, og if\u00f8lge vegvesenet er det glatte veger som reisende er mest redd for.\u00a0<\/p>\n<p>\u2212 Det nordmenn er mest redde for i trafikken denne jula, er glatt f\u00f8re, sier Guro Ranes, avdelingsdirekt\u00f8r for trafikksikkerhet i Statens vegvesen.<\/p>\n<p>De har gjennomf\u00f8rt en unders\u00f8kelse, der f\u00f8ret troner \u00f8verst.\u00a0<\/p>\n<p>\u2212 Det viktigste er \u00e5 komme trygt fram. \u2212 Kj\u00f8r mykt og hold avstand til bilen foran. God planlegging f\u00f8r du reiser \u00f8ker sjansene for en trygg og god romjulstur, sier hun.<\/p>\n<p>Farevarsel<\/p>\n<p>Fredag har Meteorologisk institutt ogs\u00e5 sendt ut farevarsel for sterk vind i morgen.\u00a0<\/p>\n<p>   <img decoding=\"async\" width=\"1200\" height=\"675\" fetchpriority=\"low\"  loading=\"lazy\"  src=\"https:\/\/www.europesays.com\/no\/wp-content\/uploads\/2025\/12\/eafe45f0-dfa9-4750-a015-3270e8668b54.png\" alt=\"\" class=\"brick-c-cFOWSL\" style=\"--brick-image-ratio: 1200 \/ 675;\"\/><\/p>\n<p>      Et stort omr\u00e5de av \u00d8stlandet vil bli ber\u00f8rt av sterkt vind.<br \/>\n      Foto: Skjermdump\/Meteorologisk Institutt\n    <\/p>\n<p>Farevarselet gjelder for alle kommunene i Innlandet, og skal begynne natt til l\u00f8rdag.<\/p>\n<p>\u2013 Det ventes lokalt kraftige vindkast p\u00e5 rundt 20 m\/s fra nordvest i lavlandet. I fjellet er det fare for sn\u00f8fokk p\u00e5 grunn av kraftig vind i kombinasjon med sn\u00f8byger, st\u00e5r det i varselet.\u00a0<\/p>\n<p>L\u00f8rdag formiddag vil vinden v\u00e6re p\u00e5 det kraftigste, der det for eksempel er meldt opp mot 14 meter i sekundet vind i Elverum, og helt opp til 24 meter i sekundet i Trysil og over 20 meter i sekundet p\u00e5 Tynset.\u00a0<\/p>\n<p>Det m\u00e5 ventes at vinden kan p\u00e5virke veger og trafikken, samt str\u00f8mforsyninger da tr\u00e6r kan bl\u00e5se over linjer.\u00a0<\/p>\n<p>\u2013 Enkelte veier kan bli stengt p\u00e5 grunn av tr\u00e6r eller andre objekter i veibanen. Enkelte reiser vil kunne f\u00e5 lengre reisetid.<\/p>\n<p>Str\u00f8mselskapet Elvia sier at de har trappet opp beredskapen.<\/p>\n<p>\u2013 Vi f\u00f8lger situasjonen n\u00f8ye og \u00f8ker bemanningen ute i felt og inne p\u00e5 driftssentralen. N\u00e5r det er meldt kraftig vind, er vi ekstra forberedt p\u00e5 trefall over linjer og str\u00f8mbrudd, sier Erik Jansen, direkt\u00f8r for nettdrift i Elvia.\u00a0<\/p>\n<p>Bytt sj\u00e5f\u00f8r<\/p>\n<p>Ved krevende f\u00f8re og p\u00e5 lange strekninger kan det v\u00e6re lurt \u00e5 bytte sj\u00e5f\u00f8r underveis.<\/p>\n<p>\u2013 Bytt jevnlig p\u00e5 \u00e5 kj\u00f8re, s\u00e5 holder du oppmerksomheten p\u00e5 vegen. \u00c5 kj\u00f8re er det eneste du skal gj\u00f8re, sier Ranes, f\u00f8r hun legger til:<\/p>\n<p> \u2013 La gjerne kvinnene ta over rattet. De er sjeldnere involvert i alvorlige ulykker.<\/p>\n<p>Vegvesenet anbefaler ogs\u00e5 \u00e5 f\u00f8lge med p\u00e5 kartfunksjonen \u00abF\u00f8reforhold\u00bb p\u00e5 nettsidene deres.\u00a0<\/p>\n<p>\u2013 Prognoser for glatt veg f\u00e5r du for de neste 22 timene i webversjonen, og for den neste hele timen i appen.\u00a0<\/p>\n<p>Prognosen er basert p\u00e5 v\u00e6rmeldingen, og ikke faktiske forhold p\u00e5 vegen man skal kj\u00f8re p\u00e5.\u00a0<\/p>\n<p>            Slik ser det ut p\u00e5 vegene n\u00e5<\/p>\n<p><b>Dette er de mest trafikerte vegene i v\u00e5rt distrikt:<\/b><\/p>\n<p><b>Riksveg 3\/25 Ebru:<\/b><\/p>\n<p><b>Riksveg 25 Midskogberget:<\/b><\/p>\n<p><b>Riksveg 2 Haslemosletta:<\/b><\/p>\n<p><b>Riksveg 3 Rena:<\/b><\/p>\n<p><b>Riksveg 3 Kvikneskogen:<\/b><\/p>\n<p><b>Riksveg 3 Berger\u00f8nningen:<\/b><\/p>\n<p><b>Riksveg 3 \u00d8stlund:<\/b><\/p>\n<p><b>Riksveg 3 Koppang:<\/b><\/p>\n<p><b>Riksveg 3 Evenstad: <\/b><\/p>\n<p><b>Fylkesveg 30 Nordre Osen:<\/b><\/p>\n<p><b>E6 Espa:<\/b><\/p>\n<p><b>Fylkesveg 24 Storsj\u00f8en:<\/b><\/p>\n<p><b>Fylkesveg 24 Rasan:<\/b><\/p>\n<p><b>E6 Kolomoen:<\/b><\/p>\n<p><b>Fylkesveg 26 Skarven:<\/b><\/p>\n<p><b>Fylkesveg 2168 Flermoberget:<\/b><\/p>\n<p><b>Riksveg 3 Stabekken:<\/b><\/p>\n<p><b>E6 Vien: <\/b><\/p>\n<p><b>E6 Andeelva:<\/b><\/p>\n<p><b>E6 Minnesund:<\/b><\/p>\n","protected":false},"excerpt":{"rendered":"Statens vegvesen venter at dagen i dag blir den store reisedagen.\u00a0 Dette fordi folk skal hjem fra julefeiring,&hellip;\n","protected":false},"author":2,"featured_media":122305,"comment_status":"","ping_status":"","sticky":false,"template":"","format":"standard","meta":{"footnotes":""},"categories":[10],"tags":[4178,7554,36,20,21,1070,24,25,15,22,23,1272,13,30,1745,28,29,14,16,2256,14504,14505,6546,7555,1510,26,27,224,2040,4177],"class_list":{"0":"post-122304","1":"post","2":"type-post","3":"status-publish","4":"format-standard","5":"has-post-thumbnail","7":"category-norge","8":"tag-alvdal","9":"tag-amot","10":"tag-art","11":"tag-breaking-news","12":"tag-breakingnews","13":"tag-elverum","14":"tag-featured-news","15":"tag-featurednews","16":"tag-headlines","17":"tag-latest-news","18":"tag-latestnews","19":"tag-loten","20":"tag-news","21":"tag-no","22":"tag-nord-osterdal","23":"tag-norge","24":"tag-norway","25":"tag-nyheter","26":"tag-overskrifter","27":"tag-rendalen","28":"tag-riksveg-2","29":"tag-riksveg-25","30":"tag-riksveg-3","31":"tag-stor-elvdal","32":"tag-story","33":"tag-top-stories","34":"tag-topstories","35":"tag-trafikk","36":"tag-trysil","37":"tag-tynset"},"share_on_mastodon":{"url":"https:\/\/pubeurope.com\/@no\/115786706085964320","error":""},"_links":{"self":[{"href":"https:\/\/www.europesays.com\/no\/wp-json\/wp\/v2\/posts\/122304","targetHints":{"allow":["GET"]}}],"collection":[{"href":"https:\/\/www.europesays.com\/no\/wp-json\/wp\/v2\/posts"}],"about":[{"href":"https:\/\/www.europesays.com\/no\/wp-json\/wp\/v2\/types\/post"}],"author":[{"embeddable":true,"href":"https:\/\/www.europesays.com\/no\/wp-json\/wp\/v2\/users\/2"}],"replies":[{"embeddable":true,"href":"https:\/\/www.europesays.com\/no\/wp-json\/wp\/v2\/comments?post=122304"}],"version-history":[{"count":0,"href":"https:\/\/www.europesays.com\/no\/wp-json\/wp\/v2\/posts\/122304\/revisions"}],"wp:featuredmedia":[{"embeddable":true,"href":"https:\/\/www.europesays.com\/no\/wp-json\/wp\/v2\/media\/122305"}],"wp:attachment":[{"href":"https:\/\/www.europesays.com\/no\/wp-json\/wp\/v2\/media?parent=122304"}],"wp:term":[{"taxonomy":"category","embeddable":true,"href":"https:\/\/www.europesays.com\/no\/wp-json\/wp\/v2\/categories?post=122304"},{"taxonomy":"post_tag","embeddable":true,"href":"https:\/\/www.europesays.com\/no\/wp-json\/wp\/v2\/tags?post=122304"}],"curies":[{"name":"wp","href":"https:\/\/api.w.org\/{rel}","templated":true}]}}