{"id":122316,"date":"2025-12-26T16:10:13","date_gmt":"2025-12-26T16:10:13","guid":{"rendered":"https:\/\/www.europesays.com\/no\/122316\/"},"modified":"2025-12-26T16:10:13","modified_gmt":"2025-12-26T16:10:13","slug":"jakob-oftebro-om-manneblad-rollen-i-flukten-fra-bolivia-cheesy","status":"publish","type":"post","link":"https:\/\/www.europesays.com\/no\/122316\/","title":{"rendered":"Jakob Oftebro om manneblad-rollen i \u00abFlukten fra Bolivia\u00bb: \u2013 Cheesy"},"content":{"rendered":"\n<p class=\"_lead_o9xde_2 _lead_xtcu6_50 layout-component text-serif-m layout-normal text-serif-l layout-component layout-wide layout-padded _wide_17hqh_1 layout-padded\">Jakob Oftebro (39) tr\u00e5dte varsomt da han skulle portrettere den ekte herrebladjournalisten. \u2013 M\u00e5 pr\u00f8ve \u00e5 ta i det litt med silkehansker.<\/p>\n<p><img alt=\"FORN\u00d8YD: Jakob Oftebro er spent p\u00e5 mottagelsen av \u00abFlukten fra Bolivia\u00bb og sier seg forn\u00f8yd med sluttresultatet selv. Her i samtale med VGs journalist under pressedag for serien.  Foto: Benjamin Brekken \/ VG\" class=\"_image_qp4xg_65 layout-component layout-wide\" data-fullscreen- data-track-element-type=\"Article image fullscreen\" data-track-name=\"ImageFullscreen\" fetchpriority=\"high\" decoding=\"sync\" loading=\"eager\" height=\"908\" itemprop=\"image\"  src=\"https:\/\/www.europesays.com\/no\/wp-content\/uploads\/2025\/12\/3866f336-8796-4d6f-81fe-ad9e5f53e6c5\"  style=\"object-position:0% 0%\" width=\"969\"\/>FORN\u00d8YD: Jakob Oftebro er spent p\u00e5 mottagelsen av \u00abFlukten fra Bolivia\u00bb og sier seg forn\u00f8yd med sluttresultatet selv. Her i samtale med VGs journalist under pressedag for serien.  Foto: Benjamin Brekken \/ VG<\/p>\n<ul aria-hidden=\"true\" class=\"_images_ntbth_112\">\n<li><a class=\"_link_ntbth_117\" href=\"https:\/\/www.vg.no\/forfatter\/thor-benjamin-brekken\" style=\"z-index:1\" title=\"Benjamin Brekken\" rel=\"nofollow noopener\" target=\"_blank\"><img alt=\"Bilde av Benjamin Brekken\" class=\"_image_ntbth_93\" fetchpriority=\"low\" loading=\"lazy\" decoding=\"async\" itemprop=\"image\"  src=\"https:\/\/www.europesays.com\/no\/wp-content\/uploads\/2025\/12\/1766765411_395_a7e2b135-ec04-4aac-b1df-254547b32ff3\"  width=\"480\"\/><\/a><\/li>\n<\/ul>\n<p> Oppdatert fredag 26. desember kl. 17:03    <\/p>\n<ul class=\"_list_o9xde_3 _list_64s2r_85 _unordered_o9xde_106 text-sans-m\">\n<li class=\"_item_o9xde_30\">Jakob Oftebro spiller herremagasinjournalisten Joakim i TV 2-serien \u00abFlukten fra Bolivia\u00bb.<\/li>\n<li class=\"_item_o9xde_30\">Serien er basert p\u00e5 en sann historie om tre norske kvinner som ble tatt med kokain i Bolivia i 2008.<\/li>\n<li class=\"_item_o9xde_30\">Oftebro understreker at rollen krever respekt for den ekte personen, og anerkjenner ansvaret ved \u00e5 skildre en profilert krimsak.<\/li>\n<li class=\"_item_o9xde_30\">Premieren er 25. desember, med alle episodene tilgjengelig p\u00e5 TV 2 Play.<\/li>\n<\/ul>\n<p>Vis mer <\/p>\n<p class=\"_paragraph_o9xde_4 _paragraph_xtcu6_10 layout-component text-serif-m layout-normal text-serif-m layout-padded\">\u2013 <a href=\"https:\/\/www.vg.no\/tag\/jakob-oftebro?utm_source=vg-article&amp;utm_medium=auto-tagger&amp;utm_campaign=43ddbV\" class=\"_link_o9xde_39\" rel=\"nofollow noopener\" target=\"_blank\">Jakob Oftebro<\/a>, hva er det du identifiserer deg med hos en mannebladgr\u00fcnder?<\/p>\n<p class=\"_paragraph_o9xde_4 _paragraph_xtcu6_10 layout-component text-serif-m layout-normal text-serif-m layout-padded\">VG tar tyren ved hornene i m\u00f8te med den prisvinnende skuespilleren. Han trekker p\u00e5 smileb\u00e5ndet f\u00f8r han svarer. <\/p>\n<p class=\"_paragraph_o9xde_4 _paragraph_xtcu6_10 layout-component text-serif-m layout-normal text-serif-m layout-padded\">\u2013 Akkurat \u00e5 spille en av de gutta der synes jeg var veldig kult. Jeg vet godt hvem de er, og kjenner dem personlig. Det er unektelig veldig morsomt \u00e5 v\u00e6re en mannebladgr\u00fcnder, sier 39-\u00e5ringen.<\/p>\n<p><img alt=\"SERIEAKTUELL. Jakob Oftebro i rollen som herreblad-journalisten Joakim i \u00abFlukten fra Bolivia\u00bb.   Foto: Charlie Sperring\" class=\"_image_qp4xg_65 layout-component layout-normal\" data-fullscreen- data-track-element-type=\"Article image fullscreen\" data-track-name=\"ImageFullscreen\" decoding=\"async\" loading=\"lazy\" height=\"4192\" itemprop=\"image\"  src=\"https:\/\/www.europesays.com\/no\/wp-content\/uploads\/2025\/12\/7f3efa7c-5018-4bc5-bbde-2482bf290c2f\"  style=\"object-position:0% 0%\" width=\"6707\"\/>SERIEAKTUELL. Jakob Oftebro i rollen som herreblad-journalisten Joakim i \u00abFlukten fra Bolivia\u00bb.   Foto: Charlie Sperring<\/p>\n<p class=\"_paragraph_o9xde_4 _paragraph_xtcu6_10 layout-component text-serif-m layout-normal text-serif-m layout-padded\">Oftebro er aktuell som herremagasinjournalisten Joakim i TV 2-serien \u00abFlukten fra Bolivia\u00bb, som er inspirert av den sanne historien om tre norske kvinner som i mai 2008 ble tatt med 22,4\u202fkg kokain i Bolivia; to ble d\u00f8mt til fengsel i landet, mens den tredje r\u00f8mte til Norge. <\/p>\n<p class=\"_paragraph_o9xde_4 _paragraph_xtcu6_10 layout-component text-serif-m layout-normal text-serif-m layout-padded\">Oftebros karakter og det n\u00e5 nedlagte mannebladet Alfa <a href=\"https:\/\/www.vg.no\/nyheter\/i\/dynMA\/brendemo-hagen-naa-trenger-jeg-tid-med-soennen-min\" data-track-element-type=\"Link\" data-track-id=\"link:dynMA\" class=\"_link_o9xde_39\" rel=\"nofollow noopener\" target=\"_blank\">spilte en rolle under flukten<\/a>. <\/p>\n<p>   \u2013 Cheesy<\/p>\n<p class=\"_paragraph_o9xde_4 _paragraph_xtcu6_10 layout-component text-serif-m layout-normal text-serif-m layout-padded\">\u2013 Jeg vil ikke at den ekte personen skal synes at jeg portretterer ham d\u00e5rlig. Det er jo deler av det som blir gjort som man f\u00e5r veldig respekt for, understreker Oftebro.<\/p>\n<p class=\"_paragraph_o9xde_4 _paragraph_xtcu6_10 layout-component text-serif-m layout-normal text-serif-m layout-padded\">Han husker godt tiden da Alfa kom, og beskriver magasinet som \u00abcheesy p\u00e5 sin egen m\u00e5te\u00bb. <\/p>\n<p class=\"_paragraph_o9xde_4 _paragraph_xtcu6_10 layout-component text-serif-m layout-normal text-serif-m layout-padded\">\u2013 Den blandingen av \u00abdenne jenta liker vi denne uken\u00bb og et portrett fra Afghanistan &#8230; Det var noe for seg selv. Men samtidig var de helt \u00e6rlige p\u00e5 hva de drev med. De pr\u00f8vde ikke \u00e5 pakke det inn som noe annet. De ville jo f\u00e5 gutter interessert i litt dypere stoff, men ville ogs\u00e5 selge blader.<\/p>\n<p><img alt=\"ALVORSTUNG: Jakob Oftebros Joakim tar en alvorlig telefonsamtale bak rattet. Vi f\u00e5r h\u00e5pe politiet ikke s\u00e5 ham, for hans skyld.   Foto: Charlie Sperring\" class=\"_image_qp4xg_65 layout-component layout-normal\" data-fullscreen- data-track-element-type=\"Article image fullscreen\" data-track-name=\"ImageFullscreen\" decoding=\"async\" loading=\"lazy\" height=\"3673\" itemprop=\"image\"  src=\"https:\/\/www.europesays.com\/no\/wp-content\/uploads\/2025\/12\/c219a6de-67e5-4ef1-82ec-a6e099e4bb58\"  style=\"object-position:0% 0%\" width=\"5877\"\/>ALVORSTUNG: Jakob Oftebros Joakim tar en alvorlig telefonsamtale bak rattet. Vi f\u00e5r h\u00e5pe politiet ikke s\u00e5 ham, for hans skyld.   Foto: Charlie Sperring\u2013 Stort ansvar<\/p>\n<p class=\"_paragraph_o9xde_4 _paragraph_xtcu6_10 layout-component text-serif-m layout-normal text-serif-m layout-padded\">P\u00e5 sp\u00f8rsm\u00e5l om Oftebro selv har v\u00e6rt intervjuet i bladet, svarer han at han ikke husker helt.<\/p>\n<p class=\"_paragraph_o9xde_4 _paragraph_xtcu6_10 layout-component text-serif-m layout-normal text-serif-m layout-padded\">\u2013 Det kan godt hende de var til stede p\u00e5 noen pressegreier som dette. Men \u00e5 dykke ned i den tiden igjen var veldig moro. Og jeg husker jo Bolivia-saken veldig godt, sier 39-\u00e5ringen. <\/p>\n<p class=\"_paragraph_o9xde_4 _paragraph_xtcu6_10 layout-component text-serif-m layout-normal text-serif-m layout-padded\">\u2013 I hvilken grad f\u00f8ler man p\u00e5 et ekstra ansvar som skuespiller n\u00e5r man formidler en historie som er basert p\u00e5 en profilert krimsak som faktisk har skjedd? <\/p>\n<p class=\"_paragraph_o9xde_4 _paragraph_xtcu6_10 layout-component text-serif-m layout-normal text-serif-m layout-padded\">Oftebro trekker pusten og skifter uttrykk til en mer alvorlig mine.<\/p>\n<p class=\"_paragraph_o9xde_4 _paragraph_xtcu6_10 layout-component text-serif-m layout-normal text-serif-m layout-padded\">\u2013 Veldig stort ansvar, sl\u00e5r han fast. <\/p>\n<p><img alt=\"MAGASINGUTTA: Jakob Oftebro og Emil Gukild i rollene som herreblad-journalister i \u00abFlukten fra Bolivia\u00bb.  Foto: Lillian Julsvik\" class=\"_image_qp4xg_65 layout-component layout-normal\" data-fullscreen- data-track-element-type=\"Article image fullscreen\" data-track-name=\"ImageFullscreen\" decoding=\"async\" loading=\"lazy\" height=\"3508\" itemprop=\"image\"  src=\"https:\/\/www.europesays.com\/no\/wp-content\/uploads\/2025\/12\/cde9648e-e34e-4c12-a87d-1949cd5e4d42\"  style=\"object-position:0% 0%\" width=\"4961\"\/>MAGASINGUTTA: Jakob Oftebro og Emil Gukild i rollene som herreblad-journalister i \u00abFlukten fra Bolivia\u00bb.  Foto: Lillian Julsvik<\/p>\n<p class=\"_paragraph_o9xde_4 _paragraph_xtcu6_10 layout-component text-serif-m layout-normal text-serif-m layout-padded\">\u2013 Det er jo en karakter som veldig mange har et forhold til, s\u00e5 man m\u00e5 pr\u00f8ve \u00e5 ta i det litt med silkehansker. Samtidig m\u00e5 man huske at det er en dramaserie, og at ikke alt i serien har skjedd. <\/p>\n<p class=\"_paragraph_o9xde_4 _paragraph_xtcu6_10 layout-component text-serif-m layout-normal text-serif-m layout-padded\"><strong class=\"_strong_o9xde_25\">VG har tidligere v\u00e6rt p\u00e5 bes\u00f8k hos Madelaine Rodriguez i Bolivia:<\/strong><\/p>\n<p>   \u2013 En god del fiksjon<\/p>\n<p class=\"_paragraph_o9xde_4 _paragraph_xtcu6_10 layout-component text-serif-m layout-normal text-serif-m layout-padded\">B\u00e5de Oftebro og serieskaper Emilie Beck understreker at ikke alle dialoger og alle hendelser n\u00f8dvendigvis er hundre prosent slik det skjedde.<\/p>\n<p class=\"_paragraph_o9xde_4 _paragraph_xtcu6_10 layout-component text-serif-m layout-normal text-serif-m layout-padded\">\u2013 En god del er fiksjon, sier Oftebro. <\/p>\n<p class=\"_paragraph_o9xde_4 _paragraph_xtcu6_10 layout-component text-serif-m layout-normal text-serif-m layout-padded\">\u2013 Det er s\u00e5 n\u00e6rt virkeligheten som du kan f\u00e5 det. Jeg var i Bolivia flere ganger, og alt fra rettssaken i serien er tatt fra den ekte saken. Det er viktig for meg at universet er troverdig. Men en del ting er fiksjon, som vi har m\u00e5ttet gj\u00f8re for at det skal bli en spenningsserie, forklarer Beck. <\/p>\n<p><img alt=\"SERIESKAPER: Emilie Beck i samtale med VG under en pressedag for \u00abFlukten for Bolivia\u00bb. Beck har skrevet serien og co-regissert den.   Foto: Benjamin Brekken \/ VG\" class=\"_image_qp4xg_65 layout-component layout-normal\" data-fullscreen- data-track-element-type=\"Article image fullscreen\" data-track-name=\"ImageFullscreen\" decoding=\"async\" loading=\"lazy\" height=\"981\" itemprop=\"image\"  src=\"https:\/\/www.europesays.com\/no\/wp-content\/uploads\/2025\/12\/06d064ed-9f6c-4356-aaf4-9611ecd29130\"  style=\"object-position:0% 0%\" width=\"1590\"\/>SERIESKAPER: Emilie Beck i samtale med VG under en pressedag for \u00abFlukten for Bolivia\u00bb. Beck har skrevet serien og co-regissert den.   Foto: Benjamin Brekken \/ VG\u2013 Spennende!<\/p>\n<p class=\"_paragraph_o9xde_4 _paragraph_xtcu6_10 layout-component text-serif-m layout-normal text-serif-m layout-padded\">Men hva de har \u00abfunnet p\u00e5\u00bb, vil ikke serieskaperen g\u00e5 inn p\u00e5. Fiksjon eller ei, Oftebro synes materialet var givende \u00e5 bryne seg p\u00e5.<\/p>\n<p class=\"_paragraph_o9xde_4 _paragraph_xtcu6_10 layout-component text-serif-m layout-normal text-serif-m layout-padded\">\u2013 Jeg m\u00e5 innr\u00f8mme at det var noen scener der som var ekstra utfordrende. Hvor nerv\u00f8se de var for \u00e5 bli tatt, for eksempel. Og frykten for \u00e5 komme i fengsel for \u00e5 ha hjulpet til. Det var spennende!<\/p>\n<p class=\"_paragraph_o9xde_4 _paragraph_xtcu6_10 layout-component text-serif-m layout-normal text-serif-m layout-padded\">I rollene som de tre jentene finner vi Ella \u00d8verbye, Josephine Tetlie og Lisa Hovden, mens programleder Emil Gukild debuterer som TV-skuespiller i rollen som Oftebros journalistkollega. Janne Formoe har rollen som en av jentenes m\u00f8dre. <\/p>\n<p class=\"_paragraph_o9xde_4 _paragraph_xtcu6_10 layout-component text-serif-m layout-normal text-serif-m layout-padded\">\u00abFlukten fra Bolivia\u00bb har premiere 25. desember. Alle episodene slippes p\u00e5 TV 2 Play samme dag, men vil ogs\u00e5 vises p\u00e5 TV 2 Direkte med \u00e9n episode hver dag fra 25. til 30. desember. <\/p>\n<p class=\"_paragraph_o9xde_4 _paragraph_xtcu6_10 layout-component text-serif-m layout-normal text-serif-m layout-padded\"><strong class=\"_strong_o9xde_25\">Se flere saker fra film- og serieverdenen:<\/strong><\/p>\n","protected":false},"excerpt":{"rendered":"Jakob Oftebro (39) tr\u00e5dte varsomt da han skulle portrettere den ekte herrebladjournalisten. \u2013 M\u00e5 pr\u00f8ve \u00e5 ta i&hellip;\n","protected":false},"author":2,"featured_media":122317,"comment_status":"","ping_status":"","sticky":false,"template":"","format":"standard","meta":{"footnotes":""},"categories":[58],"tags":[1787,71,7018,3980,6388,13025,30,28,29,208,376,72],"class_list":{"0":"post-122316","1":"post","2":"type-post","3":"status-publish","4":"format-standard","5":"has-post-thumbnail","7":"category-underholdning","8":"tag-emil-gukild","9":"tag-entertainment","10":"tag-jakob-oftebro","11":"tag-janne-formoe","12":"tag-kokain","13":"tag-kriminalhistorie","14":"tag-no","15":"tag-norge","16":"tag-norway","17":"tag-tv-2","18":"tag-tv-serier","19":"tag-underholdning"},"share_on_mastodon":{"url":"https:\/\/pubeurope.com\/@no\/115786745716444942","error":""},"_links":{"self":[{"href":"https:\/\/www.europesays.com\/no\/wp-json\/wp\/v2\/posts\/122316","targetHints":{"allow":["GET"]}}],"collection":[{"href":"https:\/\/www.europesays.com\/no\/wp-json\/wp\/v2\/posts"}],"about":[{"href":"https:\/\/www.europesays.com\/no\/wp-json\/wp\/v2\/types\/post"}],"author":[{"embeddable":true,"href":"https:\/\/www.europesays.com\/no\/wp-json\/wp\/v2\/users\/2"}],"replies":[{"embeddable":true,"href":"https:\/\/www.europesays.com\/no\/wp-json\/wp\/v2\/comments?post=122316"}],"version-history":[{"count":0,"href":"https:\/\/www.europesays.com\/no\/wp-json\/wp\/v2\/posts\/122316\/revisions"}],"wp:featuredmedia":[{"embeddable":true,"href":"https:\/\/www.europesays.com\/no\/wp-json\/wp\/v2\/media\/122317"}],"wp:attachment":[{"href":"https:\/\/www.europesays.com\/no\/wp-json\/wp\/v2\/media?parent=122316"}],"wp:term":[{"taxonomy":"category","embeddable":true,"href":"https:\/\/www.europesays.com\/no\/wp-json\/wp\/v2\/categories?post=122316"},{"taxonomy":"post_tag","embeddable":true,"href":"https:\/\/www.europesays.com\/no\/wp-json\/wp\/v2\/tags?post=122316"}],"curies":[{"name":"wp","href":"https:\/\/api.w.org\/{rel}","templated":true}]}}