{"id":122322,"date":"2025-12-26T16:15:30","date_gmt":"2025-12-26T16:15:30","guid":{"rendered":"https:\/\/www.europesays.com\/no\/122322\/"},"modified":"2025-12-26T16:15:30","modified_gmt":"2025-12-26T16:15:30","slug":"romjulas-store-reisedag","status":"publish","type":"post","link":"https:\/\/www.europesays.com\/no\/122322\/","title":{"rendered":"Romjulas store reisedag"},"content":{"rendered":"<p>  Statens vegvesen forventer at andre juledag blir romjulas store utfartsdag. Hos Vegtrafikksentralen \u00f8st lar trafikken vente p\u00e5 seg.\u00a0\u00a0<\/p>\n<p>\n    JULETRAFIKK: Statens vegvesen uttaler i en pressemelding at de forventer mye trafikk andre juledag, men at v\u00e6r og f\u00f8re legger f\u00f8ringer for nordmenns reiseplaner i jula. Foto: Lars Eivind Bones \/ Dagbladet\n  <\/p>\n<p>    Kort fortalt<\/p>\n<ul lang=\"nb-NO\">\n<li>Statens vegvesen melder at andre juledag er forventet \u00e5 bli en stor reisedag i romjula.<\/li>\n<li>Vegtrafikksentralen s\u00f8r rapporterer om \u00f8kende trafikk p\u00e5 E16, mens Vegtrafikksentralen \u00f8st melder om rolige forhold.<\/li>\n<li>Det er fare for utfordringer p\u00e5 fjelloverganger p\u00e5 grunn av kraftig vind og sn\u00f8fokk. Fra natt til l\u00f8rdag gjelder farevarsel om kraftig vind for deler av Innlandet.\u00a0<\/li>\n<li>Statens vegvesen oppfordrer bilister til \u00e5 holde seg oppdatert p\u00e5 trafikkinformasjon og planlegge reisen n\u00f8ye.<\/li>\n<\/ul>\n<p class=\"italic ai-disclaimer\" data-lab-italic=\"italic\">Sammendraget er laget av ChatGPT og godkjent av Dagbladet.<\/p>\n<p>      Vis mer<br \/>\n      Vis mindre<\/p>\n<p>Statens vegvesen melder i en pressemelding at andre juledag blir romjulas store reisedag.\u00a0<\/p>\n<p>&#8211;\u00a0Noen reiser hjem eller i juleselskap, mens andre skal p\u00e5 hytta og feire nytt\u00e5r. Det kan bli en del trafikk p\u00e5 veiene i dag og i de kommende dagene. V\u00e6r og f\u00f8re kan variere mye, heter det.\u00a0<\/p>\n<p>Fredag ettermiddag melder Vegtrafikksentralen s\u00f8r at trafikken holder p\u00e5 \u00e5 ta seg opp p\u00e5 E16 mellom Sollih\u00f8gda og H\u00f8nefoss i Buskerud.\u00a0<\/p>\n<p>&#8211;\u00a0 Tett trafikk og stedvis sakteg\u00e5ende k\u00f8 i retning H\u00f8nefoss. Circa 25 minutter forsinkelse, heter det i meldingen p\u00e5 <a href=\"https:\/\/x.com\/VTS_sor\/status\/2004525297354580419?s=20\" target=\"_blank\" rel=\"nofollow\">X<\/a>.\u00a0<\/p>\n<p>    <a itemprop=\"url\" href=\"https:\/\/www.dagbladet.no\/nyheter\/forventer-omfattende-konsekvenser\/84028591\" rel=\"nofollow noopener\" target=\"_blank\"><\/p>\n<p>        <img loading=\"lazy\" decoding=\"async\" src=\"https:\/\/www.europesays.com\/no\/wp-content\/uploads\/2025\/12\/84028601.webp\" width=\"980\" height=\"441\" title=\"- Forventer omfattende konsekvenser\" alt=\"\" class=\"lazyload\" style=\"--aspect-ratio-image: 2.22; \"\/><\/p>\n<p>        &#8211; Forventer omfattende konsekvenser<\/p>\n<p>    <\/a><\/p>\n<p>Rolige og fine forhold\t<\/p>\n<p>Da Dagbladet snakket med Vegtrafikksentralen \u00f8st fredag morgen, var de m\u00e5teholdne med \u00e5 se for seg mye trafikk i dag.\u00a0<\/p>\n<p>&#8211; Den store utfartsdagen lar vente p\u00e5 seg, sier trafikkoperat\u00f8r Jeanett Andresen til Dagbladet.\u00a0<\/p>\n<p>        JULEV\u00c6RET: Julebyen R\u00f8ros forbinder mange med sm\u00e5 sn\u00f8fylte g\u00e5gater, men slik er det ikke i \u00e5r. Reporter: Therese Doksheim.<\/p>\n<p class=\"font-weight-bold m-font-weight-bold\" data-lab-font_weight=\"font-weight-bold\">N\u00e5r Dagbladet igjen sl\u00e5r p\u00e5 tr\u00e5den like f\u00f8r klokka 15, er det fortsatt rolig p\u00e5 veinettet som dekkes av Vegtrafikksentralen \u00f8st.\u00a0<\/p>\n<p>&#8211; Det er fortsatt veldig rolig og fint. Stort sett gr\u00f8nt overalt og ingen k\u00f8tendenser, sier trafikkoperat\u00f8r Trude Lindstad.\u00a0<\/p>\n<p>&#8211; En ting vi har \u00e5 melde er en bilstans p\u00e5 E6 like nord for Biri, i nordg\u00e5ende retning mot Lillehammer. Den sperrer veien og det st\u00e5r nok en del biler i k\u00f8 der n\u00e5. Vi har skiltet omkj\u00f8ring via en fylkesvei, sier Lindstad videre.\u00a0<\/p>\n<p>Kraftig vind kan gi utfordringer\t<\/p>\n<p>Fra natt til l\u00f8rdag <a href=\"https:\/\/www.dagbladet.no\/nyheter\/forventer-omfattende-konsekvenser\/84028591\" target=\"_blank\" rel=\"nofollow noopener\">gjelder farevarsler i fleng for nesten hele landet<\/a>.\u00a0<\/p>\n<p>Selv om det verste uv\u00e6ret er ventet i Nord-Norge, vil ogs\u00e5 deler av S\u00f8r-Norge rammes.\u00a0<\/p>\n<p>        <img loading=\"lazy\" decoding=\"async\" src=\"https:\/\/www.europesays.com\/no\/wp-content\/uploads\/2025\/12\/84028844.webp\" width=\"980\" height=\"559\" title=\"FARE: Deler av Innlandet dekkes av et gult farevarsel om kraftig vind fra natt til l\u00f8rdag. Det er ogs\u00e5 fare for sn\u00f8fokk. Foto. Meteorologisk institutt\" alt=\"\" class=\"\" style=\"--aspect-ratio-image: 1.75; \"\/><\/p>\n<p>\n        FARE: Deler av Innlandet dekkes av et gult farevarsel om kraftig vind fra natt til l\u00f8rdag. Det er ogs\u00e5 fare for sn\u00f8fokk. Foto. Meteorologisk institutt\n    <\/p>\n<p>If\u00f8lge vegtrafikksentralen vil fjelloverganger v\u00e6re spesielt utsatt, da gjerne p\u00e5 grunn av kombinasjonen kraftig vind og sn\u00f8 som gir sn\u00f8fokk og redusert sikt.\u00a0<\/p>\n<p>&#8211; Fjelloverganger som Strynefjellet og Dovrefjell er utsatt for \u00e5 f\u00e5 en del vind. Det er ogs\u00e5 meldt litt sn\u00f8 som kan gi sn\u00f8fokk. Da blir det alltid litt utfordrende, sier Lindstad.\u00a0<\/p>\n<p>Hun r\u00e5der derfor litt ekstra til \u00e5 sjekke trafikkinformasjon i forkant av kj\u00f8returen.\u00a0<\/p>\n<p> \u00abVeldig lite trafikk\u00bb \t<\/p>\n<p>Tidligere i dag kunne trafikkoperat\u00f8r Andresen opplyse om \u00abveldig lite trafikk\u00bb i morgentimene, og at veinettet som dekkes av Vegtrafikksentralen \u00f8st var saltet og s\u00e5 \u00abhelt fin ut\u00bb.\u00a0<\/p>\n<p class=\"italic m-italic\" data-lab-italic=\"italic\">&#8211; Hvorfor forventer dere ingen stor reisedag i dag?<\/p>\n<p>&#8211; Det er helg og vi tror at mange fortsatt holder seg der de er. Transportforeningene (vogntog og liknende, journ.anm.) er ikke ute p\u00e5 veiene i dag og det er heller ingen varelevering, sa Andresen og fortsatte:\u00a0<\/p>\n<p>&#8211; Men det blir nok mer trafikk i dag enn det har v\u00e6rt b\u00e5de julaften og f\u00f8rste juledag. Vi regner med mer lokal trafikk.\u00a0<\/p>\n<p>    <a itemprop=\"url\" href=\"https:\/\/www.dagbladet.no\/nyheter\/ikke-mulig-a-lande\/84027618\" rel=\"nofollow noopener\" target=\"_blank\"><\/p>\n<p>        <img loading=\"lazy\" decoding=\"async\" src=\"https:\/\/www.europesays.com\/no\/wp-content\/uploads\/2025\/12\/84027624.webp\" width=\"980\" height=\"441\" title=\"- Ikke mulig \u00e5 lande\" alt=\"\" class=\"lazyload\" style=\"--aspect-ratio-image: 2.22; \"\/><\/p>\n<p>        &#8211; Ikke mulig \u00e5 lande<\/p>\n<p>    <\/a><\/p>\n<p>Holde seg oppdatert\t<\/p>\n<p class=\"italic m-italic\" data-lab-italic=\"italic\">&#8211; Hva med fjelloverganger, hvordan ser de ut?<\/p>\n<p>&#8211; Ogs\u00e5 p\u00e5 fjellovergangene er det gode forhold. Bortsett fra de som er vinterstengte, er alle fjellovergangene \u00e5pne. Det er heller ingen reguleringer eller kolonnekj\u00f8ring p\u00e5 disse, sa Andresen.\u00a0<\/p>\n<p>Hun oppfordret bilister til \u00e5 bruke Statens vegvesens <a href=\"http:\/\/www.vegvesen.no\/trafikk\" target=\"_blank\" rel=\"nofollow noopener\">nettsider<\/a> og app for \u00e5 holde seg oppdatert p\u00e5 trafikkinformasjon. Her finner du blant annet <a href=\"https:\/\/www.vegvesen.no\/trafikk\/hvaskjer\/?layers=fo\" target=\"_blank\" rel=\"nofollow noopener\">status og prognose for stengte fjelloverganger<\/a>.\u00a0<\/p>\n<p>&#8211; Her er det mulig \u00e5 se sjekke kart, kamera og v\u00e6rstasjoner. Et godt r\u00e5d er \u00e5 planlegge kj\u00f8reruta p\u00e5 forh\u00e5nd. Samtidig b\u00f8r man v\u00e6re obs p\u00e5 at det enkelte steder er frost og at det derfor kan v\u00e6re glatte veier.\u00a0<\/p>\n<p>&#8211; R\u00e5det er da \u00e5 beregne god nok tid og \u00e5 kj\u00f8re etter forholdene, samt holde avstanden til den foran deg, sa Andresen.\u00a0<\/p>\n<p>    <a itemprop=\"url\" href=\"https:\/\/www.dagbladet.no\/nyheter\/skjult-rom-her-la-dronninga\/83988263\" rel=\"nofollow noopener\" target=\"_blank\"><\/p>\n<p>        <img loading=\"lazy\" decoding=\"async\" src=\"https:\/\/www.europesays.com\/no\/wp-content\/uploads\/2025\/12\/1766765729_958_83988516.webp\" width=\"980\" height=\"441\" title=\"Skjult rom: Her l\u00e5 dronninga\" alt=\"\" class=\"lazyload\" style=\"--aspect-ratio-image: 2.22; \"\/><\/p>\n<p>        Skjult rom: Her l\u00e5 dronninga<\/p>\n<p>    <\/a><\/p>\n<p>If\u00f8lge Statens vegvesen, frykter nordmenn glatt f\u00f8re i jula.\u00a0<\/p>\n<p>&#8211;\u00a0Det nordmenn er mest redd for i trafikken denne jula, er glatt f\u00f8re, sier Guro Ranes,\u00a0avdelingsdirekt\u00f8r for trafikksikkerhet i Statens vegvesen, i pressemeldingen.\u00a0<\/p>\n<p>&#8211; Sjeldnere involvert\t<\/p>\n<p>En unders\u00f8kelse gjennomf\u00f8rt for Statens vegvesen f\u00f8r jul viser at det oftest er menn som kj\u00f8rer bilen. 84 prosent av menn, og bare 34 prosent av kvinner, opplyser at de ofte er sj\u00e5f\u00f8r p\u00e5 denne type turer.<\/p>\n<p>    <a itemprop=\"url\" href=\"https:\/\/www.dagbladet.no\/nyheter\/na-skjer-det\/84008053\" rel=\"nofollow noopener\" target=\"_blank\"><\/p>\n<p>        <img loading=\"lazy\" decoding=\"async\" src=\"https:\/\/www.europesays.com\/no\/wp-content\/uploads\/2025\/12\/1766765730_69_84009421.webp\" width=\"980\" height=\"441\" title=\"N\u00e5 skjer det\" alt=\"\" class=\"lazyload\" style=\"--aspect-ratio-image: 2.22; \"\/><\/p>\n<p>        N\u00e5 skjer det<\/p>\n<p>    <\/a><\/p>\n<p>&#8211; Bytt jevnlig p\u00e5 \u00e5 kj\u00f8re, s\u00e5 holder du oppmerksomheten p\u00e5 veien, sier Ranes.<\/p>\n<p>&#8211; La gjerne kvinnene ta over rattet. De er sjeldnere involvert i alvorlige ulykker, legger hun til.<\/p>\n","protected":false},"excerpt":{"rendered":"Statens vegvesen forventer at andre juledag blir romjulas store utfartsdag. Hos Vegtrafikksentralen \u00f8st lar trafikken vente p\u00e5 seg.\u00a0\u00a0&hellip;\n","protected":false},"author":2,"featured_media":122323,"comment_status":"","ping_status":"","sticky":false,"template":"","format":"standard","meta":{"footnotes":""},"categories":[5],"tags":[20,21,24,25,15,19,2539,22,23,17,18,13,30,28,29,14,16,26,27],"class_list":{"0":"post-122322","1":"post","2":"type-post","3":"status-publish","4":"format-standard","5":"has-post-thumbnail","7":"category-overskrifter","8":"tag-breaking-news","9":"tag-breakingnews","10":"tag-featured-news","11":"tag-featurednews","12":"tag-headlines","13":"tag-hovedoppslag","14":"tag-innenriks","15":"tag-latest-news","16":"tag-latestnews","17":"tag-main-news","18":"tag-mainnews","19":"tag-news","20":"tag-no","21":"tag-norge","22":"tag-norway","23":"tag-nyheter","24":"tag-overskrifter","25":"tag-top-stories","26":"tag-topstories"},"share_on_mastodon":{"url":"https:\/\/pubeurope.com\/@no\/115786765245724565","error":""},"_links":{"self":[{"href":"https:\/\/www.europesays.com\/no\/wp-json\/wp\/v2\/posts\/122322","targetHints":{"allow":["GET"]}}],"collection":[{"href":"https:\/\/www.europesays.com\/no\/wp-json\/wp\/v2\/posts"}],"about":[{"href":"https:\/\/www.europesays.com\/no\/wp-json\/wp\/v2\/types\/post"}],"author":[{"embeddable":true,"href":"https:\/\/www.europesays.com\/no\/wp-json\/wp\/v2\/users\/2"}],"replies":[{"embeddable":true,"href":"https:\/\/www.europesays.com\/no\/wp-json\/wp\/v2\/comments?post=122322"}],"version-history":[{"count":0,"href":"https:\/\/www.europesays.com\/no\/wp-json\/wp\/v2\/posts\/122322\/revisions"}],"wp:featuredmedia":[{"embeddable":true,"href":"https:\/\/www.europesays.com\/no\/wp-json\/wp\/v2\/media\/122323"}],"wp:attachment":[{"href":"https:\/\/www.europesays.com\/no\/wp-json\/wp\/v2\/media?parent=122322"}],"wp:term":[{"taxonomy":"category","embeddable":true,"href":"https:\/\/www.europesays.com\/no\/wp-json\/wp\/v2\/categories?post=122322"},{"taxonomy":"post_tag","embeddable":true,"href":"https:\/\/www.europesays.com\/no\/wp-json\/wp\/v2\/tags?post=122322"}],"curies":[{"name":"wp","href":"https:\/\/api.w.org\/{rel}","templated":true}]}}