{"id":122330,"date":"2025-12-26T16:56:48","date_gmt":"2025-12-26T16:56:48","guid":{"rendered":"https:\/\/www.europesays.com\/no\/122330\/"},"modified":"2025-12-26T16:56:48","modified_gmt":"2025-12-26T16:56:48","slug":"politiets-julehilsen-var-varm-og-personlig-men-den-hadde-et-alvorlig-bakteppe-ht-no","status":"publish","type":"post","link":"https:\/\/www.europesays.com\/no\/122330\/","title":{"rendered":"(+) Politiets julehilsen var varm og personlig. Men den hadde et alvorlig bakteppe &#8211; ht.no"},"content":{"rendered":"<ol>\n<li><a href=\"https:\/\/news.google.com\/rss\/articles\/CBMilwFBVV95cUxQdGZuQU9aeEhsbDhlRDhxMDhselhxVHZqSTJrNDR5VHVMSmpsM2pJeVpfVHVDakdkNkRqdlNPUkdUOHRwZk9kS2lobEw4YUxrNUxBRFhZTmlaRG5GcktlZTFGZllwREdUejJfMWMxaDB6ZWpPcXFKeC1fb2NRb0p4S1pJcEZiNG5GTzNHTDR5ZmxrWDl6SUlz?oc=5\" target=\"_blank\" rel=\"nofollow noopener\">(+) Politiets julehilsen var varm og personlig. Men den hadde et alvorlig bakteppe<\/a>&nbsp;&nbsp;ht.no<\/li>\n<li><a href=\"https:\/\/news.google.com\/rss\/articles\/CBMikAFBVV95cUxOMkdXRnkwM2RONVVXLWlmQUVCZUlTTWNpaEZBVXg2ZU1YNWVGQ2thODNuR0l0RjM0VzdKTDNoVGlMOVFBRkIwZG8zeXFRa0ZwNTdmUk5SS2lSSmNNUHM1Wk1IMWZhMlc1M3BXcFk2eW9NZ2RqYjU0WjFabmozTkhJSVVxMExsX3ROejYyUXZnSlE?oc=5\" target=\"_blank\" rel=\"nofollow noopener\">V\u00e6r, Uv\u00e6r | Uv\u00e6r p\u00e5 vei mot Troms: Dette blir de verste timene<\/a>&nbsp;&nbsp;Nordlys<\/li>\n<li><a href=\"https:\/\/news.google.com\/rss\/articles\/CBMifkFVX3lxTE9hRHBZOTl2Yk9FVEtGdno3M1lSdGhRVmwwcE1rODVmUDZOQkNyWVpnSEhMTVVUREY5ZzdPSl9hY3A4OHYyN0hVdHdJdUxzdW1SVXppR2tKcHZ4aDFyR24zRWNVN1pacVRpXzlSeGR4Z3E3YkFiSUVYbmJtN2dlUQ?oc=5\" target=\"_blank\" rel=\"nofollow noopener\">Farevarsel for sn\u00f8skred i Nordland<\/a>&nbsp;&nbsp;NRK<\/li>\n<li><a href=\"https:\/\/news.google.com\/rss\/articles\/CBMijwFBVV95cUxOZzRkUzI1N0E5SnBwb0dlem10UWZfT0NmYUYzMGlJSUFVQkY2ZklUdEY4QkFfQWR0RzFlYTFmcHZzZTR2cDA0ZDhaaUtSYUpqZmV5NGJXT1FTUVlBNG9hVE13bFBIUDFfMUFUdVBuUVpuVVNyeDhaNzlaUU8yU3Jnd19SMUVCZ1ZPTnVrVDJfWQ?oc=5\" target=\"_blank\" rel=\"nofollow noopener\">(+) \u2013 Vi vet hva vi skal gj\u00f8re<\/a>&nbsp;&nbsp;itromso.no<\/li>\n<li><a href=\"https:\/\/news.google.com\/rss\/articles\/CBMijwFBVV95cUxNclpZOVlZWUp2cU1hWHZzSmMxbk1GY05Qc28tUW95cnBfSGhteVRpSXFmaHFoTmtvV3NwZURkbWNYMkU2SUFQX3ZDa3RNaHh0SS16MnZwdlptVnJ0a1h0Qy1UWnhmUmhScEJKVGswNnBOdVFVUDRSeEtwb1lLQUNObjE1MkxhT2RybWREVUpBNA?oc=5\" target=\"_blank\" rel=\"nofollow noopener\">V\u00e6r, Sn\u00f8skredfare | Justerer flomvarselet \u2013 disse omr\u00e5dene er n\u00e5 i faresonen<\/a>&nbsp;&nbsp;Avisa Nordland<\/li>\n<\/ol>\n","protected":false},"excerpt":{"rendered":"(+) Politiets julehilsen var varm og personlig. Men den hadde et alvorlig bakteppe&nbsp;&nbsp;ht.no V\u00e6r, Uv\u00e6r | Uv\u00e6r p\u00e5&hellip;\n","protected":false},"author":2,"featured_media":16542,"comment_status":"","ping_status":"","sticky":false,"template":"","format":"standard","meta":{"footnotes":""},"categories":[10],"tags":[20,21,24,25,15,5593,22,23,13,30,28,29,14,14507,16,26,27,1625,493],"class_list":{"0":"post-122330","1":"post","2":"type-post","3":"status-publish","4":"format-standard","5":"has-post-thumbnail","7":"category-norge","8":"tag-breaking-news","9":"tag-breakingnews","10":"tag-featured-news","11":"tag-featurednews","12":"tag-headlines","13":"tag-jul","14":"tag-latest-news","15":"tag-latestnews","16":"tag-news","17":"tag-no","18":"tag-norge","19":"tag-norway","20":"tag-nyheter","21":"tag-ordensforstyrring","22":"tag-overskrifter","23":"tag-top-stories","24":"tag-topstories","25":"tag-troms-politidistrikt","26":"tag-vold"},"share_on_mastodon":{"url":"https:\/\/pubeurope.com\/@no\/115786930137635028","error":""},"_links":{"self":[{"href":"https:\/\/www.europesays.com\/no\/wp-json\/wp\/v2\/posts\/122330","targetHints":{"allow":["GET"]}}],"collection":[{"href":"https:\/\/www.europesays.com\/no\/wp-json\/wp\/v2\/posts"}],"about":[{"href":"https:\/\/www.europesays.com\/no\/wp-json\/wp\/v2\/types\/post"}],"author":[{"embeddable":true,"href":"https:\/\/www.europesays.com\/no\/wp-json\/wp\/v2\/users\/2"}],"replies":[{"embeddable":true,"href":"https:\/\/www.europesays.com\/no\/wp-json\/wp\/v2\/comments?post=122330"}],"version-history":[{"count":0,"href":"https:\/\/www.europesays.com\/no\/wp-json\/wp\/v2\/posts\/122330\/revisions"}],"wp:featuredmedia":[{"embeddable":true,"href":"https:\/\/www.europesays.com\/no\/wp-json\/wp\/v2\/media\/16542"}],"wp:attachment":[{"href":"https:\/\/www.europesays.com\/no\/wp-json\/wp\/v2\/media?parent=122330"}],"wp:term":[{"taxonomy":"category","embeddable":true,"href":"https:\/\/www.europesays.com\/no\/wp-json\/wp\/v2\/categories?post=122330"},{"taxonomy":"post_tag","embeddable":true,"href":"https:\/\/www.europesays.com\/no\/wp-json\/wp\/v2\/tags?post=122330"}],"curies":[{"name":"wp","href":"https:\/\/api.w.org\/{rel}","templated":true}]}}