{"id":122333,"date":"2025-12-26T17:11:11","date_gmt":"2025-12-26T17:11:11","guid":{"rendered":"https:\/\/www.europesays.com\/no\/122333\/"},"modified":"2025-12-26T17:11:11","modified_gmt":"2025-12-26T17:11:11","slug":"svolvaer-rode-kors-rykker-ut-for-a-bista-turister","status":"publish","type":"post","link":"https:\/\/www.europesays.com\/no\/122333\/","title":{"rendered":"Svolv\u00e6r, R\u00f8de Kors | Rykker ut for \u00e5 bist\u00e5 turister"},"content":{"rendered":"\n<p>Mannskap fra R\u00f8de Kors og Norske Redningshunder har rykket ut til omr\u00e5det Svolv\u00e6rgeita for \u00e5 bist\u00e5 to utenlandske turister som har kommet bort fra stien. <\/p>\n<p>\u2013 Turistene skal v\u00e6re uskadde, opplyser politiet i Nordland. <\/p>\n<p><b>Klokken 16:36<\/b> opplyste politiet at turistene er lokalisert av R\u00f8de Kors. <\/p>\n<p>Turistene er uskadde, men litt nedkj\u00f8lt. <\/p>\n<p>\u2013 R\u00f8de Kors f\u00f8lger de ned fra fjellet, opplyser politiet. <\/p>\n","protected":false},"excerpt":{"rendered":"Mannskap fra R\u00f8de Kors og Norske Redningshunder har rykket ut til omr\u00e5det Svolv\u00e6rgeita for \u00e5 bist\u00e5 to utenlandske&hellip;\n","protected":false},"author":2,"featured_media":122334,"comment_status":"","ping_status":"","sticky":false,"template":"","format":"standard","meta":{"footnotes":""},"categories":[5],"tags":[36,20,21,24,25,15,19,22,23,17,18,13,30,28,14395,29,14,16,214,1510,1457,26,27],"class_list":{"0":"post-122333","1":"post","2":"type-post","3":"status-publish","4":"format-standard","5":"has-post-thumbnail","7":"category-overskrifter","8":"tag-art","9":"tag-breaking-news","10":"tag-breakingnews","11":"tag-featured-news","12":"tag-featurednews","13":"tag-headlines","14":"tag-hovedoppslag","15":"tag-latest-news","16":"tag-latestnews","17":"tag-main-news","18":"tag-mainnews","19":"tag-news","20":"tag-no","21":"tag-norge","22":"tag-norske-redningshunder","23":"tag-norway","24":"tag-nyheter","25":"tag-overskrifter","26":"tag-rode-kors","27":"tag-story","28":"tag-svolvaer","29":"tag-top-stories","30":"tag-topstories"},"share_on_mastodon":{"url":"https:\/\/pubeurope.com\/@no\/115786985273097926","error":""},"_links":{"self":[{"href":"https:\/\/www.europesays.com\/no\/wp-json\/wp\/v2\/posts\/122333","targetHints":{"allow":["GET"]}}],"collection":[{"href":"https:\/\/www.europesays.com\/no\/wp-json\/wp\/v2\/posts"}],"about":[{"href":"https:\/\/www.europesays.com\/no\/wp-json\/wp\/v2\/types\/post"}],"author":[{"embeddable":true,"href":"https:\/\/www.europesays.com\/no\/wp-json\/wp\/v2\/users\/2"}],"replies":[{"embeddable":true,"href":"https:\/\/www.europesays.com\/no\/wp-json\/wp\/v2\/comments?post=122333"}],"version-history":[{"count":0,"href":"https:\/\/www.europesays.com\/no\/wp-json\/wp\/v2\/posts\/122333\/revisions"}],"wp:featuredmedia":[{"embeddable":true,"href":"https:\/\/www.europesays.com\/no\/wp-json\/wp\/v2\/media\/122334"}],"wp:attachment":[{"href":"https:\/\/www.europesays.com\/no\/wp-json\/wp\/v2\/media?parent=122333"}],"wp:term":[{"taxonomy":"category","embeddable":true,"href":"https:\/\/www.europesays.com\/no\/wp-json\/wp\/v2\/categories?post=122333"},{"taxonomy":"post_tag","embeddable":true,"href":"https:\/\/www.europesays.com\/no\/wp-json\/wp\/v2\/tags?post=122333"}],"curies":[{"name":"wp","href":"https:\/\/api.w.org\/{rel}","templated":true}]}}