{"id":122339,"date":"2025-12-26T17:18:15","date_gmt":"2025-12-26T17:18:15","guid":{"rendered":"https:\/\/www.europesays.com\/no\/122339\/"},"modified":"2025-12-26T17:18:15","modified_gmt":"2025-12-26T17:18:15","slug":"ola-conny-wallgren-om-ensomhet-i-jula-etter-bruddet-med-kollegaen","status":"publish","type":"post","link":"https:\/\/www.europesays.com\/no\/122339\/","title":{"rendered":"Ola-Conny Wallgren om ensomhet i jula etter bruddet med kollegaen"},"content":{"rendered":"<p>  Nettselskaper \u00f8ker beredskapen f\u00f8r nattas uv\u00e6r.\u00a0<\/p>\n<p>\n    RUSKEV\u00c6R: Kartet viser vindstyrke og det ser ut til \u00e5 treffe Nordland og s\u00f8rlige Troms hardest. Foto: Meteored.\n  <\/p>\n<p>Det er ventet kraftig vind flere steder i landet natt til l\u00f8rdag, og fredag formiddag ble <a href=\"https:\/\/www.dagbladet.no\/nyheter\/forventer-omfattende-konsekvenser\/84028591\" rel=\"nofollow noopener\" target=\"_blank\">farevarselet for Nordland og deler av S\u00f8r-Troms oppjustert<\/a> fra gult til oransje.<\/p>\n<p>    Kort fortalt<\/p>\n<ul lang=\"nb-NO\">\n<li>Det er ventet kraftig vind i Nordland og S\u00f8r-Troms, med farevarsel oppjustert til oransje.<\/li>\n<li>Nettselskapene Linea og Elvia \u00f8ker beredskapen for \u00e5 h\u00e5ndtere mulige str\u00f8mbrudd.<\/li>\n<li>Folk oppfordres til \u00e5 sikre eiendeler og holde seg innend\u00f8rs under uv\u00e6ret.<\/li>\n<li>Forsikringsselskapet Fremtind advarer spesielt om l\u00f8se trampoliner som kan for\u00e5rsake skader.<\/li>\n<\/ul>\n<p class=\"italic ai-disclaimer\" data-lab-italic=\"italic\">Sammendraget er laget av ChatGPT og godkjent av Dagbladet.<\/p>\n<p>      Vis mer<br \/>\n      Vis mindre<\/p>\n<p>&#8211; Det ventes lokalt sv\u00e6rt kraftige vindkast p\u00e5 35-44 m\/s fra nordvest og nordlig retning. Det ventes sterk storm p\u00e5 kysten og utsatte steder, kan hende orkan. Den sterkeste vinden ser ut til \u00e5 komme i Lofoten, Vester\u00e5len og Salten. Vinden vil \u00f8ke f\u00f8rst i Lofoten og sist i S\u00f8r-Troms og Helgeland. L\u00f8rdag ettermiddag minkende vind, heter det i varselet p\u00e5 <a href=\"https:\/\/www.yr.no\/nb\/farevarsler\" rel=\"nofollow noopener\" target=\"_blank\">Yr<\/a>.<\/p>\n<p>Vakthavende meteorolog ved Meteorologisk institutt, Halldis Berge, sier til Dagbladet at folk i utsatte omr\u00e5der b\u00f8r ta forholdsregler og v\u00e6re varsomme.<\/p>\n<p>&#8211; I utsatte omr\u00e5der b\u00f8r man v\u00e6re forberedt og helst unng\u00e5 ferdsel utend\u00f8rs. F\u00f8lg med p\u00e5 lokale meldinger og r\u00e5d fra myndighetene, sier Berge.<\/p>\n<p>Ogs\u00e5 deler av Innlandet, Troms og Finnmark, samt Tr\u00f8ndelag vil f\u00e5 kjenne ruskev\u00e6ret p\u00e5 kroppen, for disse stedene er det sendt ut gule farevarsler.\u00a0<\/p>\n<p>        MISTET SIGNAL: Tirsdag kveld bekrefter Libyas statsminister at h\u00e6rsjefen omkom etter at signalet fra flyet han befant seg i forsvant. Video: X<\/p>\n<p>V\u00e6r t\u00e5lmodig<\/p>\n<p>N\u00e5 melder <a href=\"https:\/\/www.nrk.no\/nordland\/linea-setter-beredskap-for-varslet-uvaer-1.17705694\" rel=\"nofollow noopener\" target=\"_blank\">NRK<\/a> at nettselskapet Linea p\u00e5 Helgeland setter beredskap i forkant av uv\u00e6ret.\u00a0<\/p>\n<p>&#8211; Etter hendelsen som nylig rammet Grane og Hattfjelldal, var det nok mange som \u00f8nsket seg en rolig og fredfull juleperiode. Dessverre ser det n\u00e5 ut til at disse \u00f8nskene ikke blir innfridd, sier kommunikasjonsleder Frode Dorp.<\/p>\n<p>Tidligere i desember forsvant str\u00f8mmen i flere dager i kommunene Grane og Hattfjelldal p\u00e5 grunn av en transformatorfeil.<\/p>\n<p>N\u00e5r det begynner \u00e5 bl\u00e5se, kan tr\u00e6r falle over str\u00f8mledningene. P\u00e5 forh\u00e5nd har selskapet sendt ut ekstra mannskaper til \u00f8ykommunene Vega, Her\u00f8y og D\u00f8nna. De ber imidlertid kundene v\u00e6re t\u00e5lmodige.<\/p>\n<p class=\"font-weight-bold m-font-weight-bold\" data-lab-font_weight=\"font-weight-bold\">&#8211; N\u00e5r vi f\u00e5r vindkast opp mot 40 m\/s, m\u00e5 sikkerheten til v\u00e5re mannskaper alltid komme f\u00f8rst. Samtidig er m\u00f8rketiden en ekstra utfordring i arbeidet, sier Dorp.<\/p>\n<p>    <a itemprop=\"url\" href=\"https:\/\/www.dagbladet.no\/nyheter\/skjult-rom-her-la-dronninga\/83988263\" rel=\"nofollow noopener\" target=\"_blank\"><\/p>\n<p>        <img loading=\"lazy\" decoding=\"async\" src=\"https:\/\/www.europesays.com\/no\/wp-content\/uploads\/2025\/12\/1766769494_936_83988516.webp\" width=\"980\" height=\"441\" title=\"Skjult rom: Her l\u00e5 dronninga\" alt=\"\" class=\"lazyload\" style=\"--aspect-ratio-image: 2.22; \"\/><\/p>\n<p>        Skjult rom: Her l\u00e5 dronninga<\/p>\n<p>    <\/a><\/p>\n<p>F\u00f8lger n\u00f8ye med  <\/p>\n<p>Ogs\u00e5 nettselskapet Elvia \u00f8ker bemanningen i forbindelse med uv\u00e6ret, opplyser de i en pressemelding.\u00a0<\/p>\n<p>&#8211; Vi f\u00f8lger situasjonen n\u00f8ye og\u00a0\u00f8ker\u00a0bemanningen ute i felt og inne p\u00e5 driftssentralen. N\u00e5r det er meldt kraftig vind, er vi ekstra forberedt p\u00e5 trefall over linjer og str\u00f8mbrudd, sier Erik Jansen, direkt\u00f8r for nettdrift i Elvia. <\/p>\n<p>&#8211; Publikum kan se hvor det er str\u00f8mbrudd i\u00a0Elvias\u00a0h\u00f8yspentnett p\u00e5\u00a0Elvias\u00a0app eller\u00a0<a href=\"https:\/\/eur01.safelinks.protection.outlook.com\/?url=https%3A%2F%2Fsxxgx.mjt.lu%2Flnk%2FBAAACAKP7cAAAc4JMlQAARQmb6wAAYCt2OgAAAAAACWDKwBpTm_kj0BoNcTATFmeI-NsgwJlWgAjB_s%2F2%2FZQuzdpALHD_hRdVKYrO_Zw%2FaHR0cHM6Ly93d3cuZWx2aWEubm8vc3Ryb21icnVkZHNrYXJ0Lw&amp;data=05%7C02%7Cmartin.gramnas%40db.no%7Cd0e903b081224ef00b3308de447104c1%7C71d2b4ee735e4f73b8ea8254022c0e4d%7C0%7C0%7C639023449368591855%7CUnknown%7CTWFpbGZsb3d8eyJFbXB0eU1hcGkiOnRydWUsIlYiOiIwLjAuMDAwMCIsIlAiOiJXaW4zMiIsIkFOIjoiTWFpbCIsIldUIjoyfQ%3D%3D%7C0%7C%7C%7C&amp;sdata=jaF69yve3WQiPrbCe6DJWkrQjs9vqxSjYE4EoxNvzDE%3D&amp;reserved=0\" target=\"_blank\" rel=\"nofollow noopener\">p\u00e5 str\u00f8mbruddskartet p\u00e5\u00a0Elvias nettsider<\/a>. Elvia sender ogs\u00e5 SMS til kunder som er str\u00f8ml\u00f8se.\u00a0<\/p>\n<p>&#8211; Vi har en d\u00f8gn\u00e5pen feilmeldingstelefon p\u00e5 22 44 10 40.\u00a0Vi \u00f8ker kapasiteten, men ved stor p\u00e5gang\u00a0kan det\u00a0likevel\u00a0v\u00e6re begrenset kapasitet til \u00e5 svare alle innkomne samtaler, men vi legger ut oppdatert informasjon p\u00e5 telefonsvareren, sier Jansen.\u00a0<\/p>\n<p>Selskapet oppfordrer alle til \u00e5 holde seg unna str\u00f8mledninger som henger lavt eller ligger p\u00e5 bakken. Pass ogs\u00e5 godt p\u00e5 husdyr. Ber\u00f8ring kan v\u00e6re livsfarlig.\u00a0<\/p>\n<p class=\"font-weight-bold m-font-weight-bold\" data-lab-font_weight=\"font-weight-bold\">&#8211; Oppdager du feil, eller situasjoner som kan f\u00f8re til str\u00f8mbrudd, hold avstand og meld fra, er beskjeden fra Jansen.<\/p>\n<p>    <a itemprop=\"url\" href=\"https:\/\/www.dagbladet.no\/nyheter\/romjulas-store-reisedag\/84028111\" rel=\"nofollow noopener\" target=\"_blank\"><\/p>\n<p>        <img loading=\"lazy\" decoding=\"async\" src=\"https:\/\/www.europesays.com\/no\/wp-content\/uploads\/2025\/12\/84028190.webp\" width=\"980\" height=\"441\" title=\"Romjulas store reisedag\" alt=\"\" class=\"lazyload\" style=\"--aspect-ratio-image: 2.22; \"\/><\/p>\n<p>        Romjulas store reisedag<\/p>\n<p>    <\/a><\/p>\n<p>Pass p\u00e5 trampolinen<\/p>\n<p>Det er heller ikke bare str\u00f8mbrudd som kan oppst\u00e5 n\u00e5r vinden tar tak, ogs\u00e5 eiendeler og kan bli skadet eller forsvinne i vinden. Forsikringsselskapet Fremtind ber n\u00e5 folk ta grep.<\/p>\n<p>&#8211; Sjekk at det ikke er l\u00f8se taksteiner p\u00e5 huset. Fort\u00f8yningen av b\u00e5ter b\u00f8r forsterkes og biler b\u00f8r parkeres i god avstand til store tr\u00e6r og lignende. Og husk \u00e5 ta vare p\u00e5 deg selv og de rundt deg. Hold deg innend\u00f8rs n\u00e5r det bl\u00e5ser som verst.<\/p>\n<p class=\"font-weight-bold m-font-weight-bold\" data-lab-font_weight=\"font-weight-bold\">Hun minner spesielt om trampoliner som b\u00f8r sikres ekstra godt.<\/p>\n<p>&#8211; Vi ser ofte at trampoliner flyr i vinden, og lander p\u00e5 naboens bil, hus eller gjerder. Men enda verre er det om den treffer en person, sier Hofstad Nielsen.\u00a0\u00a0<\/p>\n<p>\u00a0<\/p>\n","protected":false},"excerpt":{"rendered":"Nettselskaper \u00f8ker beredskapen f\u00f8r nattas uv\u00e6r.\u00a0 RUSKEV\u00c6R: Kartet viser vindstyrke og det ser ut til \u00e5 treffe Nordland&hellip;\n","protected":false},"author":2,"featured_media":122340,"comment_status":"","ping_status":"","sticky":false,"template":"","format":"standard","meta":{"footnotes":""},"categories":[5],"tags":[14508,20,21,14510,24,25,15,19,479,22,23,17,18,13,30,28,29,14,14509,16,26,27,142],"class_list":{"0":"post-122339","1":"post","2":"type-post","3":"status-publish","4":"format-standard","5":"has-post-thumbnail","7":"category-overskrifter","8":"tag-alene-i-jula","9":"tag-breaking-news","10":"tag-breakingnews","11":"tag-brutt-forlovelse","12":"tag-featured-news","13":"tag-featurednews","14":"tag-headlines","15":"tag-hovedoppslag","16":"tag-kjendis","17":"tag-latest-news","18":"tag-latestnews","19":"tag-main-news","20":"tag-mainnews","21":"tag-news","22":"tag-no","23":"tag-norge","24":"tag-norway","25":"tag-nyheter","26":"tag-ola-conny-wallgren","27":"tag-overskrifter","28":"tag-top-stories","29":"tag-topstories","30":"tag-ullared"},"share_on_mastodon":{"url":"https:\/\/pubeurope.com\/@no\/115787012943705952","error":""},"_links":{"self":[{"href":"https:\/\/www.europesays.com\/no\/wp-json\/wp\/v2\/posts\/122339","targetHints":{"allow":["GET"]}}],"collection":[{"href":"https:\/\/www.europesays.com\/no\/wp-json\/wp\/v2\/posts"}],"about":[{"href":"https:\/\/www.europesays.com\/no\/wp-json\/wp\/v2\/types\/post"}],"author":[{"embeddable":true,"href":"https:\/\/www.europesays.com\/no\/wp-json\/wp\/v2\/users\/2"}],"replies":[{"embeddable":true,"href":"https:\/\/www.europesays.com\/no\/wp-json\/wp\/v2\/comments?post=122339"}],"version-history":[{"count":0,"href":"https:\/\/www.europesays.com\/no\/wp-json\/wp\/v2\/posts\/122339\/revisions"}],"wp:featuredmedia":[{"embeddable":true,"href":"https:\/\/www.europesays.com\/no\/wp-json\/wp\/v2\/media\/122340"}],"wp:attachment":[{"href":"https:\/\/www.europesays.com\/no\/wp-json\/wp\/v2\/media?parent=122339"}],"wp:term":[{"taxonomy":"category","embeddable":true,"href":"https:\/\/www.europesays.com\/no\/wp-json\/wp\/v2\/categories?post=122339"},{"taxonomy":"post_tag","embeddable":true,"href":"https:\/\/www.europesays.com\/no\/wp-json\/wp\/v2\/tags?post=122339"}],"curies":[{"name":"wp","href":"https:\/\/api.w.org\/{rel}","templated":true}]}}