{"id":122343,"date":"2025-12-26T17:24:12","date_gmt":"2025-12-26T17:24:12","guid":{"rendered":"https:\/\/www.europesays.com\/no\/122343\/"},"modified":"2025-12-26T17:24:12","modified_gmt":"2025-12-26T17:24:12","slug":"vaeret-haugesund-vaeret-snur-stiv-kuling-og-varm-sjokk-i-fjellet","status":"publish","type":"post","link":"https:\/\/www.europesays.com\/no\/122343\/","title":{"rendered":"V\u00e6ret, Haugesund | V\u00e6ret snur: Stiv kuling og \u00abvarm sjokk\u00bb i fjellet"},"content":{"rendered":"\n<p><b>V\u00c6RET: <\/b>Det fine julev\u00e6ret trekker vestover, og en nord-nordvestlig vind tar over. Haldis Berge ved Vervarslinga p\u00e5 Vestlandet forteller at vinden vil \u00f8ke utover natta.<\/p>\n<p><b>\u2013 Det ligger an til en nord-nordvestlig stiv kuling, og kanskje perioder med sterk kuling p\u00e5 kysten i l\u00f8pet av l\u00f8rdag ettermiddag, sier den vakthavende meteorologen.<\/b><\/p>\n<p>Vinden minker igjen utover s\u00f8ndag kveld.<\/p>\n<p>Varmere i lavlandet<\/p>\n<p>Selv om det bl\u00e5ser opp, er det ikke ventet store endringer i temperaturen i lavlandet. Berge forklarer at et spesielt fenomen, kalt , har gjort det kaldt i dalstr\u00f8kene den siste tiden.<\/p>\n<p><b>\u2013 Det er varm luft i h\u00f8yden og kaldt innover i dalene. N\u00e5r vinden kommer, f\u00e5r vi en omr\u00f8ring av luften. Da vil temperaturen g\u00e5 litt opp i lavlandet, mens den g\u00e5r litt ned i fjellet, forklarer hun.<\/b><\/p>\n<p>Haugesund lufthavn registrerte nylig 6,5 grader, mens det enkelte steder i fjellet har v\u00e6rt uvanlig varmt for \u00e5rstiden. B\u00e5de R\u00f8ldalsfjellet og Finse har hatt temperaturer mellom 7 og 9 plussgrader i h\u00f8yden.<\/p>\n<p>Gode kj\u00f8reforhold p\u00e5 Haukeli<\/p>\n<p>Prognosene er gode for dem som skal over fjellet i helga. Ingen nedb\u00f8r er ventet p\u00e5 de st\u00f8rste fjellovergangene.<\/p>\n<p><b>\u2013 Det ser ut til \u00e5 bli ganske greit over Haukelifjell. Det blir vind, men ikke noe nedb\u00f8r. Sn\u00f8en som ligger der er s\u00e5pass fast at det skal en del til for at det begynner \u00e5 foke, sier Berge.<\/b><\/p>\n<p>Selv om kuling varsles langs kysten, er det forel\u00f8pig ikke sendt ut spesielle farevarsler for distriktet v\u00e5rt. Den t\u00f8rre og fine perioden ser ut til \u00e5 vare ut mandag, f\u00f8r det er ventet nedb\u00f8r igjen p\u00e5 tirsdag.<\/p>\n","protected":false},"excerpt":{"rendered":"V\u00c6RET: Det fine julev\u00e6ret trekker vestover, og en nord-nordvestlig vind tar over. Haldis Berge ved Vervarslinga p\u00e5 Vestlandet&hellip;\n","protected":false},"author":2,"featured_media":122344,"comment_status":"","ping_status":"","sticky":false,"template":"","format":"standard","meta":{"footnotes":""},"categories":[10],"tags":[36,20,21,24,25,1337,11601,15,22,23,13,30,28,29,14,16,1510,26,27,387,12096],"class_list":{"0":"post-122343","1":"post","2":"type-post","3":"status-publish","4":"format-standard","5":"has-post-thumbnail","7":"category-norge","8":"tag-art","9":"tag-breaking-news","10":"tag-breakingnews","11":"tag-featured-news","12":"tag-featurednews","13":"tag-haugesund","14":"tag-haukelifjell","15":"tag-headlines","16":"tag-latest-news","17":"tag-latestnews","18":"tag-news","19":"tag-no","20":"tag-norge","21":"tag-norway","22":"tag-nyheter","23":"tag-overskrifter","24":"tag-story","25":"tag-top-stories","26":"tag-topstories","27":"tag-vaeret","28":"tag-vervarslinga-pa-vestlandet"},"share_on_mastodon":{"url":"https:\/\/pubeurope.com\/@no\/115787036482561575","error":""},"_links":{"self":[{"href":"https:\/\/www.europesays.com\/no\/wp-json\/wp\/v2\/posts\/122343","targetHints":{"allow":["GET"]}}],"collection":[{"href":"https:\/\/www.europesays.com\/no\/wp-json\/wp\/v2\/posts"}],"about":[{"href":"https:\/\/www.europesays.com\/no\/wp-json\/wp\/v2\/types\/post"}],"author":[{"embeddable":true,"href":"https:\/\/www.europesays.com\/no\/wp-json\/wp\/v2\/users\/2"}],"replies":[{"embeddable":true,"href":"https:\/\/www.europesays.com\/no\/wp-json\/wp\/v2\/comments?post=122343"}],"version-history":[{"count":0,"href":"https:\/\/www.europesays.com\/no\/wp-json\/wp\/v2\/posts\/122343\/revisions"}],"wp:featuredmedia":[{"embeddable":true,"href":"https:\/\/www.europesays.com\/no\/wp-json\/wp\/v2\/media\/122344"}],"wp:attachment":[{"href":"https:\/\/www.europesays.com\/no\/wp-json\/wp\/v2\/media?parent=122343"}],"wp:term":[{"taxonomy":"category","embeddable":true,"href":"https:\/\/www.europesays.com\/no\/wp-json\/wp\/v2\/categories?post=122343"},{"taxonomy":"post_tag","embeddable":true,"href":"https:\/\/www.europesays.com\/no\/wp-json\/wp\/v2\/tags?post=122343"}],"curies":[{"name":"wp","href":"https:\/\/api.w.org\/{rel}","templated":true}]}}