{"id":122345,"date":"2025-12-26T17:25:19","date_gmt":"2025-12-26T17:25:19","guid":{"rendered":"https:\/\/www.europesays.com\/no\/122345\/"},"modified":"2025-12-26T17:25:19","modified_gmt":"2025-12-26T17:25:19","slug":"trafikkulykke-pa-e18-i-tonsberg-veien-er-stengt","status":"publish","type":"post","link":"https:\/\/www.europesays.com\/no\/122345\/","title":{"rendered":"Trafikkulykke p\u00e5 E18 i T\u00f8nsberg: Veien er stengt"},"content":{"rendered":"\n<p class=\"_lead_o9xde_2 _lead_xtcu6_50 layout-component text-serif-m layout-normal text-serif-l layout-component layout-wide layout-padded _wide_17hqh_1 layout-padded\">Veien er stengt i s\u00f8rg\u00e5ende retning. Det har v\u00e6rt lange k\u00f8er.<\/p>\n<p><img alt=\"Det er store trafikale utfordringer p\u00e5 stedet etter ulykken.  Foto: Peder Gjers\u00f8e\" class=\"_image_qp4xg_65 layout-component layout-wide\" data-fullscreen- data-track-element-type=\"Article image fullscreen\" data-track-name=\"ImageFullscreen\" fetchpriority=\"high\" decoding=\"sync\" loading=\"eager\" height=\"1080\" itemprop=\"image\"  src=\"https:\/\/www.europesays.com\/no\/wp-content\/uploads\/2025\/12\/4cb46c5d-039b-478e-aa81-2462f2ada800\"  style=\"object-position:0% 0%\" width=\"1920\"\/>Det er store trafikale utfordringer p\u00e5 stedet etter ulykken.  Foto: Peder Gjers\u00f8e<\/p>\n<ul aria-hidden=\"true\" class=\"_images_ntbth_112\">\n<li><a class=\"_link_ntbth_117\" href=\"https:\/\/www.vg.no\/forfatter\/vilde-elgaaen\" style=\"z-index:2\" title=\"Vilde Elgaaen\" rel=\"nofollow noopener\" target=\"_blank\"><img alt=\"Bilde av Vilde Elgaaen\" class=\"_image_ntbth_93\" fetchpriority=\"low\" loading=\"lazy\" decoding=\"async\" itemprop=\"image\"  src=\"https:\/\/www.europesays.com\/no\/wp-content\/uploads\/2025\/12\/1766769915_797_d7abc11e-e453-4b15-b473-933209ff5fea\"  width=\"480\"\/><\/a><\/li>\n<li><a class=\"_link_ntbth_117\" href=\"https:\/\/www.vg.no\/forfatter\/einar-torkelsen\" style=\"z-index:1\" title=\"Einar Torkelsen\" rel=\"nofollow noopener\" target=\"_blank\"><img alt=\"Bilde av Einar Torkelsen\" class=\"_image_ntbth_93\" fetchpriority=\"low\" loading=\"lazy\" decoding=\"async\" itemprop=\"image\"  src=\"https:\/\/www.europesays.com\/no\/wp-content\/uploads\/2025\/12\/1766769915_225_f6016772-ddbc-43d2-b733-41afc7cc9046\"  width=\"480\"\/><\/a><\/li>\n<\/ul>\n<p> Oppdatert fredag 26. desember kl. 16:53     <\/p>\n<p class=\"_paragraph_o9xde_4 _paragraph_xtcu6_10 layout-component text-serif-m layout-normal text-serif-m layout-padded\">En person er fl\u00f8yet til Ullev\u00e5l med luftambulanse etter en trafikkulykke p\u00e5 E18 i <a href=\"https:\/\/www.vg.no\/tag\/toensberg?utm_source=vg-article&amp;utm_medium=auto-tagger&amp;utm_campaign=9pv8QE\" class=\"_link_o9xde_39\" rel=\"nofollow noopener\" target=\"_blank\">T\u00f8nsberg<\/a>, opplyser politiet. <\/p>\n<p class=\"_paragraph_o9xde_4 _paragraph_xtcu6_10 layout-component text-serif-m layout-normal text-serif-m layout-padded\">\u2013 Det har v\u00e6rt flere sammenst\u00f8t og det er flere biler involvert, sier operasjonsleder Jan Kristian Johnsrud til VG.<\/p>\n<p class=\"_paragraph_o9xde_4 _paragraph_xtcu6_10 layout-component text-serif-m layout-normal text-serif-m layout-padded\">Han forteller at politiets krimteknikere er tilkalt. Ogs\u00e5 ulykkesgruppen til Statens vegvesen har blitt varslet. <\/p>\n<p>            <img decoding=\"async\" aria-describedby=\"veikamera0729007_1\" alt=\"E18 Tveiten. Retning Drammen. Webkamera: Statens vegvesen\" src=\"https:\/\/www.europesays.com\/no\/wp-content\/uploads\/2025\/12\/0729007_1.jpeg\" style=\"width: 100%\"\/><\/p>\n<p>                 E18 Tveiten. Retning Drammen. Webkamera: Statens vegvesen<\/p>\n<p class=\"_paragraph_o9xde_4 _paragraph_xtcu6_10 layout-component text-serif-m layout-normal text-serif-m layout-padded\">De involverte bilene kan ikke bli flyttet f\u00f8r unders\u00f8kelsene er gjennomf\u00f8rt. Veien vil derfor trolig bli stengt en lengre periode, forklarer Johnsrud. <\/p>\n<p class=\"_paragraph_o9xde_4 _paragraph_xtcu6_10 layout-component text-serif-m layout-normal text-serif-m layout-padded\">\u2013 Det er fortsatt lang k\u00f8, med forsinkelse p\u00e5 en og en halv time, sier trafikkoperat\u00f8r Marita Bakke B\u00f8 i Statens vegvesen klokken 16.30. <\/p>\n<p class=\"_paragraph_o9xde_4 _paragraph_xtcu6_10 layout-component text-serif-m layout-normal text-serif-m layout-padded\">Det er skiltet for omkj\u00f8ring, if\u00f8lge Vegvesenet. <\/p>\n<p><img alt=\"E18 Tveiten da det var lang k\u00f8.  Foto: Webkamera: Statens vegvesen\" class=\"_image_qp4xg_65 layout-component layout-normal\" data-fullscreen- data-track-element-type=\"Article image fullscreen\" data-track-name=\"ImageFullscreen\" decoding=\"async\" loading=\"lazy\" height=\"405\" itemprop=\"image\"  src=\"https:\/\/www.europesays.com\/no\/wp-content\/uploads\/2025\/12\/287eb214-8ba0-4f41-8d54-dae9bac0b964\"  style=\"object-position:0% 0%\" width=\"757\"\/>E18 Tveiten da det var lang k\u00f8.  Foto: Webkamera: Statens vegvesen<\/p>\n<p class=\"_paragraph_o9xde_4 _paragraph_xtcu6_10 layout-component text-serif-m layout-normal text-serif-m layout-padded\">Tidligere fredag skrev de at en person fremsto alvorlig skadet. De skrev samtidig at det jobbes med omkj\u00f8ringsrute.<\/p>\n<p class=\"_paragraph_o9xde_4 _paragraph_xtcu6_10 layout-component text-serif-m layout-normal text-serif-m layout-padded\">\u2013 Politiet dirigerer trafikken p\u00e5 stedet for \u00e5 hjelpe bilister i k\u00f8 til \u00e5 komme seg videre, skriver Johnsrud.<\/p>\n<p class=\"_paragraph_o9xde_4 _paragraph_xtcu6_10 layout-component text-serif-m layout-normal text-serif-m layout-padded\">Det var klokken 14.20 politiet f\u00f8rst fikk melding om at flere biler hadde v\u00e6rt involvert i en ulykke p\u00e5 E18 i T\u00f8nsberg. Da var ogs\u00e5 skade\u00adomfang ukjent. <\/p>\n<p>    <img decoding=\"async\" alt=\"Tips oss illustrasjon\" src=\"https:\/\/www.europesays.com\/no\/wp-content\/uploads\/2025\/10\/pssst-small.webp.webp\"\/>    <\/p>\n<p class=\"title-serif-s\">Har du tips?<\/p>\n<p class=\"text-sans-m\">Send oss informasjon, bilder eller video.<\/p>\n<p>  <a href=\"https:\/\/www.vg.no\/tips-oss\" rel=\"nofollow noopener\" target=\"_blank\"> Tips oss <\/a>      <\/p>\n","protected":false},"excerpt":{"rendered":"Veien er stengt i s\u00f8rg\u00e5ende retning. Det har v\u00e6rt lange k\u00f8er. Det er store trafikale utfordringer p\u00e5 stedet&hellip;\n","protected":false},"author":2,"featured_media":122346,"comment_status":"","ping_status":"","sticky":false,"template":"","format":"standard","meta":{"footnotes":""},"categories":[5],"tags":[31,20,21,940,24,25,15,19,22,23,17,18,13,30,28,29,14,16,26,27,431,1100],"class_list":{"0":"post-122345","1":"post","2":"type-post","3":"status-publish","4":"format-standard","5":"has-post-thumbnail","7":"category-overskrifter","8":"tag-breaking","9":"tag-breaking-news","10":"tag-breakingnews","11":"tag-e18","12":"tag-featured-news","13":"tag-featurednews","14":"tag-headlines","15":"tag-hovedoppslag","16":"tag-latest-news","17":"tag-latestnews","18":"tag-main-news","19":"tag-mainnews","20":"tag-news","21":"tag-no","22":"tag-norge","23":"tag-norway","24":"tag-nyheter","25":"tag-overskrifter","26":"tag-top-stories","27":"tag-topstories","28":"tag-tonsberg","29":"tag-trafikkulykker"},"share_on_mastodon":{"url":"https:\/\/pubeurope.com\/@no\/115787040451728731","error":""},"_links":{"self":[{"href":"https:\/\/www.europesays.com\/no\/wp-json\/wp\/v2\/posts\/122345","targetHints":{"allow":["GET"]}}],"collection":[{"href":"https:\/\/www.europesays.com\/no\/wp-json\/wp\/v2\/posts"}],"about":[{"href":"https:\/\/www.europesays.com\/no\/wp-json\/wp\/v2\/types\/post"}],"author":[{"embeddable":true,"href":"https:\/\/www.europesays.com\/no\/wp-json\/wp\/v2\/users\/2"}],"replies":[{"embeddable":true,"href":"https:\/\/www.europesays.com\/no\/wp-json\/wp\/v2\/comments?post=122345"}],"version-history":[{"count":0,"href":"https:\/\/www.europesays.com\/no\/wp-json\/wp\/v2\/posts\/122345\/revisions"}],"wp:featuredmedia":[{"embeddable":true,"href":"https:\/\/www.europesays.com\/no\/wp-json\/wp\/v2\/media\/122346"}],"wp:attachment":[{"href":"https:\/\/www.europesays.com\/no\/wp-json\/wp\/v2\/media?parent=122345"}],"wp:term":[{"taxonomy":"category","embeddable":true,"href":"https:\/\/www.europesays.com\/no\/wp-json\/wp\/v2\/categories?post=122345"},{"taxonomy":"post_tag","embeddable":true,"href":"https:\/\/www.europesays.com\/no\/wp-json\/wp\/v2\/tags?post=122345"}],"curies":[{"name":"wp","href":"https:\/\/api.w.org\/{rel}","templated":true}]}}