{"id":122351,"date":"2025-12-26T17:33:21","date_gmt":"2025-12-26T17:33:21","guid":{"rendered":"https:\/\/www.europesays.com\/no\/122351\/"},"modified":"2025-12-26T17:33:21","modified_gmt":"2025-12-26T17:33:21","slug":"olympiatoppen-frarader-bruk-av-simulert-hoyde-vil-unnga-spekulasjoner-2","status":"publish","type":"post","link":"https:\/\/www.europesays.com\/no\/122351\/","title":{"rendered":"Olympiatoppen frar\u00e5der bruk av simulert h\u00f8yde \u2013 vil unng\u00e5 spekulasjoner"},"content":{"rendered":"<p>\u00abI p\u00e5vente av fakta i saken knyttet til det tragiske d\u00f8dsfallet til Sivert Bakken har Olympiatoppen besluttet, og kommunisert til idrettene, at de frar\u00e5der bruk av simulert h\u00f8yde til ut\u00f8vere som eventuelt benytter seg av dette\u00bb, heter det i meldingen som er sendt ut fredag.<\/p>\n<p>Skiskytteren Bakken ble funnet d\u00f8d p\u00e5 et hotell i Lavaze lille julaften. I etterkant har det kommet fram at han hadde p\u00e5 seg en h\u00f8ydemaske da han ble funnet.<\/p>\n<p>Det er ikke kjent om bruken av h\u00f8ydemasken har hatt p\u00e5virkning til d\u00f8dsfallet, men Olympiatoppen tar grep fram til fakta er p\u00e5 bordet.<\/p>\n<p> \u2013 Vi hadde tenkt \u00e5 vente, men vi opplever at det er spekulasjoner i full sving rundt om dette er \u00e5rsaken. Da mener vi det er best \u00e5 ta ut denne faktoren, sier toppidrettssjef i Olympiatoppen, Tore \u00d8vreb\u00f8, til <a href=\"https:\/\/www.dagbladet.no\/sport\/frarader-midlertidig-bruk\/84028636\" rel=\"noopener nofollow\" target=\"_blank\">Dagbladet<\/a>.<\/p>\n<p>\u2013 Vi kjenner ikke d\u00f8ds\u00e5rsak. Men det skaper uro i hele milj\u00f8et n\u00e5r det blir antydet at det kan ha en sammenheng med maskebruk uten faktagrunnlag for \u00e5 si det, legger han til.<\/p>\n<p>\u00d8nsker klarhet<\/p>\n<p>Skiskytterforbundet har tidligere opplyst at de ikke kjente til Bakkens bruk av masken.<\/p>\n<p>\u2013 Norges Skiskytterforbund kjenner per n\u00e5 ikke til omstendighetene rundt anskaffelse og bruk av denne masken. I dagene som kommer vil forbundet fors\u00f8ke \u00e5 f\u00e5 n\u00e6rmere klarhet i faktiske forhold knyttet til dette, skrev de i en melding julaften.<\/p>\n<p>Det er varslet at de f\u00f8rste resultatene av obduksjonen av Bakken kommer tidlig neste uke.<\/p>\n<p>En rekke lagkamerater og konkurrenter har uttrykt stor sorg over Bakkens bortgang i sosiale medier. Vingrom-ut\u00f8veren var \u00e9n av flere norske l\u00f8pere som skulle v\u00e6re p\u00e5 h\u00f8ydesamling i Italia i julen.<\/p>\n<p>Var forbudt lenge<\/p>\n<p>H\u00f8ydemasker benyttes for \u00e5 simulere at en person befinner seg h\u00f8yere over havet enn det som er realiteten.<\/p>\n<p>Simulert h\u00f8yde var tidligere forbudt i Norge, men forbudet ble opphevet for noen \u00e5r siden.<\/p>\n<p>N\u00e5 har OLT satt ned foten midlertidig.<\/p>\n","protected":false},"excerpt":{"rendered":"\u00abI p\u00e5vente av fakta i saken knyttet til det tragiske d\u00f8dsfallet til Sivert Bakken har Olympiatoppen besluttet, og&hellip;\n","protected":false},"author":2,"featured_media":122352,"comment_status":"","ping_status":"","sticky":false,"template":"","format":"standard","meta":{"footnotes":""},"categories":[5],"tags":[967,20,21,24,25,15,19,22,23,17,18,13,30,28,29,14,16,26,27],"class_list":{"0":"post-122351","1":"post","2":"type-post","3":"status-publish","4":"format-standard","5":"has-post-thumbnail","7":"category-overskrifter","8":"tag-artikler-fra-ntb","9":"tag-breaking-news","10":"tag-breakingnews","11":"tag-featured-news","12":"tag-featurednews","13":"tag-headlines","14":"tag-hovedoppslag","15":"tag-latest-news","16":"tag-latestnews","17":"tag-main-news","18":"tag-mainnews","19":"tag-news","20":"tag-no","21":"tag-norge","22":"tag-norway","23":"tag-nyheter","24":"tag-overskrifter","25":"tag-top-stories","26":"tag-topstories"},"share_on_mastodon":{"url":"https:\/\/pubeurope.com\/@no\/115787071695998526","error":""},"_links":{"self":[{"href":"https:\/\/www.europesays.com\/no\/wp-json\/wp\/v2\/posts\/122351","targetHints":{"allow":["GET"]}}],"collection":[{"href":"https:\/\/www.europesays.com\/no\/wp-json\/wp\/v2\/posts"}],"about":[{"href":"https:\/\/www.europesays.com\/no\/wp-json\/wp\/v2\/types\/post"}],"author":[{"embeddable":true,"href":"https:\/\/www.europesays.com\/no\/wp-json\/wp\/v2\/users\/2"}],"replies":[{"embeddable":true,"href":"https:\/\/www.europesays.com\/no\/wp-json\/wp\/v2\/comments?post=122351"}],"version-history":[{"count":0,"href":"https:\/\/www.europesays.com\/no\/wp-json\/wp\/v2\/posts\/122351\/revisions"}],"wp:featuredmedia":[{"embeddable":true,"href":"https:\/\/www.europesays.com\/no\/wp-json\/wp\/v2\/media\/122352"}],"wp:attachment":[{"href":"https:\/\/www.europesays.com\/no\/wp-json\/wp\/v2\/media?parent=122351"}],"wp:term":[{"taxonomy":"category","embeddable":true,"href":"https:\/\/www.europesays.com\/no\/wp-json\/wp\/v2\/categories?post=122351"},{"taxonomy":"post_tag","embeddable":true,"href":"https:\/\/www.europesays.com\/no\/wp-json\/wp\/v2\/tags?post=122351"}],"curies":[{"name":"wp","href":"https:\/\/api.w.org\/{rel}","templated":true}]}}