{"id":122355,"date":"2025-12-26T17:42:55","date_gmt":"2025-12-26T17:42:55","guid":{"rendered":"https:\/\/www.europesays.com\/no\/122355\/"},"modified":"2025-12-26T17:42:55","modified_gmt":"2025-12-26T17:42:55","slug":"trafikk-sogn-sa-langt-ser-det-bra-ut-pa-vegane-men-det-er-vanskeleg-a-spa","status":"publish","type":"post","link":"https:\/\/www.europesays.com\/no\/122355\/","title":{"rendered":"Trafikk, Sogn | \u2013 S\u00e5 langt ser det bra ut p\u00e5 vegane, men det er vanskeleg \u00e5 sp\u00e5"},"content":{"rendered":"\n<p>\u2013 Eg trur ikkje det vert slik i \u00e5r, sidan det er p\u00e5 ein fredag og folk flest har fri i morgon, seier trafikkoperat\u00f8r Lise Kristoffersen ved vegmeldingssentralen Vest.<\/p>\n<p>Tidleg fredagsmorgon melder ho om ei roleg vakt og ingen vegmeldingar i v\u00e5rt omr\u00e5de. Heller ingen meldingar om glatt veg.<\/p>\n<p>\u2013 Om det er fordi folk ikkje har kome seg ut p\u00e5 vegen enno, det er ikkje s\u00e5 godt \u00e5 vite. Det har meldt fint v\u00ear, men det er vanskeleg \u00e5 sp\u00e5, seier Kristoffersen som ikkje ventar det store trykket p\u00e5 vakta si.<\/p>\n<p>Statens vegvesen ventar at heimfartstrafikken etter jula i \u00e5r vil spreia seg over fleire dagar, skriv dei i ei pressemelding.<\/p>\n<p> F\u00f8rste vanlege arbeidsdag etter nytt\u00e5r fell i \u00e5r p\u00e5 ein fredag. Mange vil difor ta heimekontor eller fri denne dagen, og dryga heimreisa til f\u00f8rste helga etter nytt\u00e5r. Men det vil ogs\u00e5 avhenga av v\u00ear- og f\u00f8reforhold, som kan endra seg raskt p\u00e5 denne tida av \u00e5ret.<\/p>\n<p>Det vert oppmoda om \u00e5 bruka Vegvesenets prognosetenester i Vegvesen trafikk-appen eller p\u00e5 www.vegvesen.no\/trafikk for \u00e5 planleggja kva dag ein b\u00f8r reisa. <\/p>\n<p>Fleire trafikkinformasjonstenester fr\u00e5 Statens vegvesen<\/p>\n<p>Du finn alle Statens vegvesens trafikkinformasjonstenester p\u00e5 www.vegvesen.no\/trafikk:<\/p>\n","protected":false},"excerpt":{"rendered":"\u2013 Eg trur ikkje det vert slik i \u00e5r, sidan det er p\u00e5 ein fredag og folk flest&hellip;\n","protected":false},"author":2,"featured_media":4378,"comment_status":"","ping_status":"","sticky":false,"template":"","format":"standard","meta":{"footnotes":""},"categories":[5],"tags":[36,20,21,24,25,15,19,22,23,17,18,13,30,28,29,14,16,6337,1899,1510,26,27,224],"class_list":{"0":"post-122355","1":"post","2":"type-post","3":"status-publish","4":"format-standard","5":"has-post-thumbnail","7":"category-overskrifter","8":"tag-art","9":"tag-breaking-news","10":"tag-breakingnews","11":"tag-featured-news","12":"tag-featurednews","13":"tag-headlines","14":"tag-hovedoppslag","15":"tag-latest-news","16":"tag-latestnews","17":"tag-main-news","18":"tag-mainnews","19":"tag-news","20":"tag-no","21":"tag-norge","22":"tag-norway","23":"tag-nyheter","24":"tag-overskrifter","25":"tag-sogn","26":"tag-statens-vegvesen","27":"tag-story","28":"tag-top-stories","29":"tag-topstories","30":"tag-trafikk"},"share_on_mastodon":{"url":"https:\/\/pubeurope.com\/@no\/115787111097667124","error":""},"_links":{"self":[{"href":"https:\/\/www.europesays.com\/no\/wp-json\/wp\/v2\/posts\/122355","targetHints":{"allow":["GET"]}}],"collection":[{"href":"https:\/\/www.europesays.com\/no\/wp-json\/wp\/v2\/posts"}],"about":[{"href":"https:\/\/www.europesays.com\/no\/wp-json\/wp\/v2\/types\/post"}],"author":[{"embeddable":true,"href":"https:\/\/www.europesays.com\/no\/wp-json\/wp\/v2\/users\/2"}],"replies":[{"embeddable":true,"href":"https:\/\/www.europesays.com\/no\/wp-json\/wp\/v2\/comments?post=122355"}],"version-history":[{"count":0,"href":"https:\/\/www.europesays.com\/no\/wp-json\/wp\/v2\/posts\/122355\/revisions"}],"wp:featuredmedia":[{"embeddable":true,"href":"https:\/\/www.europesays.com\/no\/wp-json\/wp\/v2\/media\/4378"}],"wp:attachment":[{"href":"https:\/\/www.europesays.com\/no\/wp-json\/wp\/v2\/media?parent=122355"}],"wp:term":[{"taxonomy":"category","embeddable":true,"href":"https:\/\/www.europesays.com\/no\/wp-json\/wp\/v2\/categories?post=122355"},{"taxonomy":"post_tag","embeddable":true,"href":"https:\/\/www.europesays.com\/no\/wp-json\/wp\/v2\/tags?post=122355"}],"curies":[{"name":"wp","href":"https:\/\/api.w.org\/{rel}","templated":true}]}}