{"id":122360,"date":"2025-12-26T17:56:08","date_gmt":"2025-12-26T17:56:08","guid":{"rendered":"https:\/\/www.europesays.com\/no\/122360\/"},"modified":"2025-12-26T17:56:08","modified_gmt":"2025-12-26T17:56:08","slug":"trafikkulykke-trafikk-romjulsferd-pa-sommerdekk-endte-av-veien-sjaforen-mistet-lappen","status":"publish","type":"post","link":"https:\/\/www.europesays.com\/no\/122360\/","title":{"rendered":"Trafikkulykke, Trafikk | Romjulsferd p\u00e5 sommerdekk endte av veien: Sj\u00e5f\u00f8ren mistet lappen"},"content":{"rendered":"\n<p>Klokken 1750 fredag meldte politiet om at en personbil skal ha kj\u00f8rt ut av veien i p\u00e5 Frotveit i Fana. Ulykken skal ha skjedd klokken 1706.<\/p>\n<p>If\u00f8lge meldingen skulle f\u00f8reren v\u00e6re borte fra ulykkesstedet.<\/p>\n<p>\u2013 Ingen personer \u00e5 se verken i eller ved bilen, opplyser operasjonsleder Frode Kolltveit i Vest politidistrikt, som melder at veien i omr\u00e5det er glatt.<\/p>\n<p>If\u00f8lge Kolltveit ble en politipatrulje sendt mot stedet, og politiet fikk etter hvert kontakt med bilf\u00f8reren, som skal v\u00e6re en mann i 20-\u00e5rene.<\/p>\n<p>Politiet: \u2013 Sa han glemte \u00e5 varsle<\/p>\n<p>Han skal ha sagt til politiet at bilen skled av veien p\u00e5 grunn av det glatte f\u00f8ret, og skal ha v\u00e6rt uskadet, i likhet med et annet familiemedlem som ogs\u00e5 skal ha v\u00e6rt i bilen.<\/p>\n<p>Kolltveit melder at f\u00f8rer skal ha glemt \u00e5 varsle politiet, men selv varslet bergingsbilen som da allerede var p\u00e5 vei.<\/p>\n<p>\u2013 Det er passering for annen trafikk, opplyser operasjonslederen.<\/p>\n<p>\u2013 Kj\u00f8rte p\u00e5 sommerdekk<\/p>\n<p>Klokken 1812 melder Kolltveit at politiet oppretter sak og beslagla sj\u00e5f\u00f8rens f\u00f8rerkort, og kommer med en opplysning som kan forklare hvorfor veien ble for glatt:<\/p>\n<p>\u2013 Bil p\u00e5satt fire sommerdekk!<\/p>\n<p>Bergingsbil er ogs\u00e5 p\u00e5 stedet, meldte politiet ti minutter tidligere.<\/p>\n","protected":false},"excerpt":{"rendered":"Klokken 1750 fredag meldte politiet om at en personbil skal ha kj\u00f8rt ut av veien i p\u00e5 Frotveit&hellip;\n","protected":false},"author":2,"featured_media":1615,"comment_status":"","ping_status":"","sticky":false,"template":"","format":"standard","meta":{"footnotes":""},"categories":[12],"tags":[36,20,21,5702,24,25,15,22,23,13,30,28,29,14,16,468,1510,26,27,224,666,42,43,44,45],"class_list":{"0":"post-122360","1":"post","2":"type-post","3":"status-publish","4":"format-standard","5":"has-post-thumbnail","7":"category-verden","8":"tag-art","9":"tag-breaking-news","10":"tag-breakingnews","11":"tag-fana","12":"tag-featured-news","13":"tag-featurednews","14":"tag-headlines","15":"tag-latest-news","16":"tag-latestnews","17":"tag-news","18":"tag-no","19":"tag-norge","20":"tag-norway","21":"tag-nyheter","22":"tag-overskrifter","23":"tag-politiet","24":"tag-story","25":"tag-top-stories","26":"tag-topstories","27":"tag-trafikk","28":"tag-trafikkulykke","29":"tag-verden","30":"tag-world","31":"tag-world-news","32":"tag-worldnews"},"share_on_mastodon":{"url":"https:\/\/pubeurope.com\/@no\/115787162221096806","error":""},"_links":{"self":[{"href":"https:\/\/www.europesays.com\/no\/wp-json\/wp\/v2\/posts\/122360","targetHints":{"allow":["GET"]}}],"collection":[{"href":"https:\/\/www.europesays.com\/no\/wp-json\/wp\/v2\/posts"}],"about":[{"href":"https:\/\/www.europesays.com\/no\/wp-json\/wp\/v2\/types\/post"}],"author":[{"embeddable":true,"href":"https:\/\/www.europesays.com\/no\/wp-json\/wp\/v2\/users\/2"}],"replies":[{"embeddable":true,"href":"https:\/\/www.europesays.com\/no\/wp-json\/wp\/v2\/comments?post=122360"}],"version-history":[{"count":0,"href":"https:\/\/www.europesays.com\/no\/wp-json\/wp\/v2\/posts\/122360\/revisions"}],"wp:featuredmedia":[{"embeddable":true,"href":"https:\/\/www.europesays.com\/no\/wp-json\/wp\/v2\/media\/1615"}],"wp:attachment":[{"href":"https:\/\/www.europesays.com\/no\/wp-json\/wp\/v2\/media?parent=122360"}],"wp:term":[{"taxonomy":"category","embeddable":true,"href":"https:\/\/www.europesays.com\/no\/wp-json\/wp\/v2\/categories?post=122360"},{"taxonomy":"post_tag","embeddable":true,"href":"https:\/\/www.europesays.com\/no\/wp-json\/wp\/v2\/tags?post=122360"}],"curies":[{"name":"wp","href":"https:\/\/api.w.org\/{rel}","templated":true}]}}