{"id":122367,"date":"2025-12-26T18:05:12","date_gmt":"2025-12-26T18:05:12","guid":{"rendered":"https:\/\/www.europesays.com\/no\/122367\/"},"modified":"2025-12-26T18:05:12","modified_gmt":"2025-12-26T18:05:12","slug":"espen-hoibys-pilotskole-kan-ga-konkurs","status":"publish","type":"post","link":"https:\/\/www.europesays.com\/no\/122367\/","title":{"rendered":"Espen H\u00f8ibys pilotskole kan g\u00e5 konkurs"},"content":{"rendered":"\n<p class=\"_lead_o9xde_2 _lead_xtcu6_50 layout-component text-serif-m layout-normal text-serif-l layout-component layout-wide layout-padded _wide_17hqh_1 layout-padded\">Espen H\u00f8iby (66) har store eierinteresser i Pilot Flight Academy (PFA), men \u00f8nsker ikke \u00e5 uttale seg om at pilotskolen mandag kan g\u00e5 konkurs.<\/p>\n<p><img alt=\"PILOTSKOLE: Et av flyene til Pilot Flight Academy avbildet i 2021.  Foto: Frode Hansen \/ VG\" class=\"_image_qp4xg_65 layout-component layout-wide\" data-fullscreen- data-track-element-type=\"Article image fullscreen\" data-track-name=\"ImageFullscreen\" fetchpriority=\"high\" decoding=\"sync\" loading=\"eager\" height=\"3648\" itemprop=\"image\"  src=\"https:\/\/www.europesays.com\/no\/wp-content\/uploads\/2025\/12\/3fda5486-8183-4d68-986e-c883a3012e67\"  style=\"object-position:61.73245614035088% 49.15021929824561%\" width=\"5472\"\/>PILOTSKOLE: Et av flyene til Pilot Flight Academy avbildet i 2021.  Foto: Frode Hansen \/ VG<\/p>\n<ul aria-hidden=\"true\" class=\"_images_ntbth_112\">\n<li><a class=\"_link_ntbth_117\" href=\"https:\/\/www.vg.no\/forfatter\/per-opsahl\" style=\"z-index:1\" title=\"Per Opsahl\" rel=\"nofollow noopener\" target=\"_blank\"><img alt=\"Bilde av Per Opsahl\" class=\"_image_ntbth_93\" fetchpriority=\"low\" loading=\"lazy\" decoding=\"async\" itemprop=\"image\"  src=\"https:\/\/www.europesays.com\/no\/wp-content\/uploads\/2025\/12\/66d2bf0a-e0a8-491f-ade2-e848104671c4\"  width=\"480\"\/><\/a><\/li>\n<\/ul>\n<p> Oppdatert fredag 26. desember kl. 18:39    <\/p>\n<ul class=\"_list_o9xde_3 _list_64s2r_85 _unordered_o9xde_106 text-sans-m\">\n<li class=\"_item_o9xde_30\">Pilot Flight Academy kan g\u00e5 konkurs mandag, og ledelsen jobber uten hell med \u00e5 finne nye investorer.<\/li>\n<li class=\"_item_o9xde_30\">Skolen har 31 betalingsanmerkninger p\u00e5 til sammen nesten fire millioner kroner.<\/li>\n<li class=\"_item_o9xde_30\">Etter planen skal et nytt kull med pilot-elever starte 13. januar. <\/li>\n<\/ul>\n<p>Vis mer <\/p>\n<p class=\"_paragraph_o9xde_4 _paragraph_xtcu6_10 layout-component text-serif-m layout-normal text-serif-m layout-padded\">Administrerende direkt\u00f8r Henriette M\u00f8ller Nielsen skriver i en epost til VG at styret i selskapet fortsatt jobber med \u00e5 fors\u00f8ke \u00e5 unng\u00e5 konkurs.<\/p>\n<p class=\"_paragraph_o9xde_4 _paragraph_xtcu6_10 layout-component text-serif-m layout-normal text-serif-m layout-padded\">\u2013  Siden situasjonen fortsatt er uavklart, ber vi om forst\u00e5else for at vi vil vente med \u00e5 besvare sp\u00f8rsm\u00e5l til styret har fattet en endelig beslutning, skriver M\u00f8ller Nielsen.<\/p>\n<p class=\"_paragraph_o9xde_4 _paragraph_xtcu6_10 layout-component text-serif-m layout-normal text-serif-m layout-padded\">Hun sendte melding til elever og ansatte 23. desember der hun forklarer at styret skal ha m\u00f8te f\u00f8rstkommende s\u00f8ndag, og at konkursbegj\u00e6ringen trolig kommer mandag morgen. <\/p>\n<p class=\"_paragraph_o9xde_4 _paragraph_xtcu6_10 layout-component text-serif-m layout-normal text-serif-m layout-padded\"><strong class=\"_strong_o9xde_25\">Har du tips i forbindelse med denne saken? <a href=\"https:\/\/www.vg.no\/tips-oss\" class=\"_link_o9xde_39\" rel=\"nofollow noopener\" target=\"_blank\">Send oss en melding<\/a>!<\/strong><\/p>\n<p class=\"_paragraph_o9xde_4 _paragraph_xtcu6_10 layout-component text-serif-m layout-normal text-serif-m layout-padded\">Til <a href=\"https:\/\/www.sb.no\/gar-mot-million-konkurs-ikke-vart-mulig-a-fremforhandle-avtale-med-ny-investor\/s\/5-73-2089449\" class=\"_link_o9xde_39\" rel=\"nofollow noopener\" target=\"_blank\">Sandefjords Blad<\/a> bekrefter M\u00f8ller Nielsen at styret har fors\u00f8kt \u00e5 f\u00e5 avtale med nye investorer uten \u00e5 lykkes. <\/p>\n<p class=\"_paragraph_o9xde_4 _paragraph_xtcu6_10 layout-component text-serif-m layout-normal text-serif-m layout-padded\">\u2013 Dermed har styret, slik vi vurderer det i dag, dessverre ikke noe annet alternativ enn \u00e5 begj\u00e6re oppbud, skriver M\u00f8ller Nielsen i en SMS til avisen.<\/p>\n<p>Pilot Flight Academy (PFA)<\/p>\n<ul class=\"_list_o9xde_3 _list_xtcu6_9 _list_16v91_9 _unordered_o9xde_106 layout-component text-serif-m layout-normal text-sans-m layout-padded\">\n<li class=\"_item_o9xde_30\"><strong class=\"_strong_o9xde_25\">Etablert:<\/strong> 2007<\/li>\n<li class=\"_item_o9xde_30\"><strong class=\"_strong_o9xde_25\">Virksomhet:<\/strong> Privat flyskole\/fagskole som tilbyr integrert trafikkflygerutdanning<\/li>\n<li class=\"_item_o9xde_30\"><strong class=\"_strong_o9xde_25\">Lokalisering:<\/strong> Sandefjord lufthavn, Torp<\/li>\n<li class=\"_item_o9xde_30\"><strong class=\"_strong_o9xde_25\">Utdanning:<\/strong> To\u00e5rig pilotutdanning som leder til s\u00e5kalt frozen ATPL (EASA-sertifikater)<\/li>\n<li class=\"_item_o9xde_30\"><strong class=\"_strong_o9xde_25\">Studenter:<\/strong> Flere hundre, med et internasjonalt studentmilj\u00f8<\/li>\n<li class=\"_item_o9xde_30\"><strong class=\"_strong_o9xde_25\">Eierskap:<\/strong> Espen H\u00f8iby er medeier via Pilot Group AS og AAP Group AS<\/li>\n<\/ul>\n<p>Vis merStore krav<\/p>\n<p class=\"_paragraph_o9xde_4 _paragraph_xtcu6_10 layout-component text-serif-m layout-normal text-serif-m layout-padded\">Per 26. desember 2025 er det registrert 31 betalingsanmerkninger p\u00e5 Pilot Flight Academy, og de totale kravene i oversikten er p\u00e5 3.975.394 kroner, viser opplysninger fra Proff.<\/p>\n<p class=\"_paragraph_o9xde_4 _paragraph_xtcu6_10 layout-component text-serif-m layout-normal text-serif-m layout-padded\">Bel\u00f8pene p\u00e5 listen over inkassosaker varierer fra noen hundrelapper for vaktmestertjenester og sn\u00f8m\u00e5king til over tre millioner kroner fra Torp Campus AS. <\/p>\n<p class=\"_paragraph_o9xde_4 _paragraph_xtcu6_10 layout-component text-serif-m layout-normal text-serif-m layout-padded\">Schibsted Media AS, som blant annet eier VG og Aftenposten, har et krav p\u00e5 n\u00e6rmere 190.000 kroner. Kravet stammer fra 17. januar 2025. <\/p>\n<p>Full elevkvote i januar<\/p>\n<p class=\"_paragraph_o9xde_4 _paragraph_xtcu6_10 layout-component text-serif-m layout-normal text-serif-m layout-padded\">Til tross for de store \u00f8konomiske utfordringene har PFA fulltegnet januaropptaket der elevene etter planen skal starte 13. januar. Elever m\u00e5 betale 15.000 i p\u00e5meldingsavgift f\u00f8r skolestart, if\u00f8lge <a href=\"https:\/\/www.pilotflightacademy.com\/costs-and-financing\" class=\"_link_o9xde_39\" rel=\"nofollow noopener\" target=\"_blank\">nettsidene<\/a>. Skolepengene ligger p\u00e5 rundt 300.000 kroner per semester og den totale studieavgiften for hele kurset er 1.170.000 kroner.<\/p>\n<p><img alt=\"Espen H\u00f8iby avbildet utenfor Slottet i Oslo 1. desember 2023.   Foto: Lars Martin Hunstad \/ VG\" class=\"_image_qp4xg_65 layout-component layout-normal\" data-fullscreen- data-track-element-type=\"Article image fullscreen\" data-track-name=\"ImageFullscreen\" decoding=\"async\" loading=\"lazy\" height=\"3712\" itemprop=\"image\"  src=\"https:\/\/www.europesays.com\/no\/wp-content\/uploads\/2025\/12\/701460d0-8673-49e4-a69c-72d731505e52\"  style=\"object-position:41.52298850574713% 50.35021551724138%\" width=\"5568\"\/>Espen H\u00f8iby avbildet utenfor Slottet i Oslo 1. desember 2023.   Foto: Lars Martin Hunstad \/ VG<\/p>\n<p class=\"_paragraph_o9xde_4 _paragraph_xtcu6_10 layout-component text-serif-m layout-normal text-serif-m layout-padded\">H\u00f8iby st\u00e5r som medeier av Pilot Flight Academy, blant annet via Pilot Group AS og AAP Group AS. VG har v\u00e6rt i kontakt med H\u00f8iby og bedt ham kommentere inkassokravene og driften.<\/p>\n<p>Vil ikke kommentere<\/p>\n<p class=\"_paragraph_o9xde_4 _paragraph_xtcu6_10 layout-component text-serif-m layout-normal text-serif-m layout-padded\">Han har ogs\u00e5 f\u00e5tt sp\u00f8rsm\u00e5l om det er tatt betalt av elever for undervisning i 2026 og detaljer rundt inntekter og eventuelt utbytte daglig leder og styreleder har f\u00e5tt i 2024 og 2025. <\/p>\n<p class=\"_paragraph_o9xde_4 _paragraph_xtcu6_10 layout-component text-serif-m layout-normal text-serif-m layout-padded\">\u00abDette m\u00e5 du henvende deg til administrasjonen eller styret i Pilot Flight Academy\u00bb, skriver H\u00f8iby i en tekstmelding til VG. <\/p>\n<p class=\"_paragraph_o9xde_4 _paragraph_xtcu6_10 layout-component text-serif-m layout-normal text-serif-m layout-padded\">H\u00f8iby er for \u00f8vrig eldre bror av kronprinsesse Mette-Marit. <\/p>\n<p class=\"_paragraph_o9xde_4 _paragraph_xtcu6_10 layout-component text-serif-m layout-normal text-serif-m layout-padded\">Per Mikael Eriksson st\u00e5r oppf\u00f8rt som styreleder i b\u00e5de Br\u00f8nn\u00f8ysundregistrene og Proff. <\/p>\n<p class=\"_paragraph_o9xde_4 _paragraph_xtcu6_10 layout-component text-serif-m layout-normal text-serif-m layout-padded\"><strong class=\"_strong_o9xde_25\">Men heller ikke han \u00f8nsker \u00e5 svare om driften. <\/strong><\/p>\n<p class=\"_paragraph_o9xde_4 _paragraph_xtcu6_10 layout-component text-serif-m layout-normal text-serif-m layout-padded\">Han svarer via tekstmelding at han gikk av med pensjon 1. september 2025, at han gikk ut av styret 1. desember og derfor ikke kan gi relevant informasjon. Han henviser til n\u00e5v\u00e6rende ledelse. <\/p>\n","protected":false},"excerpt":{"rendered":"Espen H\u00f8iby (66) har store eierinteresser i Pilot Flight Academy (PFA), men \u00f8nsker ikke \u00e5 uttale seg om&hellip;\n","protected":false},"author":2,"featured_media":122368,"comment_status":"","ping_status":"","sticky":false,"template":"","format":"standard","meta":{"footnotes":""},"categories":[5],"tags":[20,21,24,25,6693,15,19,1484,22,23,17,18,13,30,28,29,14,16,14514,14513,26,27,132],"class_list":{"0":"post-122367","1":"post","2":"type-post","3":"status-publish","4":"format-standard","5":"has-post-thumbnail","7":"category-overskrifter","8":"tag-breaking-news","9":"tag-breakingnews","10":"tag-featured-news","11":"tag-featurednews","12":"tag-flytrafikk","13":"tag-headlines","14":"tag-hovedoppslag","15":"tag-konkurs","16":"tag-latest-news","17":"tag-latestnews","18":"tag-main-news","19":"tag-mainnews","20":"tag-news","21":"tag-no","22":"tag-norge","23":"tag-norway","24":"tag-nyheter","25":"tag-overskrifter","26":"tag-pilotopplaering","27":"tag-sandefjord-lufthavn-torp","28":"tag-top-stories","29":"tag-topstories","30":"tag-utdanning"},"share_on_mastodon":{"url":"https:\/\/pubeurope.com\/@no\/115787197637433040","error":""},"_links":{"self":[{"href":"https:\/\/www.europesays.com\/no\/wp-json\/wp\/v2\/posts\/122367","targetHints":{"allow":["GET"]}}],"collection":[{"href":"https:\/\/www.europesays.com\/no\/wp-json\/wp\/v2\/posts"}],"about":[{"href":"https:\/\/www.europesays.com\/no\/wp-json\/wp\/v2\/types\/post"}],"author":[{"embeddable":true,"href":"https:\/\/www.europesays.com\/no\/wp-json\/wp\/v2\/users\/2"}],"replies":[{"embeddable":true,"href":"https:\/\/www.europesays.com\/no\/wp-json\/wp\/v2\/comments?post=122367"}],"version-history":[{"count":0,"href":"https:\/\/www.europesays.com\/no\/wp-json\/wp\/v2\/posts\/122367\/revisions"}],"wp:featuredmedia":[{"embeddable":true,"href":"https:\/\/www.europesays.com\/no\/wp-json\/wp\/v2\/media\/122368"}],"wp:attachment":[{"href":"https:\/\/www.europesays.com\/no\/wp-json\/wp\/v2\/media?parent=122367"}],"wp:term":[{"taxonomy":"category","embeddable":true,"href":"https:\/\/www.europesays.com\/no\/wp-json\/wp\/v2\/categories?post=122367"},{"taxonomy":"post_tag","embeddable":true,"href":"https:\/\/www.europesays.com\/no\/wp-json\/wp\/v2\/tags?post=122367"}],"curies":[{"name":"wp","href":"https:\/\/api.w.org\/{rel}","templated":true}]}}