{"id":122369,"date":"2025-12-26T18:10:08","date_gmt":"2025-12-26T18:10:08","guid":{"rendered":"https:\/\/www.europesays.com\/no\/122369\/"},"modified":"2025-12-26T18:10:08","modified_gmt":"2025-12-26T18:10:08","slug":"sommerdekk-blemme-i-bergen","status":"publish","type":"post","link":"https:\/\/www.europesays.com\/no\/122369\/","title":{"rendered":"Sommerdekk-blemme i Bergen"},"content":{"rendered":"\n<p>Vest politidistrikt fikk melding rett etter klokken 17.00 om at en bil hadde kj\u00f8rt ut av veien i Bergen. Ulykken skal ha skjedd i en krapp sving. <\/p>\n<p>Veien var glatt, som den ofte kan v\u00e6re i desember. <\/p>\n<p>En patrulje ble sendt til stedet. <\/p>\n<p>Etter hvert kom politiet i kontakt med en mann i 20-\u00e5rene. Han opplyste at bilen hadde sklidd av veien p\u00e5 grunn av det glatte underlaget. <\/p>\n<p>Bilf\u00f8rer hadde med seg et familiemedlem p\u00e5 turen. Ingen ble skadd. <\/p>\n<p>Politiet informerer om at de hadde glemt \u00e5 varsle politiet om hendelsen og hadde kontaktet en bergingsbil selv som var p\u00e5 vei. <\/p>\n<p>20 minutter etter politiet f\u00f8rst meldte om hendelsen i politiloggen kommer f\u00f8lgende beskjed: <\/p>\n<p>\u2013 Bil p\u00e5satt fire sommerdekk! Beslag av f\u00f8rerkort, Sak opprettes.<\/p>\n<p>I Norge skal du v\u00e6re skodd etter forholdene n\u00e5r du kj\u00f8rer bil. <\/p>\n","protected":false},"excerpt":{"rendered":"Vest politidistrikt fikk melding rett etter klokken 17.00 om at en bil hadde kj\u00f8rt ut av veien i&hellip;\n","protected":false},"author":2,"featured_media":3844,"comment_status":"","ping_status":"","sticky":false,"template":"","format":"standard","meta":{"footnotes":""},"categories":[12],"tags":[20,21,24,25,15,22,23,13,30,28,29,14,16,26,27,42,43,44,45],"class_list":{"0":"post-122369","1":"post","2":"type-post","3":"status-publish","4":"format-standard","5":"has-post-thumbnail","7":"category-verden","8":"tag-breaking-news","9":"tag-breakingnews","10":"tag-featured-news","11":"tag-featurednews","12":"tag-headlines","13":"tag-latest-news","14":"tag-latestnews","15":"tag-news","16":"tag-no","17":"tag-norge","18":"tag-norway","19":"tag-nyheter","20":"tag-overskrifter","21":"tag-top-stories","22":"tag-topstories","23":"tag-verden","24":"tag-world","25":"tag-world-news","26":"tag-worldnews"},"share_on_mastodon":{"url":"https:\/\/pubeurope.com\/@no\/115787217215373432","error":""},"_links":{"self":[{"href":"https:\/\/www.europesays.com\/no\/wp-json\/wp\/v2\/posts\/122369","targetHints":{"allow":["GET"]}}],"collection":[{"href":"https:\/\/www.europesays.com\/no\/wp-json\/wp\/v2\/posts"}],"about":[{"href":"https:\/\/www.europesays.com\/no\/wp-json\/wp\/v2\/types\/post"}],"author":[{"embeddable":true,"href":"https:\/\/www.europesays.com\/no\/wp-json\/wp\/v2\/users\/2"}],"replies":[{"embeddable":true,"href":"https:\/\/www.europesays.com\/no\/wp-json\/wp\/v2\/comments?post=122369"}],"version-history":[{"count":0,"href":"https:\/\/www.europesays.com\/no\/wp-json\/wp\/v2\/posts\/122369\/revisions"}],"wp:featuredmedia":[{"embeddable":true,"href":"https:\/\/www.europesays.com\/no\/wp-json\/wp\/v2\/media\/3844"}],"wp:attachment":[{"href":"https:\/\/www.europesays.com\/no\/wp-json\/wp\/v2\/media?parent=122369"}],"wp:term":[{"taxonomy":"category","embeddable":true,"href":"https:\/\/www.europesays.com\/no\/wp-json\/wp\/v2\/categories?post=122369"},{"taxonomy":"post_tag","embeddable":true,"href":"https:\/\/www.europesays.com\/no\/wp-json\/wp\/v2\/tags?post=122369"}],"curies":[{"name":"wp","href":"https:\/\/api.w.org\/{rel}","templated":true}]}}