{"id":122370,"date":"2025-12-26T18:12:26","date_gmt":"2025-12-26T18:12:26","guid":{"rendered":"https:\/\/www.europesays.com\/no\/122370\/"},"modified":"2025-12-26T18:12:26","modified_gmt":"2025-12-26T18:12:26","slug":"trafikk-vaer-andre-juledag-er-den-store-utfartsdagen-dette-frykter-vi-mest-pa-veiene-i-ar-helgelendingen","status":"publish","type":"post","link":"https:\/\/www.europesays.com\/no\/122370\/","title":{"rendered":"Trafikk, V\u00e6r | Andre juledag er den store utfartsdagen: Dette frykter vi mest p\u00e5 veiene i \u00e5r &#8211; Helgelendingen"},"content":{"rendered":"<ol>\n<li><a href=\"https:\/\/news.google.com\/rss\/articles\/CBMisAFBVV95cUxQSWRNVEFJZDhoblhibUtIX2lPWldqZGdid2pIRlpCZmRubmp5d0FQdDI0NGh5REJaQlpVVmVfME1CY2U1SnRCVjBvbFVjbVJoVDNiTjNjNF9kc0lYV3dhd0tUN0xkQko3eWZyb0VLeHJYQnI5TEhOR1ZwN3BpTXBUU085ZnFFeWZZRDlSLVBWeDZOcXRYU1FVN0dvRzJhUGp2b2xFMWdZcWFxcnFvYTdLdA?oc=5\" target=\"_blank\" rel=\"nofollow noopener\">Trafikk, V\u00e6r | Andre juledag er den store utfartsdagen: Dette frykter vi mest p\u00e5 veiene i \u00e5r<\/a>&nbsp;&nbsp;Helgelendingen<\/li>\n<li><a href=\"https:\/\/news.google.com\/rss\/articles\/CBMipwFBVV95cUxPZUptQURVZF9hOG55bnRMbmh2VzZmaTZ4RnY1TkNwbXNsVlctVzRJbDR6OVVvSUNyZXQ1YnYwekVGaHFDZ3JXRmdzQ3JhNVBJUzQ3QnRXaXMzWDlyVnVVQVU3QmtVVGt5SDZrQjV4NXM1aXdublBPZ3c1dGIzQmJQaC02b3daWUtHaVFjUkxnZmh5YzVxU1U1NTl6UzIzREtvRXc3TldoZw?oc=5\" target=\"_blank\" rel=\"nofollow noopener\">&#8211; La gjerne kvinnene ta rattet<\/a>&nbsp;&nbsp;adressa.no<\/li>\n<li><a href=\"https:\/\/news.google.com\/rss\/articles\/CBMic0FVX3lxTE1ocDVVVWJJWnJnZktxQjlBaWZhOV9uWE1oczIxN3huWW5jbE9LaU1TSTltU3Y3aUhtMGlTcV9LWVZBOEFReHBZdUpyVUV0V0FFMEl6b1VWeHZacE0wbmR6enItOHpaUkplTW12NUlRNW8xTE0?oc=5\" target=\"_blank\" rel=\"nofollow noopener\">Romjulas store reisedag<\/a>&nbsp;&nbsp;Dagbladet<\/li>\n<li><a href=\"https:\/\/news.google.com\/rss\/articles\/CBMiggFBVV95cUxNWnF3amZ5dWZxNEk2dDFoNWNvbEdxWkUxWS11d0pXNHYtajhXQWN2NmhOcnNnRnFONDUzMHVsTENyOXk0aHhmaW9hdjdJNnVqeEdkeGhVcUozR21XZ2J5YWN0aVJMc3JiSTBEOEhUUktBRHlmdzdrWV9UZGdTRFRzOGN3?oc=5\" target=\"_blank\" rel=\"nofollow noopener\">Trafikk, L\u00f8ten | Farevarsel samtidig som vegvesenet forventer \u00f8kt trafikk<\/a>&nbsp;&nbsp;\u00d8stlendingen<\/li>\n<li><a href=\"https:\/\/news.google.com\/rss\/articles\/CBMiZ0FVX3lxTFBENEVmc2V6bElPV0l6ZVRablpGc0hZUi1FaktjMW1mMkVEZzd1RHV5ak11VGJmSW5KYVBFU0VxZzFhTUNEUm9KWF9oNU13alZmN2lERTVFTDg0R2drdDEtR2RhTFZEVmc?oc=5\" target=\"_blank\" rel=\"nofollow noopener\">E18 stengt i flere timer<\/a>&nbsp;&nbsp;Sol.no samler de viktigste nyhetene for deg!<\/li>\n<\/ol>\n","protected":false},"excerpt":{"rendered":"Trafikk, V\u00e6r | Andre juledag er den store utfartsdagen: Dette frykter vi mest p\u00e5 veiene i \u00e5r&nbsp;&nbsp;Helgelendingen &#8211;&hellip;\n","protected":false},"author":2,"featured_media":122371,"comment_status":"","ping_status":"","sticky":false,"template":"","format":"standard","meta":{"footnotes":""},"categories":[5],"tags":[20,21,24,25,15,19,22,23,17,18,13,30,28,29,14,16,26,27],"class_list":{"0":"post-122370","1":"post","2":"type-post","3":"status-publish","4":"format-standard","5":"has-post-thumbnail","7":"category-overskrifter","8":"tag-breaking-news","9":"tag-breakingnews","10":"tag-featured-news","11":"tag-featurednews","12":"tag-headlines","13":"tag-hovedoppslag","14":"tag-latest-news","15":"tag-latestnews","16":"tag-main-news","17":"tag-mainnews","18":"tag-news","19":"tag-no","20":"tag-norge","21":"tag-norway","22":"tag-nyheter","23":"tag-overskrifter","24":"tag-top-stories","25":"tag-topstories"},"share_on_mastodon":{"url":"https:\/\/pubeurope.com\/@no\/115787225034730511","error":""},"_links":{"self":[{"href":"https:\/\/www.europesays.com\/no\/wp-json\/wp\/v2\/posts\/122370","targetHints":{"allow":["GET"]}}],"collection":[{"href":"https:\/\/www.europesays.com\/no\/wp-json\/wp\/v2\/posts"}],"about":[{"href":"https:\/\/www.europesays.com\/no\/wp-json\/wp\/v2\/types\/post"}],"author":[{"embeddable":true,"href":"https:\/\/www.europesays.com\/no\/wp-json\/wp\/v2\/users\/2"}],"replies":[{"embeddable":true,"href":"https:\/\/www.europesays.com\/no\/wp-json\/wp\/v2\/comments?post=122370"}],"version-history":[{"count":0,"href":"https:\/\/www.europesays.com\/no\/wp-json\/wp\/v2\/posts\/122370\/revisions"}],"wp:featuredmedia":[{"embeddable":true,"href":"https:\/\/www.europesays.com\/no\/wp-json\/wp\/v2\/media\/122371"}],"wp:attachment":[{"href":"https:\/\/www.europesays.com\/no\/wp-json\/wp\/v2\/media?parent=122370"}],"wp:term":[{"taxonomy":"category","embeddable":true,"href":"https:\/\/www.europesays.com\/no\/wp-json\/wp\/v2\/categories?post=122370"},{"taxonomy":"post_tag","embeddable":true,"href":"https:\/\/www.europesays.com\/no\/wp-json\/wp\/v2\/tags?post=122370"}],"curies":[{"name":"wp","href":"https:\/\/api.w.org\/{rel}","templated":true}]}}