{"id":122372,"date":"2025-12-26T18:19:51","date_gmt":"2025-12-26T18:19:51","guid":{"rendered":"https:\/\/www.europesays.com\/no\/122372\/"},"modified":"2025-12-26T18:19:51","modified_gmt":"2025-12-26T18:19:51","slug":"tv-guide-sport-i-julen-2025","status":"publish","type":"post","link":"https:\/\/www.europesays.com\/no\/122372\/","title":{"rendered":"TV-guide: Sport i julen 2025"},"content":{"rendered":"<p>FJELLHAMAR (Dagbladet): &#8211;\u00a0Vi pr\u00f8vde \u00e5 holde det stille om kreften. Jeg ville ikke ha masse nyhetsartikler om det f\u00f8r VM, innleder Gunnar Halle. <\/p>\n<p>Dagbladet har tatt turen hjem til mannen som i perioden 1987-1999 fikk 64 landskamper, og fra 1991 til 2002 var utenlandsproff i England.<\/p>\n<p> Det er 60-\u00e5ringens VM-opplevelser med Norge som skal v\u00e6re i fokus. Halle som spilte VM med det norske flagget p\u00e5 brystet i b\u00e5de 1994 og 1998, fikk en oppladning langt utenom det vanlige til mesterskapet i USA. <\/p>\n<p>&#8211; Kjente at noe ikke stemte  <\/p>\n<p> Halle startet sin proffkarriere i Lillestr\u00f8m da han kom til klubben i 1985, etter \u00e5 ha spilt for Larvik Turn det meste av livet &#8211; bortsett fra en periode i Larvikslaget Nesjar som lilleputt. \u00c5ra 1991 til 2002 tilbrakte han i engelsk fotball for Oldham Athletic, Leeds United, Bradford City og Wolverhampton Wanderers.\u00a0<\/p>\n<p>Det var i l\u00f8pet av denne perioden han fikk to VM-sluttspill med det norske landslaget. Like f\u00f8r VM i 1994 som ble arrangert i USA fikk Halle den nedsl\u00e5ende beskjeden: Han hadde kreft.<\/p>\n<p class=\"font-weight-bold m-font-weight-bold\" data-lab-font_weight=\"font-weight-bold\">&#8211; Det ble en spesiell oppladning. Det var ikke<br \/>\nideelt, men jeg dro ned &#8211; jeg var veldig bevisst p\u00e5 at jeg ville dit. I<br \/>\nettertid kunne man kanskje tenkt annerledes, men akkurat da tror jeg det hjalp<br \/>\nmeg gjennom det. Jeg f\u00f8lte meg mentalt klar, men forberedelsene var nok ikke<br \/>\noptimale. Kvaliken og den tida var kanskje den beste jeg hadde p\u00e5 landslaget,<br \/>\ns\u00e5 jeg skulle absolutt v\u00e6re med til VM.<\/p>\n<p>    <a itemprop=\"url\" href=\"https:\/\/www.dagbladet.no\/sport\/vanskelig-a-forsta\/82484880\" rel=\"nofollow noopener\" target=\"_blank\"><\/p>\n<p>        <img loading=\"lazy\" decoding=\"async\" src=\"https:\/\/www.europesays.com\/no\/wp-content\/uploads\/2025\/12\/1766773176_67_82489649.webp\" width=\"980\" height=\"441\" title=\"- Vanskelig \u00e5 forst\u00e5\" alt=\"\" class=\"lazyload\" style=\"--aspect-ratio-image: 2.22; \"\/><\/p>\n<p>        &#8211; Vanskelig \u00e5 forst\u00e5<\/p>\n<p>    <\/a><\/p>\n<p class=\"italic m-italic\" data-lab-italic=\"italic\">&#8211; Hvordan merket du at noe var galt?<\/p>\n<p>&#8211; Jeg spilte i Oldham p\u00e5 den tida og hadde v\u00e6rt hos legen i England, men fikk beskjed om at det ikke var noe. Da jeg kom hjem til Norge p\u00e5 landslagssamling, kjente jeg at noe ikke stemte.<\/p>\n<p>Etter \u00e5 ha blitt unders\u00f8kt fikk han det bekreftet at han hadde testikkelkreft.<\/p>\n<p class=\"font-weight-bold m-font-weight-bold\" data-lab-font_weight=\"font-weight-bold\">&#8211; Det<br \/>\nvar spesielt. P\u00e5 den tida ble kreft forbundet med noe veldig alvorlig &#8211; at det<br \/>\ngikk d\u00e5rlig, forteller Halle.<\/p>\n<p>        <img loading=\"lazy\" decoding=\"async\" src=\"https:\/\/www.europesays.com\/no\/wp-content\/uploads\/2025\/12\/1766773178_210_83691844.webp\" width=\"686\" height=\"392\" title=\"GUMMIP\u00c6LER: Gunnar Halle i nedbrettede gummip\u00e6ler som Egil Drillo Olsen var kjent for. Foto: Bj\u00f8rn Langsem\/Dagbladet\" alt=\"\" class=\"\" style=\"--aspect-ratio-image: 1.75; \"\/><\/p>\n<p>\n        GUMMIP\u00c6LER: Gunnar Halle i nedbrettede gummip\u00e6ler som Egil Drillo Olsen var kjent for. Foto: Bj\u00f8rn Langsem\/Dagbladet\n    <\/p>\n<p>Utsatte operasjonen<\/p>\n<p>For 60-\u00e5ringen hjalp det \u00e5 fokusere p\u00e5 VM, og han valgte derfor \u00e5 utsette operasjonen han trengte.<\/p>\n<p>&#8211; Jeg var bestemt p\u00e5 at det ikke skulle stoppe<br \/>\nmeg. Jeg hadde m\u00e5l hele veien, og det hjalp meg i den fasen. Jeg kunne sikkert<br \/>\nsatt meg ned og tenkt at dette kom til \u00e5 g\u00e5 d\u00e5rlig, men jeg fikk god st\u00f8tte fra<br \/>\nde rundt meg. Det var bare Frode Grod\u00e5s og st\u00f8tteapparatet som<br \/>\nvisste om det, kanskje et par til. <\/p>\n<p class=\"italic m-italic\" data-lab-italic=\"italic\">&#8211; Var det bevisst valg?<\/p>\n<p>&#8211; Ja, svarer han kontant og fortsetter:\u00a0<\/p>\n<p class=\"font-weight-bold m-font-weight-bold\" data-lab-font_weight=\"font-weight-bold\">&#8211; Da jeg f\u00f8rst dro til VM, ville jeg ikke at det skulle bli<br \/>\nnoe oppstyr. Det var ikke det vi skulle fokusere p\u00e5, og det syntes jeg var helt<br \/>\ngreit. Jeg holdt kreften skjult.<\/p>\n<p>        <img loading=\"lazy\" decoding=\"async\" src=\"https:\/\/www.europesays.com\/no\/wp-content\/uploads\/2025\/12\/1766773179_710_83691846.webp\" width=\"686\" height=\"392\" title=\"MAMMA SOM ARKIVAR: - Mamma var flink til \u00e5 klippe ut og ta vare p\u00e5 ting, forteller Gunnar Halle. Foto: Bj\u00f8rn Langsem\/Dagbladet\" alt=\"\" class=\"\" style=\"--aspect-ratio-image: 1.75; \"\/><\/p>\n<p>\n        MAMMA SOM ARKIVAR: &#8211; Mamma var flink til \u00e5 klippe ut og ta vare p\u00e5 ting, forteller Gunnar Halle. Foto: Bj\u00f8rn Langsem\/Dagbladet\n    <\/p>\n<p>Hvis Norge hadde g\u00e5tt videre fra gruppespillet i VM ville Halle g\u00e5tt glipp av \u00e5ttendelsfinalen og m\u00e5ttet dratt hjem for \u00e5 opereres.\u00a0<\/p>\n<p>&#8211; Det var selvf\u00f8lgelig skuffende \u00e5 ryke ut, og spesielt for<br \/>\nmeg som m\u00e5tte hjem tidlig. De andre dro p\u00e5 en liten avslutningstur, mens jeg<br \/>\ndro rett til operasjon.\u00a0<\/p>\n<p>I 2000 fikk Halle beskjed om at kreften var tilbake.<\/p>\n<p>&#8211; Jeg fikk litt den samme f\u00f8lelsen igjen. Legene i England sa jeg hadde f\u00e5tt kreft p\u00e5 nytt. Jeg dro hjem til Norge og til Radiumhospitalet. Der sa de: \u00abNei, det er bare en cyste.\u00bb Det var en lettelse, men du f\u00e5r jo hakeslepp n\u00e5r du f\u00f8rst f\u00e5r beskjed om at du har f\u00e5tt kreft igjen.<\/p>\n<p>    Gunnar Halle<\/p>\n<p> F\u00f8dt 11. august 1965, Larvik.<\/p>\n<p>Klubber som spiller: Nesjar, Larvik Turn, Lillestr\u00f8m 1985-90, Oldham 1991-96, Lillestr\u00f8m (l\u00e5n) 1994, Leeds 1996-99, Bradford City 1999-02, Wolverhampton 2002, Lillestr\u00f8m 2002-03, Aurskog\/Finstadbru 2004. <\/p>\n<p> A-landslaget: 64 kamper\/5 m\u00e5l, 1987-99. Deltok i VM-sluttspillet i 1994 og 1998. Tre av hans fem landslagsm\u00e5l kom i 10-0-seieren over San Marino i 1992. <\/p>\n<p> Trenerkarriere: Spillende trener Aurskog\/Finstadbru 2004, assistenttrener Lillestr\u00f8m 2005-06, Viking 2007-08 og Lyn 2008-09, hovedtrener Lyn 2009-10, assistenttrener Molde 2010, assistenttrener Norge kvinner 2012, assistenttrener Str\u00f8mmen 2013, hovedtrener Str\u00f8mmen 2013-14, hovedtrener Norge G15-G17 2015-22 og hovedtrener H\u00f8nefoss 2023-.<\/p>\n<p>      Vis mer<br \/>\n      Vis mindre<\/p>\n<p>Halle scoret hat trick   <\/p>\n<p>Halle husker kvaliken til VM i 1994 godt, og forteller at ingen forventet at de skulle kvalifisere seg.\u00a0<\/p>\n<p>Pipa fikk fort en annen lyd etter \u00e5 ha sl\u00e5tt store nasjoner som England, Nederland, Polen og Tyrkia p\u00e5 Ullevaal Stadion. I tillegg maktet blant annet landslaget \u00e5 spille uavgjort mot England p\u00e5 historiske Wembley og mot \u00abOranje\u00bb p\u00e5 De Kuip-stadion i Rotterdam.<\/p>\n<p>&#8211; Kampen mot England var spesiell for meg, siden jeg spilte i<br \/>\nEngland. Jeg husker jeg ble k\u00e5ret til banens beste. Det var g\u00f8y &#8211; og ekstra<br \/>\nspesielt \u00e5 komme tilbake til England igjen.<\/p>\n<p>        <img loading=\"lazy\" decoding=\"async\" src=\"https:\/\/www.europesays.com\/no\/wp-content\/uploads\/2025\/12\/1766773180_393_83692159.webp\" width=\"980\" height=\"559\" title=\"FEST: Her er hele Drillos kledd til fest i 1997. Foto: Arnt E. Folvik\/Dagbladet.\" alt=\"\" class=\"\" style=\"--aspect-ratio-image: 1.75; \"\/><\/p>\n<p>\n        FEST: Her er hele Drillos kledd til fest i 1997. Foto: Arnt E. Folvik\/Dagbladet.\n    <\/p>\n<p>F\u00f8r de imponerende resultatene fikk Norge en dr\u00f8mmestart p\u00e5 kvaliken da de vant med\u00a0kalassifre mot San Marino.<\/p>\n<p>&#8211; Vi<br \/>\nfikk en veldig god start med 10-0 mot San Marino, forteller Halle uten \u00e5 nevne noen av m\u00e5lscorerne.<\/p>\n<p class=\"italic m-italic\" data-lab-italic=\"italic\">&#8211; Hvem scoret hat trick da?<\/p>\n<p class=\"font-weight-bold m-font-weight-bold\" data-lab-font_weight=\"font-weight-bold\">&#8211; Ja, nei, jeg fikk jo tre m\u00e5l der, svarer han ydmykt f\u00f8r han prater seg litt varmere:<\/p>\n<p>&#8211; Det er ikke mange som har<br \/>\nhat trick for Norge. Erling Braut Haaland har noen, da. San Marino var en motstander vi<br \/>\nskulle sl\u00e5, men det var jo ikke normalt \u00e5 vinne 10-0. Vi fikk en flying start<br \/>\np\u00e5 kvaliken.<\/p>\n<p>    <a itemprop=\"url\" href=\"https:\/\/www.dagbladet.no\/sport\/kommer-til-a-eksplodere-i-norge\/83172591\" rel=\"nofollow noopener\" target=\"_blank\"><\/p>\n<p>        <img loading=\"lazy\" decoding=\"async\" src=\"https:\/\/www.europesays.com\/no\/wp-content\/uploads\/2025\/12\/1766773181_328_83188032.webp\" width=\"980\" height=\"441\" title=\"- Kommer til \u00e5 eksplodere i Norge\" alt=\"\" class=\"lazyload\" style=\"--aspect-ratio-image: 2.22; \"\/><\/p>\n<p>        &#8211; Kommer til \u00e5 eksplodere i Norge<\/p>\n<p>    <\/a><\/p>\n<p>Om de store bragdene i kvaliken gir han dav\u00e6rende landslagstrener Egil \u00abDrillo\u00bb Olsen \u00e6ren.<\/p>\n<p>&#8211; Det var hele greia med Drillo &#8211; at vi klarte \u00e5 tro p\u00e5<br \/>\nat vi kunne sl\u00e5 hvem som helst. Han satte sammen et lag som fungerte i alle<br \/>\nposisjoner. Det var et lag med stor L, synes jeg. Det var kanskje det viktigste<br \/>\ni den perioden, forteller Halle.<\/p>\n<p>&#8211; Sitter godt i minnet<\/p>\n<p>        <img loading=\"lazy\" decoding=\"async\" src=\"https:\/\/www.europesays.com\/no\/wp-content\/uploads\/2025\/12\/1766773182_829_83756315.webp\" width=\"686\" height=\"392\" title=\"HEST OG KJERRE: Egil \u00abDrillo\u00bb Olsen flankert av landslagsspiller Jostein Flo med vikinghatt. Flo avgjorde kampen for Norge mot Polen. Foto: Geir B\u00f8lstad \/ Dagbladet\" alt=\"\" class=\"\" style=\"--aspect-ratio-image: 1.75; \"\/><\/p>\n<p>\n        HEST OG KJERRE: Egil \u00abDrillo\u00bb Olsen flankert av landslagsspiller Jostein Flo med vikinghatt. Flo avgjorde kampen for Norge mot Polen. Foto: Geir B\u00f8lstad \/ Dagbladet\n    <\/p>\n<p> Larvikingen minnes den vanvittige euforien som r\u00e5det i Norge da det gikk mot VM-plass. I 1993 ble landslaget fraktet gjennom Karl Johan med hest og kjerre etter 1-0-seieren over Polen. <\/p>\n<p>&#8211; Det sitter godt i minnet. Det var helt stappfullt av folk p\u00e5 Karl Johan, og det ble en bra fest p\u00e5 laget etter seieren mot Polen.<\/p>\n<p> Halle smiler bredt, omkranset av vennlige smilerynker rundt \u00f8ynene som avsl\u00f8rer at han ikke lenger er noen ungfole, n\u00e5r han snakker om stemningen p\u00e5 Karl Johan. <\/p>\n<p class=\"font-weight-bold m-font-weight-bold\" data-lab-font_weight=\"font-weight-bold\">&#8211; Jeg husker<br \/>\nstemningen blant folk overalt, og at vi hadde klart \u00e5 kvalifisere oss. Det var<br \/>\nspesielt. Det var mye oppmerksomhet og tr\u00f8kk. Jeg tror folk brydde seg, var stolte og<br \/>\nsyntes det var stas at vi kom til et VM.<\/p>\n<p>        <img loading=\"lazy\" decoding=\"async\" src=\"https:\/\/www.europesays.com\/no\/wp-content\/uploads\/2025\/12\/1766773183_203_83691849.webp\" width=\"980\" height=\"559\" title=\"GODE MINNER: Gunnar Halle husker godt stemningen da Norge kvalifiserte seg til VM. Foto: Bj\u00f8rn Langsem\/Dagbladet\" alt=\"\" class=\"\" style=\"--aspect-ratio-image: 1.75; \"\/><\/p>\n<p>\n        GODE MINNER: Gunnar Halle husker godt stemningen da Norge kvalifiserte seg til VM. Foto: Bj\u00f8rn Langsem\/Dagbladet\n    <\/p>\n<p>Han fortsetter:<\/p>\n<p>&#8211; Spesielt den VM-kvaliken gjorde noe med hvor attraktive<br \/>\nnorske spillere ble &#8211; s\u00e6rlig i England. Mange dro dit etterp\u00e5. Jeg tror at vi<br \/>\ngjorde det s\u00e5 bra \u00e5pnet mange d\u00f8rer til store ligaer i utlandet.<\/p>\n<p>&#8211; Det var enormt<\/p>\n<p>Halle husker overskriftene f\u00f8r VM i 1994, da landslaget trente i svarte s\u00f8ppelsekker for \u00e5 akklimatisere seg til varmen i USA.<\/p>\n<p>&#8211; Vi var ferske i gamet og hadde ikke erfaringen mange andre lag hadde. Det spilte nok inn p\u00e5 forberedelsene. Man pr\u00f8vde \u00e5 gj\u00f8re det beste ut av det, men i ettertid ser man at ting kunne v\u00e6rt gjort annerledes.<\/p>\n<p>    <a itemprop=\"url\" href=\"https:\/\/www.dagbladet.no\/sport\/helt-forferdelig\/82516116\" rel=\"nofollow noopener\" target=\"_blank\"><\/p>\n<p>        <img loading=\"lazy\" decoding=\"async\" src=\"https:\/\/www.europesays.com\/no\/wp-content\/uploads\/2025\/12\/1766773185_941_82522453.webp\" width=\"980\" height=\"441\" title=\"- Helt forferdelig\" alt=\"\" class=\"lazyload\" style=\"--aspect-ratio-image: 2.22; \"\/><\/p>\n<p>        &#8211; Helt forferdelig<\/p>\n<p>    <\/a><\/p>\n<p>&#8211; Hvor varmt var det \u00e5 springe rundt i s\u00f8ppelsekker?<\/p>\n<p>&#8211; Ekstremt varmt. N\u00e5r det er s\u00e5 varmt og du skal presse kroppen, blir du ekstra kj\u00f8rt. Vi hadde harde treninger for \u00e5 vise oss fram og kjempe om plassene. Kanskje det ble litt i overkant, men det er en erfaring man l\u00e6rer av.<\/p>\n<p>Norge fikk en dr\u00f8mmestart p\u00e5 mesterskapet og slo Mexico 1-0 i \u00e5pningskampen.<\/p>\n<p>&#8211; Alle var spente. Ingen visste helt hva vi gikk til. Etter seieren mot Mexico var optimismen enorm. Stemningen ble veldig god, men vi var en jordn\u00e6r gruppe som aldri tok helt av.<\/p>\n<p>        <img loading=\"lazy\" decoding=\"async\" src=\"https:\/\/www.europesays.com\/no\/wp-content\/uploads\/2025\/12\/1766773186_123_83783116.webp\" width=\"686\" height=\"392\" title=\"TILBAKEBLIKK: Egil \u00abDrillo\u00bb Olsen, Gunnar Halle og Bj\u00f8rn Hansen. Foto: Ole Christian H. Thomassen\/Dagbladet\" alt=\"\" class=\"\" style=\"--aspect-ratio-image: 1.75; \"\/><\/p>\n<p>\n        TILBAKEBLIKK: Egil \u00abDrillo\u00bb Olsen, Gunnar Halle og Bj\u00f8rn Hansen. Foto: Ole Christian H. Thomassen\/Dagbladet\n    <\/p>\n<p>Mot Italia ble det et 1-0-tap, og mot Irland endte det 0-0. Norge endte sist i gruppa, med like mange poeng og lik m\u00e5lforskjell som resten av lagene.<\/p>\n<p>&#8211; Vi fikk kanskje ikke ut potensialet v\u00e5rt, og det handlet nok litt om spillestil og erfaring.<\/p>\n<p>&#8211; Hvordan var reaksjonen i gruppa da dere skj\u00f8nte at dere var sl\u00e5tt ut?<\/p>\n<p class=\"font-weight-bold m-font-weight-bold\" data-lab-font_weight=\"font-weight-bold\">&#8211; Det ble stille. Vi visste at vi hadde hatt en god mulighet til \u00e5 g\u00e5 videre. Folk var slitne og litt tomme. Jeg m\u00e5tte hjem for operasjon uansett, men jeg ville jo at vi skulle g\u00e5 videre. N\u00e5r du er i et mesterskap, lever du i en boble &#8211; du vil vinne.<\/p>\n<p>        <img loading=\"lazy\" decoding=\"async\" src=\"https:\/\/www.europesays.com\/no\/wp-content\/uploads\/2025\/12\/1766773186_815_83783491.webp\" width=\"686\" height=\"199\" title=\"JEVNT: Norge gikk ut av VM etter \u00e5 ha tatt like mange poeng og med lik m\u00e5lforskjell som resten av landene. \u00c5rsak: F\u00e6rrest scoringer. Foto: Skjermdump\/NTB\" alt=\"\" class=\"\" style=\"--aspect-ratio-image: 3.45; \"\/><\/p>\n<p>\n        JEVNT: Norge gikk ut av VM etter \u00e5 ha tatt like mange poeng og med lik m\u00e5lforskjell som resten av landene. \u00c5rsak: F\u00e6rrest scoringer. Foto: Skjermdump\/NTB\n    <\/p>\n<p>&#8211; Hva er ditt beste VM-minne?<\/p>\n<p>&#8211; Den f\u00f8rste kampen, seieren mot Mexico. N\u00e5r du scorer og vinner, da tror du nesten ikke p\u00e5 det du opplever. Det var jevnt i alle kampene, men det du sitter igjen med, er de store stadionene, garderobene, varmen &#8211; og interessen hjemme. Det var enormt, svarer han.<\/p>\n<p> \u00abHva er det som skjer n\u00e5?\u00bb <\/p>\n<p>Halle var ogs\u00e5 med til VM i 1998 i Frankrike, etter at laget hadde g\u00e5tt ubeseiret gjennom kvaliken. Han forteller at han ikke f\u00f8lte seg hundre prosent f\u00f8r mesterskapet, etter \u00e5 ha slitt med ribbein og sm\u00e5skader i forkant.<\/p>\n<p>&#8211; Jeg f\u00f8lte ikke at jeg var hundre prosent. Det var litt kjedelig, for jeg visste at jeg kunne v\u00e6rt i bedre form. Men opplevelsen rundt mesterskapet var likevel stor.<\/p>\n<p>Under hele mesterskapet spilte han bare noen minutter som innbytter i gruppespillkampen mot Skottland.<\/p>\n<p>&#8211; Du drar dit med h\u00e5p om \u00e5 spille, men jeg skj\u00f8nte nok p\u00e5 forh\u00e5nd at jeg ikke kom til \u00e5 f\u00e5 s\u00e5 mye spilletid. Likevel jobber du p\u00e5, forbereder deg og er klar hvis det skjer skader eller endringer. Det er en del av det \u00e5 v\u00e6re i en tropp &#8211; du m\u00e5 v\u00e6re profesjonell og bidra uansett.<\/p>\n<p>        <img loading=\"lazy\" decoding=\"async\" src=\"https:\/\/www.europesays.com\/no\/wp-content\/uploads\/2025\/12\/1766773187_962_83692092.webp\" width=\"980\" height=\"559\" title=\"PORTRETT: Gunnar Halle f\u00f8r VM i 1998. Foto: Arnt E. Folvik\/Dagbladet\" alt=\"\" class=\"\" style=\"--aspect-ratio-image: 1.75; \"\/><\/p>\n<p>\n        PORTRETT: Gunnar Halle f\u00f8r VM i 1998. Foto: Arnt E. Folvik\/Dagbladet\n    <\/p>\n<p>        <img loading=\"lazy\" decoding=\"async\" src=\"https:\/\/www.europesays.com\/no\/wp-content\/uploads\/2025\/12\/1766773188_756_83692107.webp\" width=\"686\" height=\"453\" title=\"UFORGLEMMELIG NORSK SEIER: Norge slo Brasil 4-2 p\u00e5 Ullevaal Stadion i 1997. Her er Gunnar Halle i duell med brasilianske Giovanni Silva de Oliveira. Foto: Ole C. H. Thomassen\/Dagbladet\" alt=\"\" class=\"\" style=\"--aspect-ratio-image: 1.51; \"\/><\/p>\n<p>\n        UFORGLEMMELIG NORSK SEIER: Norge slo Brasil 4-2 p\u00e5 Ullevaal Stadion i 1997. Her er Gunnar Halle i duell med brasilianske Giovanni Silva de Oliveira. Foto: Ole C. H. Thomassen\/Dagbladet\n    <\/p>\n<p>Han fortsetter:<\/p>\n<p>&#8211; Det man sitter igjen med, er jo ofte Brasil-kampen. De hadde mye ball og sjanser, men vi fikk to scoringer sent. Det var nesten uvirkelig. Det var utrolig mange nordmenn p\u00e5 tribunen, og det var det gjennom hele mesterskapet. Det ble ren eufori. Der og da tenkte man bare: \u00abHva er det som skjer n\u00e5?\u00bb<\/p>\n<p>&#8211; Du husker \u00f8yeblikket?<\/p>\n<p>&#8211; Ja, absolutt. Bildene av Nils Johan Semb og Drillo som sl\u00e5r seg p\u00e5 brystet &#8211; det sitter.<\/p>\n<p>&#8211; Jeg husker ogs\u00e5 at jeg fikk autografen til Michel Platini. Han kom ut i gangen etter Brasil-kampen, og jeg tenkte: \u00abFaen, jeg kan jo sp\u00f8rre ham.\u00bb Det var ikke noe jeg pleide \u00e5 gj\u00f8re, men han var jo en legende. Den autografen har jeg et sted &#8211; i en boks, et eller annet sted hjemme, legger han til.<\/p>\n<p>    <a itemprop=\"url\" href=\"https:\/\/www.dagbladet.no\/sport\/hva-sa-du-far-jeg-en-million\/83300273\" rel=\"nofollow noopener\" target=\"_blank\"><\/p>\n<p>        <img loading=\"lazy\" decoding=\"async\" src=\"https:\/\/www.europesays.com\/no\/wp-content\/uploads\/2025\/12\/1766773188_941_83305958.webp\" width=\"980\" height=\"441\" title=\"- Hva sa du?! F\u00e5r jeg \u00e9n million?\" alt=\"\" class=\"lazyload\" style=\"--aspect-ratio-image: 2.22; \"\/><\/p>\n<p>        &#8211; Hva sa du?! F\u00e5r jeg \u00e9n million?<\/p>\n<p>    <\/a><\/p>\n<p>Mesterskapet var slutt for Halle og Norge etter et 1-0-tap mot Italia i \u00e5ttendelsfinalen.<\/p>\n<p>&#8211; Tapet var en nedtur. Det vi klarte \u00e5 skape i 1994 og 1998, sitter igjen i historien, men som spillere var vi litt misforn\u00f8yde med prestasjonene &#8211; bortsett fra Brasil-kampen. Vi f\u00f8lte ikke at vi fikk ut alt vi kunne, men opplevelsen og alt rundt var fantastisk. N\u00e5r man ser tilbake, er det g\u00f8y \u00e5 tenke p\u00e5 at vi klarte \u00e5 skape noe som samlet hele landet. Det var en spesiell tid &#8211; og fint \u00e5 v\u00e6re en del av den historien, deler han.<\/p>\n<p>        <img loading=\"lazy\" decoding=\"async\" src=\"https:\/\/www.europesays.com\/no\/wp-content\/uploads\/2025\/12\/1766773190_445_83692180.webp\" width=\"980\" height=\"559\" title=\"AUTOGRAFER: Gunnar Halle og Kjetil Rekdal travelt opptatt med \u00e5 signere T-skjorter utenfor hotellet sitt i Provence under VM i 98. Foto Bj\u00f8rn Sigurds\u00f8n, NTB\" alt=\"\" class=\"\" style=\"--aspect-ratio-image: 1.75; \"\/><\/p>\n<p>\n        AUTOGRAFER: Gunnar Halle og Kjetil Rekdal travelt opptatt med \u00e5 signere T-skjorter utenfor hotellet sitt i Provence under VM i 98. Foto Bj\u00f8rn Sigurds\u00f8n, NTB\n    <\/p>\n<p>        <img loading=\"lazy\" decoding=\"async\" src=\"https:\/\/www.europesays.com\/no\/wp-content\/uploads\/2025\/12\/1766773190_161_83691841.webp\" width=\"686\" height=\"392\" title=\"POSERER: Gunnar Halle stilte opp da Dagbladet hadde med seg nedbrettede gummip\u00e6ler. Foto: Bj\u00f8rn Langsem\/Dagbladet\" alt=\"\" class=\"\" style=\"--aspect-ratio-image: 1.75; \"\/><\/p>\n<p>\n        POSERER: Gunnar Halle stilte opp da Dagbladet hadde med seg nedbrettede gummip\u00e6ler. Foto: Bj\u00f8rn Langsem\/Dagbladet\n    <\/p>\n<p>&#8211; H\u00f8ye forventninger<\/p>\n<p> N\u00e5r det gjelder St\u00e5le Solbakkens mannskap, som endelig har kvalifisert seg til et mesterskap, mener Halle at de b\u00f8r ha som m\u00e5l \u00e5 g\u00e5 videre fra gruppespillet. <\/p>\n<p>&#8211; De har mange spillere i store klubber &#8211; Haaland, \u00d8degaard, Berge, Strand Larsen og S\u00f8rloth &#8211; og det gj\u00f8r noe med forventningene. Hvilken gruppe man havner i har mye \u00e5 si, men de b\u00f8r g\u00e5 videre. Forventningene blir naturlig h\u00f8ye n\u00e5r du har spillere i verdensklasse, sier han.<\/p>\n<p>&#8211; P\u00e5 sitt beste er dette laget veldig godt. Prestasjonene har variert, men n\u00e5 virker det som de har f\u00e5tt satt ting mer sammen. De har spilt mer sammen, og det merkes, fortsetter han.<\/p>\n<p>    <a itemprop=\"url\" href=\"https:\/\/www.dagbladet.no\/sport\/pappa-har-fatt-alzheimers\/83698469\" rel=\"nofollow noopener\" target=\"_blank\"><\/p>\n<p>        <img loading=\"lazy\" decoding=\"async\" src=\"https:\/\/www.europesays.com\/no\/wp-content\/uploads\/2025\/12\/1766773191_659_83701966.webp\" width=\"980\" height=\"441\" title=\"\u00abPappa har f\u00e5tt Alzheimers\u00bb\" alt=\"\" class=\"lazyload\" style=\"--aspect-ratio-image: 2.22; \"\/><\/p>\n<p>        \u00abPappa har f\u00e5tt Alzheimers\u00bb<\/p>\n<p>    <\/a><\/p>\n<p>Halle trekker fram en positiv utvikling i forsvaret.<\/p>\n<p>&#8211; Forsvaret har kanskje v\u00e6rt litt svakere tidligere, men n\u00e5 begynner det \u00e5 se bedre ut der. Det var en periode der mange landslagsspillere ikke spilte fast i klubbene sine, og det er aldri bra. N\u00e5 spiller de fleste jevnlig, og det gir verdifull matching hver helg.<\/p>\n","protected":false},"excerpt":{"rendered":"FJELLHAMAR (Dagbladet): &#8211;\u00a0Vi pr\u00f8vde \u00e5 holde det stille om kreften. Jeg ville ikke ha masse nyhetsartikler om det&hellip;\n","protected":false},"author":2,"featured_media":122373,"comment_status":"","ping_status":"","sticky":false,"template":"","format":"standard","meta":{"footnotes":""},"categories":[5],"tags":[20,21,24,25,15,19,22,23,17,18,13,30,28,29,14,16,83,26,27],"class_list":{"0":"post-122372","1":"post","2":"type-post","3":"status-publish","4":"format-standard","5":"has-post-thumbnail","7":"category-overskrifter","8":"tag-breaking-news","9":"tag-breakingnews","10":"tag-featured-news","11":"tag-featurednews","12":"tag-headlines","13":"tag-hovedoppslag","14":"tag-latest-news","15":"tag-latestnews","16":"tag-main-news","17":"tag-mainnews","18":"tag-news","19":"tag-no","20":"tag-norge","21":"tag-norway","22":"tag-nyheter","23":"tag-overskrifter","24":"tag-sport","25":"tag-top-stories","26":"tag-topstories"},"share_on_mastodon":{"url":"https:\/\/pubeurope.com\/@no\/115787256993652371","error":""},"_links":{"self":[{"href":"https:\/\/www.europesays.com\/no\/wp-json\/wp\/v2\/posts\/122372","targetHints":{"allow":["GET"]}}],"collection":[{"href":"https:\/\/www.europesays.com\/no\/wp-json\/wp\/v2\/posts"}],"about":[{"href":"https:\/\/www.europesays.com\/no\/wp-json\/wp\/v2\/types\/post"}],"author":[{"embeddable":true,"href":"https:\/\/www.europesays.com\/no\/wp-json\/wp\/v2\/users\/2"}],"replies":[{"embeddable":true,"href":"https:\/\/www.europesays.com\/no\/wp-json\/wp\/v2\/comments?post=122372"}],"version-history":[{"count":0,"href":"https:\/\/www.europesays.com\/no\/wp-json\/wp\/v2\/posts\/122372\/revisions"}],"wp:featuredmedia":[{"embeddable":true,"href":"https:\/\/www.europesays.com\/no\/wp-json\/wp\/v2\/media\/122373"}],"wp:attachment":[{"href":"https:\/\/www.europesays.com\/no\/wp-json\/wp\/v2\/media?parent=122372"}],"wp:term":[{"taxonomy":"category","embeddable":true,"href":"https:\/\/www.europesays.com\/no\/wp-json\/wp\/v2\/categories?post=122372"},{"taxonomy":"post_tag","embeddable":true,"href":"https:\/\/www.europesays.com\/no\/wp-json\/wp\/v2\/tags?post=122372"}],"curies":[{"name":"wp","href":"https:\/\/api.w.org\/{rel}","templated":true}]}}