{"id":122376,"date":"2025-12-26T18:26:22","date_gmt":"2025-12-26T18:26:22","guid":{"rendered":"https:\/\/www.europesays.com\/no\/122376\/"},"modified":"2025-12-26T18:26:22","modified_gmt":"2025-12-26T18:26:22","slug":"liverpool-med-rorende-gest-til-jotas-barn","status":"publish","type":"post","link":"https:\/\/www.europesays.com\/no\/122376\/","title":{"rendered":"Liverpool med r\u00f8rende gest til Jotas barn:"},"content":{"rendered":"<p>S\u00f8nnene til den tidligere Liverpool- og Wolverhampton-spilleren skal v\u00e6re til stede p\u00e5 Liverpools siste hjemmekamp for \u00e5ret.<\/p>\n<p>Jota omkom sammen med broren Andre Silva i en tragisk bilulykke i Spania i juli.\u00a0<\/p>\n<p>Tapet har satt dype spor, b\u00e5de i familien og i fotballmilj\u00f8et rundt klubbene han representerte.<\/p>\n<p>27. desember m\u00f8tes to av portugiserens tidligere lag n\u00e5r Liverpool tar imot Wolves p\u00e5 Anfield.\u00a0<\/p>\n<p>Da skal to av Jotas tre barn, Dinis og Duarte, v\u00e6re maskoter og g\u00e5 ut p\u00e5 den legendariske gressmatten sammen med farens tidligere lagkamerater.<\/p>\n<p>H\u00e5per p\u00e5 \u00abtr\u00f8st\u00bb<\/p>\n<p>Liverpool-manager Arne Slot h\u00e5per markeringen kan gi familien en liten form for tr\u00f8st.<\/p>\n<p>\u2013 Det er ikke min oppgave \u00e5 fortelle dem hvor de skal s\u00f8ke tr\u00f8st \u2013 hvis det i det hele tatt er mulig \u2013 men jeg kan bare h\u00e5pe at f\u00f8lelsen av kj\u00e6rlighet og hengivenhet som Diogo fortsatt skaper, gir dem litt tr\u00f8st, sier nederlenderen i kampdagsprogrammet, gjengitt av <a href=\"https:\/\/www.bbc.com\/sport\/football\/articles\/c80xz1ke2n8o\" rel=\"nofollow noopener\" target=\"_blank\">BBC<\/a>.<\/p>\n<p>        <img class=\"image__img lazyload\" itemprop=\"image\" title=\"Foto: Jason Cairnduff \/ Reuters \/ NTB\" alt=\"GULL: Sammen vant de PL-gull. Foto: Jason Cairnduff \/ Reuters \/ NTB\" width=\"675\" height=\"480\" bad-src=\"https:\/\/www.europesays.com\/no\/wp-content\/uploads\/2025\/12\/17883782.webp\" fetchpriority=\"auto\" \/><\/p>\n<p>      GULL: Sammen vant de PL-gull.<br \/>\n         Foto: Jason Cairnduff \/ Reuters \/ NTB<\/p>\n<p>D\u00f8dsfallet preget, og fortsetter \u00e5 prege, fotballbyen Liverpool.\u00a0<\/p>\n<p>Klubben har blant annet valgt \u00e5 frede draktnummer 20, som Jota bar i sin tid hos scouserne.<\/p>\n<p>\u2013 \u00c5 reflektere over alt som har skjedd de siste 12 m\u00e5nedene setter fyr p\u00e5 en berg-og-dal-bane av f\u00f8lelser, men det er normalt p\u00e5 denne tiden av \u00e5ret \u00e5 se tilbake p\u00e5 alt som har skjedd, sier Slot, f\u00f8r han legger til:<\/p>\n<p class=\"bold m-bold\" data-lab-font_weight=\"bold\">\u2013 Det f\u00e5r meg spesielt til \u00e5 tenke p\u00e5 familien til Diogo Jota, p\u00e5 det som blir deres f\u00f8rste jul uten ham.<\/p>\n<p>        <img class=\"image__img lazyload\" itemprop=\"image\" title=\"Foto: John Walton \/ Pa Photos \/ NTB\" alt=\"HYLLES: Liverpool-supporterne har hyllet Jota gjennom hele sesongen. L\u00f8rdag vil familien f\u00e5 vitne det p\u00e5 Anfield. Foto: John Walton \/ Pa Photos \/ NTB\" width=\"978\" height=\"551\" bad-src=\"https:\/\/www.europesays.com\/no\/wp-content\/uploads\/2025\/12\/18413895.webp\" fetchpriority=\"auto\" \/><\/p>\n<p>      HYLLES: Liverpool-supporterne har hyllet Jota gjennom hele sesongen. L\u00f8rdag vil familien f\u00e5 vitne det p\u00e5 Anfield.<br \/>\n         Foto: John Walton \/ Pa Photos \/ NTB<\/p>\n<p>\u2013 Sterkt preget<\/p>\n<p>I tillegg har Liverpool s\u00f8rget for \u00f8konomisk trygghet for de etterlatte ved \u00e5 betale ut resten av Jotas kontrakt.\u00a0<\/p>\n<p>Summen skal, fra d\u00f8dsfallet og ut kontraktsperioden, v\u00e6re p\u00e5 rundt 200 millioner kroner.<\/p>\n<p>Den portugisiske kantspilleren kom til Liverpool i 2020 etter tre sesonger i Wolverhampton.\u00a0<\/p>\n<p>P\u00e5 Anfield ble han raskt en kulthelt og en spiller supporterne trykket til sitt bryst.<\/p>\n<p>Det samme var tilfellet i Wolves, noe som setter en helt spesiell ramme rundt l\u00f8rdagens oppgj\u00f8r.<\/p>\n<p>\u2013 F\u00f8lelsen av tap vil selvf\u00f8lgelig v\u00e6re spesielt sterk p\u00e5 l\u00f8rdag, ettersom det blir f\u00f8rste gang Diogos to engelske lag m\u00f8tes siden hans tragiske bortgang, skriver manageren og fortsetter:<\/p>\n<p>        <img class=\"image__img lazyload\" itemprop=\"image\" title=\"Foto: Dave Shopland \/ AP \/ NTB\" alt=\"HYLLES: Ogs\u00e5 p\u00e5 Molineux stadium minnes den avd\u00f8de portugiseren. Foto: Dave Shopland \/ AP \/ NTB\" width=\"675\" height=\"412\" bad-src=\"https:\/\/www.europesays.com\/no\/wp-content\/uploads\/2025\/12\/18413949.webp\" fetchpriority=\"auto\" \/><\/p>\n<p>      HYLLES: Ogs\u00e5 p\u00e5 Molineux stadium minnes den avd\u00f8de portugiseren.<br \/>\n         Foto: Dave Shopland \/ AP \/ NTB<\/p>\n<p class=\"bold m-bold\" data-lab-font_weight=\"bold\">\u2013 I likhet med oss ble Wolves naturligvis sterkt p\u00e5virket av bortgangen av en s\u00e5 spesiell spiller og person. Tankene mine fortsetter \u00e5 v\u00e6re med dem ogs\u00e5.<\/p>\n","protected":false},"excerpt":{"rendered":"S\u00f8nnene til den tidligere Liverpool- og Wolverhampton-spilleren skal v\u00e6re til stede p\u00e5 Liverpools siste hjemmekamp for \u00e5ret. Jota&hellip;\n","protected":false},"author":2,"featured_media":122377,"comment_status":"","ping_status":"","sticky":false,"template":"","format":"standard","meta":{"footnotes":""},"categories":[5],"tags":[20,21,24,25,15,19,22,23,17,18,13,30,28,29,14,16,26,27],"class_list":{"0":"post-122376","1":"post","2":"type-post","3":"status-publish","4":"format-standard","5":"has-post-thumbnail","7":"category-overskrifter","8":"tag-breaking-news","9":"tag-breakingnews","10":"tag-featured-news","11":"tag-featurednews","12":"tag-headlines","13":"tag-hovedoppslag","14":"tag-latest-news","15":"tag-latestnews","16":"tag-main-news","17":"tag-mainnews","18":"tag-news","19":"tag-no","20":"tag-norge","21":"tag-norway","22":"tag-nyheter","23":"tag-overskrifter","24":"tag-top-stories","25":"tag-topstories"},"share_on_mastodon":{"url":"https:\/\/pubeurope.com\/@no\/115787280298282673","error":""},"_links":{"self":[{"href":"https:\/\/www.europesays.com\/no\/wp-json\/wp\/v2\/posts\/122376","targetHints":{"allow":["GET"]}}],"collection":[{"href":"https:\/\/www.europesays.com\/no\/wp-json\/wp\/v2\/posts"}],"about":[{"href":"https:\/\/www.europesays.com\/no\/wp-json\/wp\/v2\/types\/post"}],"author":[{"embeddable":true,"href":"https:\/\/www.europesays.com\/no\/wp-json\/wp\/v2\/users\/2"}],"replies":[{"embeddable":true,"href":"https:\/\/www.europesays.com\/no\/wp-json\/wp\/v2\/comments?post=122376"}],"version-history":[{"count":0,"href":"https:\/\/www.europesays.com\/no\/wp-json\/wp\/v2\/posts\/122376\/revisions"}],"wp:featuredmedia":[{"embeddable":true,"href":"https:\/\/www.europesays.com\/no\/wp-json\/wp\/v2\/media\/122377"}],"wp:attachment":[{"href":"https:\/\/www.europesays.com\/no\/wp-json\/wp\/v2\/media?parent=122376"}],"wp:term":[{"taxonomy":"category","embeddable":true,"href":"https:\/\/www.europesays.com\/no\/wp-json\/wp\/v2\/categories?post=122376"},{"taxonomy":"post_tag","embeddable":true,"href":"https:\/\/www.europesays.com\/no\/wp-json\/wp\/v2\/tags?post=122376"}],"curies":[{"name":"wp","href":"https:\/\/api.w.org\/{rel}","templated":true}]}}