{"id":122378,"date":"2025-12-26T18:27:13","date_gmt":"2025-12-26T18:27:13","guid":{"rendered":"https:\/\/www.europesays.com\/no\/122378\/"},"modified":"2025-12-26T18:27:13","modified_gmt":"2025-12-26T18:27:13","slug":"hva-gjor-united-og-liverpool-na","status":"publish","type":"post","link":"https:\/\/www.europesays.com\/no\/122378\/","title":{"rendered":"Hva gj\u00f8r United og Liverpool n\u00e5?"},"content":{"rendered":"\n<ul class=\"_list_o9xde_3 _list_xtcu6_9 _unordered_o9xde_106 layout-component text-serif-m layout-normal text-serif-m layout-padded\">\n<li class=\"_item_o9xde_30\">Blir United-talentet Kobbie Mainoo satt fri? <\/li>\n<li class=\"_item_o9xde_30\">Henter Liverpool en Isak-erstatter?<\/li>\n<li class=\"_item_o9xde_30\">Hvem sikrer seg Antoine Semenyo?<\/li>\n<li class=\"_item_o9xde_30\">Og er Vin\u00edcius Jr.s fremtid i Real Madrid i spill?<\/li>\n<\/ul>\n<p class=\"_paragraph_o9xde_4 _paragraph_xtcu6_10 layout-component text-serif-m layout-normal text-serif-m layout-padded\">1. januar \u00e5pner overgangsvinduet \u2013 bedre kjent som \u00abSilly Season\u00bb\u00abSilly Season\u00bbkallenavn p\u00e5 overgangsvinduet i internasjonal fotball, noe som betyr at europeiske klubber kan kj\u00f8pe spillere i et vindu som er \u00e5pent hele januar \u2013 igjen.<\/p>\n<p class=\"_paragraph_o9xde_4 _paragraph_xtcu6_10 layout-component text-serif-m layout-normal text-serif-m layout-padded\">\u2013 Semenyo er en dr\u00f8mmeovergang for mange. Det er enormt om United sitter igjen med Cunha, Mbeumo og Semenyo \u2013 da har de plukket de kanskje beste offensive spillerne forrige sesong. <\/p>\n<p><img decoding=\"async\" alt=\"Bilde av Eivind B. Holth\" class=\"_image_ygndg_42\" height=\"21\" itemprop=\"image\" loading=\"lazy\"  src=\"https:\/\/www.europesays.com\/no\/wp-content\/uploads\/2025\/12\/bd43baa1-3857-465e-9b7d-b3b01a12b012\"  width=\"40\"\/><strong class=\"_name_ygndg_51 title-serif-xs\">Eivind B. Holth<\/strong><\/p>\n<p class=\"_paragraph_o9xde_4 text-sans-m _description_ygndg_56\">Reporter i United.no og podkasten Uno<\/p>\n<p class=\"_paragraph_o9xde_4 _paragraph_xtcu6_10 layout-component text-serif-m layout-normal text-serif-m layout-padded\">\u2013 Det er signeringer Pep Guardiola kunne gjort, bare for \u00e5 oppgradere den offensive linjen. Det er ikke til \u00e5 tro n\u00e5r du ser tabellen forrige sesong, med United p\u00e5 15. plass, sier Eivind B. Holth.<\/p>\n<p class=\"_paragraph_o9xde_4 _paragraph_xtcu6_10 layout-component text-serif-m layout-normal text-serif-m layout-padded\">Han er ansatt i Manchester United Supporters Club ScandinaviaManchester United Supporters Club Scandinaviaverdens st\u00f8rste supporterklubb for Manchester United utenfor Storbritannia., der han jobber som reporter i United.no og er sentral i podkasten Uno.<\/p>\n<p><img alt=\"Antoine Semenyo  - p\u00e5 utkikk etter ny klubb?  Foto: Martin Rickett \/ Pa Photos \/ NTB\" class=\"_image_qp4xg_65 layout-component layout-normal\" data-fullscreen- data-track-element-type=\"Article image fullscreen\" data-track-name=\"ImageFullscreen\" decoding=\"async\" loading=\"lazy\" height=\"1680\" itemprop=\"image\"  src=\"https:\/\/www.europesays.com\/no\/wp-content\/uploads\/2025\/12\/b5c6f3c9-079b-4904-b284-e012f956b202\"  style=\"object-position:0% 0%\" width=\"2502\"\/>Antoine Semenyo  &#8211; p\u00e5 utkikk etter ny klubb?  Foto: Martin Rickett \/ Pa Photos \/ NTB<\/p>\n<p class=\"_paragraph_o9xde_4 _paragraph_xtcu6_10 layout-component text-serif-m layout-normal text-serif-m layout-padded\">Antoine Semenyo kan bli et hett overgangsm\u00e5l. <\/p>\n<p class=\"_paragraph_o9xde_4 _paragraph_xtcu6_10 layout-component text-serif-m layout-normal text-serif-m layout-padded\">Manchester City skal v\u00e6re n\u00e6rmest en avtale med Bournemouths 25 \u00e5r gamle angrepsspiller<\/p>\n<p class=\"_paragraph_o9xde_4 _paragraph_xtcu6_10 layout-component text-serif-m layout-normal text-serif-m layout-padded\">Samtidig melder BBC Sport at ogs\u00e5 Manchester United, Liverpool, Tottenham og Chelsea har forh\u00f8rt seg om spilleren.<\/p>\n<p class=\"_paragraph_o9xde_4 _paragraph_xtcu6_10 layout-component text-serif-m layout-normal text-serif-m layout-padded\">Utkj\u00f8psklausulen p\u00e5 65 millioner pund l\u00f8per ut 10. januar.<\/p>\n<p class=\"_paragraph_o9xde_4 _paragraph_xtcu6_10 layout-component text-serif-m layout-normal text-serif-m layout-padded\">\u2013 Det blir nok et race inn mot deadline. Jeg synes det lukter Liverpool, med Salah som forsvinner og Isak ute lenge. Men jeg tror det er konkret interesse for Semenyo i United, og at det er en sjanse de kunne tatt i januar, sier Holth.<\/p>\n<p class=\"_paragraph_o9xde_4 _paragraph_xtcu6_10 layout-component text-serif-m layout-normal text-serif-m layout-padded\">Han snakket med VG f\u00f8r ryktene om Manchester City har \u00f8kt i styrke.<\/p>\n<p class=\"_paragraph_o9xde_4 _paragraph_xtcu6_10 layout-component text-serif-m layout-normal text-serif-m layout-padded\">Holth mener Uniteds st\u00f8rste behov ligger p\u00e5 midtbanen.<\/p>\n<p class=\"_paragraph_o9xde_4 _paragraph_xtcu6_10 layout-component text-serif-m layout-normal text-serif-m layout-padded\">\u2013 Casemiro har prestert bedre enn man skulle tro, men det er \u00e5penbart at Casemiro og Bruno Fernandes ikke er b\u00e6rekraftig i lengden. <\/p>\n<p class=\"_paragraph_o9xde_4 _paragraph_xtcu6_10 layout-component text-serif-m layout-normal text-serif-m layout-padded\">Adam Wharton (Crystal Palace), Elliot Anderson (Nottingham), Carlos Baleba er konkrete navn som kobles til United.<\/p>\n<p class=\"_paragraph_o9xde_4 _paragraph_xtcu6_10 layout-component text-serif-m layout-normal text-serif-m layout-padded\">\u2013 Anderson virker som den mest komplette av dem, og den boks-til-boks-spilleren United trenger i den rollen, vurderer Holth \u2013 som er er klar p\u00e5 at det er mer realistisk som en sommer- enn januarsignering. <\/p>\n<p class=\"_paragraph_o9xde_4 _paragraph_xtcu6_10 layout-component text-serif-m layout-normal text-serif-m layout-padded\">En som skaper mye hodebry for United-fansen, er stortalentet Kobbie Mainoo. <\/p>\n<p class=\"_paragraph_o9xde_4 _paragraph_xtcu6_10 layout-component text-serif-m layout-normal text-serif-m layout-padded\">Ruben Amorim har v\u00e6rt tydelig p\u00e5 at Mainoo konkurrerer direkte med Bruno Fernandes, ettersom de er mest like i spillestilen.<\/p>\n<p class=\"_paragraph_o9xde_4 _paragraph_xtcu6_10 layout-component text-serif-m layout-normal text-serif-m layout-padded\">\u2013 Da er det utgjort at begge er skadet samtidig. Dette kunne v\u00e6rt Mainoos store mulighet til \u00e5 f\u00e5 sjansen i Brunos skadefrav\u00e6r, sier Holth.<\/p>\n<p class=\"_paragraph_o9xde_4 _paragraph_xtcu6_10 layout-component text-serif-m layout-normal text-serif-m layout-padded\">B\u00e5de utl\u00e5n og salg av 20-\u00e5ringen er aktuelt.<\/p>\n<p class=\"_paragraph_o9xde_4 _paragraph_xtcu6_10 layout-component text-serif-m layout-normal text-serif-m layout-padded\">\u2013 Et kjempetalent. Og med tanke p\u00e5 tradisjonen rundt akadmiet i United, s\u00e5 blir det mye st\u00f8y n\u00e5r Mainoo ikke spiller. <\/p>\n<p class=\"_paragraph_o9xde_4 _paragraph_xtcu6_10 layout-component text-serif-m layout-normal text-serif-m layout-padded\">Ruben Amorim har samtidig avvist spekulasjoner om at Mainoo er vraket av andre \u00e5rsaker enn sportslige.<\/p>\n<p class=\"_paragraph_o9xde_4 _paragraph_xtcu6_10 layout-component text-serif-m layout-normal text-serif-m layout-padded\">\u2013 Det n\u00e6rmer seg en situasjon ingen tjener p\u00e5. Det er bare st\u00f8y for Amorim fordi han ikke bruker Mainoo, og for Mainoos utvikling er det veldig uheldig. Det er ganske absurd \u00e5 tenke p\u00e5 at vi hadde Garnacho og Mainoo, to veldig store talenter i United- og <a href=\"https:\/\/www.vg.no\/tag\/premier-league?utm_source=vg-article&amp;utm_medium=auto-tagger&amp;utm_campaign=BxRr8w\" class=\"_link_o9xde_39\" rel=\"nofollow noopener\" target=\"_blank\">Premier League<\/a>-kontekst, og n\u00e5 kan begge plutselig v\u00e6re borte, sier Holth, som tror mer p\u00e5 utl\u00e5n enn salg i januar. <\/p>\n<p class=\"_paragraph_o9xde_4 _paragraph_xtcu6_10 layout-component text-serif-m layout-normal text-serif-m layout-padded\">Hos Liverpool er utfordringene av en annen karakter. P\u00e5l Chr. M\u00f8ller, formann i Liverpool Supporterklubb, er forn\u00f8yd med de siste resultatene, men mener byggverket virker skj\u00f8rt og innr\u00f8mmer at han g\u00e5r nerv\u00f8st inn i hver kamp.<\/p>\n<p class=\"_paragraph_o9xde_4 _paragraph_xtcu6_10 layout-component text-serif-m layout-normal text-serif-m layout-padded\">\u2013 Jeg blir overrasket hvis de kj\u00f8per en veldig dyr spiller som erstatter for Isak n\u00e5, sier han \u2013 og sp\u00f8r hva de da skal gj\u00f8re n\u00e5r Isak er tilbake fra skade om noen m\u00e5neder.<\/p>\n<p><img decoding=\"async\" alt=\"Bilde av P\u00e5l Chr. M\u00f8ller\" class=\"_image_ygndg_42\" height=\"45\" itemprop=\"image\" loading=\"lazy\"  src=\"https:\/\/www.europesays.com\/no\/wp-content\/uploads\/2025\/12\/fe3fdaf5-e011-47ce-adde-b8dafbbd71f0\"  width=\"40\"\/><strong class=\"_name_ygndg_51 title-serif-xs\">P\u00e5l Chr. M\u00f8ller<\/strong><\/p>\n<p class=\"_paragraph_o9xde_4 text-sans-m _description_ygndg_56\">Formann i Liverpool Supporterklubb<\/p>\n<p class=\"_paragraph_o9xde_4 _paragraph_xtcu6_10 layout-component text-serif-m layout-normal text-serif-m layout-padded\">Hugo Ekitike har v\u00e6rt klubbens beste angrepsspiller, og M\u00f8ller tror Salah vil f\u00e5 mange nye sjanser n\u00e5r han er tilbake fra Afrikamesterskapet. <\/p>\n<p class=\"_paragraph_o9xde_4 _paragraph_xtcu6_10 layout-component text-serif-m layout-normal text-serif-m layout-padded\">\u2013 S\u00e5 lenge han holder seg skadefri, s\u00e5 er det ingen krise, mener M\u00f8ller.<\/p>\n<p class=\"_paragraph_o9xde_4 _paragraph_xtcu6_10 layout-component text-serif-m layout-normal text-serif-m layout-padded\">\u2013 En ny sterk forsvarsspiller st\u00e5r \u00f8verst p\u00e5 \u00f8nskelisten min. Det har v\u00e6rt veldig ustabilt, og n\u00e5 er det ogs\u00e5 flere skader der.<\/p>\n<p><img alt=\"Liverpool-aktuell: Marc Guehi   Foto: Craig Brough \/ Reuters \/ NTB\" class=\"_image_qp4xg_65 layout-component layout-normal\" data-fullscreen- data-track-element-type=\"Article image fullscreen\" data-track-name=\"ImageFullscreen\" decoding=\"async\" loading=\"lazy\" height=\"2958\" itemprop=\"image\"  src=\"https:\/\/www.europesays.com\/no\/wp-content\/uploads\/2025\/12\/bddc3891-cca7-4d0d-a6ce-0e7664101ed1\"  style=\"object-position:0% 0%\" width=\"4246\"\/>Liverpool-aktuell: Marc Guehi   Foto: Craig Brough \/ Reuters \/ NTB<\/p>\n<p class=\"_paragraph_o9xde_4 _paragraph_xtcu6_10 layout-component text-serif-m layout-normal text-serif-m layout-padded\">Crystal Palace-stopper Marc Guehi er h\u00f8yaktuell for Liverpool. Han var sv\u00e6rt n\u00e6r en overgang i sommer, og med kontrakt som utl\u00f8per etter sesongen er dette Palace\u2019 siste mulighet til \u00e5 f\u00e5 betalt.<\/p>\n<p class=\"_paragraph_o9xde_4 _paragraph_xtcu6_10 layout-component text-serif-m layout-normal text-serif-m layout-padded\">If\u00f8lge Sky Sports er Liverpool den eneste realistiske kj\u00f8peren i januar, mens flere europeiske storklubber \u2013 blant dem Bayern M\u00fcnchen \u2013 st\u00e5r klare til \u00e5 hente den engelske landslagsspilleren gratis til sommeren<\/p>\n<p class=\"_paragraph_o9xde_4 _paragraph_xtcu6_10 layout-component text-serif-m layout-normal text-serif-m layout-padded\">I Spania sp\u00e5r Petter Veland et rolig januarvindu.<\/p>\n<p class=\"_paragraph_o9xde_4 _paragraph_xtcu6_10 layout-component text-serif-m layout-normal text-serif-m layout-padded\">\u2013 Det er sjelden fyrverkeri, de store klubbene gj\u00f8r unna det de trenger om sommeren. Hvis du leter, s\u00e5 kan det hende at b\u00e5de Barcelona og Real Madrid ser seg n\u00f8dt til \u00e5 gj\u00f8re noe \u2013 kanskje spesielt Barcelona med langtidsskaden til Andreas Christensen, sier Veland.<\/p>\n<p><img decoding=\"async\" alt=\"Bilde av Petter Veland\" class=\"_image_ygndg_42\" height=\"27\" itemprop=\"image\" loading=\"lazy\"  src=\"https:\/\/www.europesays.com\/no\/wp-content\/uploads\/2025\/12\/982f661b-a088-48b8-87bb-c13899063174\"  width=\"40\"\/><strong class=\"_name_ygndg_51 title-serif-xs\">Petter Veland<\/strong><\/p>\n<p class=\"_paragraph_o9xde_4 text-sans-m _description_ygndg_56\">Fotballekspert for Viaplay<\/p>\n<p class=\"_paragraph_o9xde_4 _paragraph_xtcu6_10 layout-component text-serif-m layout-normal text-serif-m layout-padded\">Han er spent p\u00e5 om \u00d8rjan Nyland, som sitter mye p\u00e5 benken for Sevilla, har is i magen \u2013 eller om han ser seg om etter en ny klubb<\/p>\n<p class=\"_paragraph_o9xde_4 _paragraph_xtcu6_10 layout-component text-serif-m layout-normal text-serif-m layout-padded\">Samtidig er situasjonen rundt Vin\u00edcius Jr. kompleks i Real Madrid.<\/p>\n<p><img alt=\"Foto: Mike Egerton \/ Pa Photos \/ NTB\" class=\"_image_qp4xg_65 layout-component layout-normal\" data-fullscreen- data-track-element-type=\"Article image fullscreen\" data-track-name=\"ImageFullscreen\" decoding=\"async\" loading=\"lazy\" height=\"2595\" itemprop=\"image\"  src=\"https:\/\/www.europesays.com\/no\/wp-content\/uploads\/2025\/12\/46d8775f-386f-4db2-80df-6e4bcd6b0b63\"  style=\"object-position:0% 0%\" width=\"3902\"\/>Foto: Mike Egerton \/ Pa Photos \/ NTB<\/p>\n<p class=\"_paragraph_o9xde_4 _paragraph_xtcu6_10 layout-component text-serif-m layout-normal text-serif-m layout-padded\">Kontrakten hans l\u00f8per til juni 2027, men samtalene om en forlengelse er satt p\u00e5 vent etter uro den siste tiden. <\/p>\n<p class=\"_paragraph_o9xde_4 _paragraph_xtcu6_10 layout-component text-serif-m layout-normal text-serif-m layout-padded\">Brasilianeren har v\u00e6rt i s\u00f8kelyset siden han reagerte kraftig da han ble byttet ut i El Cl\u00e1sico 26. oktober, og skal senere ha gitt beskjed til klubbpresident Florentino P\u00e9rez om at han ikke \u00f8nsker \u00e5 forlenge s\u00e5 lenge forholdet til Alonso er anstrengt.<\/p>\n<p class=\"_paragraph_o9xde_4 _paragraph_xtcu6_10 layout-component text-serif-m layout-normal text-serif-m layout-padded\">\u2013 Han er en krutt\u00f8nne som plutselig reagerer p\u00e5 en m\u00e5te som kan v\u00e6re eksplosiv, men i utgangspunktet er ikke januar tidspunktet for den typen overganger, mener Petter Veland.<\/p>\n<p class=\"_paragraph_o9xde_4 _paragraph_xtcu6_10 layout-component text-serif-m layout-normal text-serif-m layout-padded\">\u2013 Det eneste som ser mulig ut for ham er Saudi Arabia-sporet, fordi han har den markedsverdien han har og fordi Real Madrid ikke er interessert i \u00e5 la ham g\u00e5 gratis om halvannet \u00e5r.<\/p>\n","protected":false},"excerpt":{"rendered":"Blir United-talentet Kobbie Mainoo satt fri? Henter Liverpool en Isak-erstatter? Hvem sikrer seg Antoine Semenyo? Og er Vin\u00edcius&hellip;\n","protected":false},"author":2,"featured_media":122379,"comment_status":"","ping_status":"","sticky":false,"template":"","format":"standard","meta":{"footnotes":""},"categories":[59],"tags":[482,114,158,30,28,29,161,83,82],"class_list":{"0":"post-122378","1":"post","2":"type-post","3":"status-publish","4":"format-standard","5":"has-post-thumbnail","7":"category-sport","8":"tag-la-liga","9":"tag-liverpool-fc","10":"tag-manchester-united","11":"tag-no","12":"tag-norge","13":"tag-norway","14":"tag-premier-league","15":"tag-sport","16":"tag-sports"},"share_on_mastodon":{"url":"https:\/\/pubeurope.com\/@no\/115787284377511639","error":""},"_links":{"self":[{"href":"https:\/\/www.europesays.com\/no\/wp-json\/wp\/v2\/posts\/122378","targetHints":{"allow":["GET"]}}],"collection":[{"href":"https:\/\/www.europesays.com\/no\/wp-json\/wp\/v2\/posts"}],"about":[{"href":"https:\/\/www.europesays.com\/no\/wp-json\/wp\/v2\/types\/post"}],"author":[{"embeddable":true,"href":"https:\/\/www.europesays.com\/no\/wp-json\/wp\/v2\/users\/2"}],"replies":[{"embeddable":true,"href":"https:\/\/www.europesays.com\/no\/wp-json\/wp\/v2\/comments?post=122378"}],"version-history":[{"count":0,"href":"https:\/\/www.europesays.com\/no\/wp-json\/wp\/v2\/posts\/122378\/revisions"}],"wp:featuredmedia":[{"embeddable":true,"href":"https:\/\/www.europesays.com\/no\/wp-json\/wp\/v2\/media\/122379"}],"wp:attachment":[{"href":"https:\/\/www.europesays.com\/no\/wp-json\/wp\/v2\/media?parent=122378"}],"wp:term":[{"taxonomy":"category","embeddable":true,"href":"https:\/\/www.europesays.com\/no\/wp-json\/wp\/v2\/categories?post=122378"},{"taxonomy":"post_tag","embeddable":true,"href":"https:\/\/www.europesays.com\/no\/wp-json\/wp\/v2\/tags?post=122378"}],"curies":[{"name":"wp","href":"https:\/\/api.w.org\/{rel}","templated":true}]}}