{"id":122382,"date":"2025-12-26T18:34:16","date_gmt":"2025-12-26T18:34:16","guid":{"rendered":"https:\/\/www.europesays.com\/no\/122382\/"},"modified":"2025-12-26T18:34:16","modified_gmt":"2025-12-26T18:34:16","slug":"politiet-bil-av-veien","status":"publish","type":"post","link":"https:\/\/www.europesays.com\/no\/122382\/","title":{"rendered":"Politiet: \u2013 Bil av veien"},"content":{"rendered":"<p class=\"extendedContent hyperion-css-p6op2h\" data-test-tag=\"lead-text\">Kj\u00f8rte med sommerdekk p\u00e5 glatten. <\/p>\n<p><img decoding=\"async\" class=\"image-asset hyperion-css-u06ts1\" data-test-tag=\"image-asset\" src=\"https:\/\/www.europesays.com\/no\/wp-content\/uploads\/2025\/12\/d93a26b8-5e96-4b14-9130-b1aa4d38439a\"  alt=\"Bilen skled av Bontveitvegen. \"  loading=\"eager\" fetchpriority=\"high\" style=\"aspect-ratio:1240 \/ 1000\"\/>Bilen skled av Bontveitvegen.<\/p>\n<ol class=\"hyperion-css-v28fi1\">\n<li class=\"hyperion-css-0\">\n<ul class=\"hyperion-css-w8vnca\">\n<li aria-label=\"link\" class=\"narrow-button hyperion-css-1sz7d3n\">bt-linkKopier lenke<\/li>\n<li aria-label=\"link\" class=\"wide-button hyperion-css-1sz7d3n\">bt-linkKopier lenke<\/li>\n<\/ul>\n<\/li>\n<li class=\"hyperion-css-0\"\/><\/ol>\n<p>Publisert: Publisert: <\/p>\n<p>For mindre enn 2 timer siden<\/p>\n<p class=\"hyperion-css-zwo8lj\">Klokken 17.50 fikk politiet melding om en personbil som hadde kj\u00f8rt av Bontveitvegen. Ulykken skal ha skjedd klokken 17.06 i en krapp sving p\u00e5 stedet. <\/p>\n<p class=\"hyperion-css-zwo8lj\">\u2013 Det var ingen personer \u00e5 se verken i eller ved bilen, og det ble meldt om glatt vei i omr\u00e5det, opplyser operasjonsleder Frode Kolltveit i Vest politidistrikt.<\/p>\n<p>\u2013 Glemte \u00e5 varsle<\/p>\n<p class=\"hyperion-css-zwo8lj\">En patrulje ble sendt til stedet som etter hvert kom i kontakt med den mannlige bilf\u00f8reren i 20-\u00e5rene. <\/p>\n<p class=\"hyperion-css-zwo8lj\">\u2013 Han opplyste at bilen hadde sklidd av veien p\u00e5 grunn av det glatte underlaget. <\/p>\n<p class=\"hyperion-css-zwo8lj\">If\u00f8lge politiet hadde sj\u00e5f\u00f8ren glemt \u00e5 varsle politiet, men selv skaffet bergingsbil. <\/p>\n<p class=\"hyperion-css-zwo8lj\">Men det var mer til historien. <\/p>\n<p>Sommerdekk<\/p>\n<p class=\"hyperion-css-zwo8lj\">Etter \u00e5 ha ankommet stedet oppdaget politiet at bilen var p\u00e5satt fire sommerdekk. <\/p>\n<p class=\"hyperion-css-zwo8lj\">Dermed tok politiet beslag i f\u00f8rerkortet og oppretter sak.<\/p>\n<p class=\"hyperion-css-zwo8lj\">\u2013 Det omfattes i hvert fall av veitrafikklovens paragraf 3, sier operasjonsleder Kolltveit. <\/p>\n<p class=\"hyperion-css-zwo8lj\">Den lyder som f\u00f8lger: Enhver skal ferdes hensynsfullt og v\u00e6re aktp\u00e5givende og varsom s\u00e5 det ikke kan oppst\u00e5 fare eller voldes skade og slik at annen trafikk ikke un\u00f8dig blir hindret eller forstyrret. <\/p>\n<p class=\"hyperion-css-zwo8lj\">B\u00e5de bilf\u00f8reren og et familiemedlem som skal ha v\u00e6rt passasjer, kom uskadet fra hendelsen. <\/p>\n<p>Publisert: <\/p>\n<p>Publisert: 26. desember 2025 17:51<\/p>\n<p>Oppdatert: 26. desember 2025 18:54<\/p>\n","protected":false},"excerpt":{"rendered":"Kj\u00f8rte med sommerdekk p\u00e5 glatten. Bilen skled av Bontveitvegen. bt-linkKopier lenke bt-linkKopier lenke Publisert: Publisert: For mindre enn&hellip;\n","protected":false},"author":2,"featured_media":122383,"comment_status":"","ping_status":"","sticky":false,"template":"","format":"standard","meta":{"footnotes":""},"categories":[5],"tags":[20,21,24,25,15,19,22,23,17,18,13,30,28,29,14,16,26,27],"class_list":{"0":"post-122382","1":"post","2":"type-post","3":"status-publish","4":"format-standard","5":"has-post-thumbnail","7":"category-overskrifter","8":"tag-breaking-news","9":"tag-breakingnews","10":"tag-featured-news","11":"tag-featurednews","12":"tag-headlines","13":"tag-hovedoppslag","14":"tag-latest-news","15":"tag-latestnews","16":"tag-main-news","17":"tag-mainnews","18":"tag-news","19":"tag-no","20":"tag-norge","21":"tag-norway","22":"tag-nyheter","23":"tag-overskrifter","24":"tag-top-stories","25":"tag-topstories"},"share_on_mastodon":{"url":"https:\/\/pubeurope.com\/@no\/115787312191964834","error":""},"_links":{"self":[{"href":"https:\/\/www.europesays.com\/no\/wp-json\/wp\/v2\/posts\/122382","targetHints":{"allow":["GET"]}}],"collection":[{"href":"https:\/\/www.europesays.com\/no\/wp-json\/wp\/v2\/posts"}],"about":[{"href":"https:\/\/www.europesays.com\/no\/wp-json\/wp\/v2\/types\/post"}],"author":[{"embeddable":true,"href":"https:\/\/www.europesays.com\/no\/wp-json\/wp\/v2\/users\/2"}],"replies":[{"embeddable":true,"href":"https:\/\/www.europesays.com\/no\/wp-json\/wp\/v2\/comments?post=122382"}],"version-history":[{"count":0,"href":"https:\/\/www.europesays.com\/no\/wp-json\/wp\/v2\/posts\/122382\/revisions"}],"wp:featuredmedia":[{"embeddable":true,"href":"https:\/\/www.europesays.com\/no\/wp-json\/wp\/v2\/media\/122383"}],"wp:attachment":[{"href":"https:\/\/www.europesays.com\/no\/wp-json\/wp\/v2\/media?parent=122382"}],"wp:term":[{"taxonomy":"category","embeddable":true,"href":"https:\/\/www.europesays.com\/no\/wp-json\/wp\/v2\/categories?post=122382"},{"taxonomy":"post_tag","embeddable":true,"href":"https:\/\/www.europesays.com\/no\/wp-json\/wp\/v2\/tags?post=122382"}],"curies":[{"name":"wp","href":"https:\/\/api.w.org\/{rel}","templated":true}]}}