{"id":122388,"date":"2025-12-26T18:40:15","date_gmt":"2025-12-26T18:40:15","guid":{"rendered":"https:\/\/www.europesays.com\/no\/122388\/"},"modified":"2025-12-26T18:40:15","modified_gmt":"2025-12-26T18:40:15","slug":"brann-eidsvoll-bygg-evakuert-etter-brann","status":"publish","type":"post","link":"https:\/\/www.europesays.com\/no\/122388\/","title":{"rendered":"Brann, Eidsvoll | Bygg evakuert etter brann"},"content":{"rendered":"\n<p>\u2013 N\u00f8detatene har rykket ut til brann i en kj\u00f8kkenvifte. Det er sett \u00e5pne flammer. Alle beboere i bygget er evakuert, sier oppdragsleder Christian Svela i \u00d8st politidistrikt.<\/p>\n<p>Brannen har v\u00e6rt i et bygg med to enheter i Mattisholtet i Eidsvoll.<\/p>\n<p>\u2013 Brannen er slukket. To personer har f\u00e5tt i seg litt r\u00f8yk. De f\u00e5r n\u00e5 tilsyn av helse, sier Svela.<\/p>\n<p>Like f\u00f8r klikka 17.00 er n\u00f8detatene ferdig p\u00e5 stedet.<\/p>\n<p>\u2013 Politiet oppretter sak p\u00e5 forholdet, sier oppdragslederen.<\/p>\n","protected":false},"excerpt":{"rendered":"\u2013 N\u00f8detatene har rykket ut til brann i en kj\u00f8kkenvifte. Det er sett \u00e5pne flammer. Alle beboere i&hellip;\n","protected":false},"author":2,"featured_media":7393,"comment_status":"","ping_status":"","sticky":false,"template":"","format":"standard","meta":{"footnotes":""},"categories":[10],"tags":[36,367,20,21,1731,14518,24,25,15,22,23,13,30,28,29,14,16,1510,26,27],"class_list":{"0":"post-122388","1":"post","2":"type-post","3":"status-publish","4":"format-standard","5":"has-post-thumbnail","7":"category-norge","8":"tag-art","9":"tag-brann","10":"tag-breaking-news","11":"tag-breakingnews","12":"tag-eidsvoll","13":"tag-evakuert","14":"tag-featured-news","15":"tag-featurednews","16":"tag-headlines","17":"tag-latest-news","18":"tag-latestnews","19":"tag-news","20":"tag-no","21":"tag-norge","22":"tag-norway","23":"tag-nyheter","24":"tag-overskrifter","25":"tag-story","26":"tag-top-stories","27":"tag-topstories"},"share_on_mastodon":{"url":"https:\/\/pubeurope.com\/@no\/115787335480782708","error":""},"_links":{"self":[{"href":"https:\/\/www.europesays.com\/no\/wp-json\/wp\/v2\/posts\/122388","targetHints":{"allow":["GET"]}}],"collection":[{"href":"https:\/\/www.europesays.com\/no\/wp-json\/wp\/v2\/posts"}],"about":[{"href":"https:\/\/www.europesays.com\/no\/wp-json\/wp\/v2\/types\/post"}],"author":[{"embeddable":true,"href":"https:\/\/www.europesays.com\/no\/wp-json\/wp\/v2\/users\/2"}],"replies":[{"embeddable":true,"href":"https:\/\/www.europesays.com\/no\/wp-json\/wp\/v2\/comments?post=122388"}],"version-history":[{"count":0,"href":"https:\/\/www.europesays.com\/no\/wp-json\/wp\/v2\/posts\/122388\/revisions"}],"wp:featuredmedia":[{"embeddable":true,"href":"https:\/\/www.europesays.com\/no\/wp-json\/wp\/v2\/media\/7393"}],"wp:attachment":[{"href":"https:\/\/www.europesays.com\/no\/wp-json\/wp\/v2\/media?parent=122388"}],"wp:term":[{"taxonomy":"category","embeddable":true,"href":"https:\/\/www.europesays.com\/no\/wp-json\/wp\/v2\/categories?post=122388"},{"taxonomy":"post_tag","embeddable":true,"href":"https:\/\/www.europesays.com\/no\/wp-json\/wp\/v2\/tags?post=122388"}],"curies":[{"name":"wp","href":"https:\/\/api.w.org\/{rel}","templated":true}]}}