{"id":122389,"date":"2025-12-26T18:41:14","date_gmt":"2025-12-26T18:41:14","guid":{"rendered":"https:\/\/www.europesays.com\/no\/122389\/"},"modified":"2025-12-26T18:41:14","modified_gmt":"2025-12-26T18:41:14","slug":"trygve-slagsvold-vedum-vil-stanse-muligheten-for-a-bruke-statsbudsjettet-til-a-stanse-norsk-oljeleting-far-ap-stotte","status":"publish","type":"post","link":"https:\/\/www.europesays.com\/no\/122389\/","title":{"rendered":"Trygve Slagsvold Vedum vil stanse muligheten for \u00e5 bruke statsbudsjettet til \u00e5 stanse norsk oljeleting. F\u00e5r Ap-st\u00f8tte."},"content":{"rendered":"\n<ul class=\"_list_o9xde_3 _list_64s2r_85 _unordered_o9xde_106 text-sans-m\">\n<li class=\"_item_o9xde_30\">Sp-leder Trygve Slagsvold Vedum vil hindre at statsbudsjett-forhandlingene brukes til \u00e5 stoppe norsk oljeleting og andre tunge prinsippielle saker han mener b\u00f8r utredes grundig og ikke presses frem p\u00e5 nattlige m\u00f8ter om statsbudsjettet.<\/li>\n<li class=\"_item_o9xde_30\">Han f\u00e5r st\u00f8tte fra Arbeiderpartiet, som deler bekymringen.<\/li>\n<li class=\"_item_o9xde_30\">Vedum foresl\u00e5r en ny petroleumsmelding for \u00e5 sikre stabile rammevilk\u00e5r for olje- og gassn\u00e6ringen.<\/li>\n<\/ul>\n<p>Vis mer <\/p>\n<p class=\"_paragraph_o9xde_4 _paragraph_xtcu6_10 layout-component text-serif-m layout-normal text-serif-m layout-padded\">Eller andre tunge prinsipielle saker som de mener m\u00e5 utredes grundig:<\/p>\n<p class=\"_paragraph_o9xde_4 _paragraph_xtcu6_10 layout-component text-serif-m layout-normal text-serif-m layout-padded\">Sp-leder <a href=\"https:\/\/www.vg.no\/tag\/trygve-slagsvold-vedum?utm_source=vg-article&amp;utm_medium=auto-tagger&amp;utm_campaign=43da5G\" class=\"_link_o9xde_39\" rel=\"nofollow noopener\" target=\"_blank\">Trygve Slagsvold Vedum<\/a> vil stanse sine tuttifrutti-kamerater p\u00e5 venstresidentuttifrutti-kamerater p\u00e5 venstresidenTuttifrutti er betegnelsen som har blitt brukt om de fem r\u00f8dgr\u00f8nne partiene som har flertall p\u00e5 Stortinget etter valget. Ap-regjeringen er avhengig av budsjettst\u00f8tte fra Sp, MDG, SV og R\u00f8dt. I denne sammenhengen er det tre tre partiene til venstre for Sp; MDG, SV og R\u00f8dt det henvises til.  fra \u00e5 bruke statsbudsjettetstatsbudsjettetStatsbudsjettet er en plan for statens inntekter og utgifter for det kommende \u00e5ret, som leggres frem av regjeringen og som vedtas av Stortinget f\u00f8r jul. H\u00f8stens forhandlinger ble dramatiske, da SV og MDG f\u00f8rst nektet \u00e5 godat Ap-regjeringens forslag. til \u00e5 presse oljefondetoljefondetOljefondet, ogs\u00e5 kjent som Statens pensjonsfond utland, er en stor sum penger som Norge har spart opp fra oljeinntekter for \u00e5 sikre \u00f8konomisk trygghet for fremtidige generasjoner. Mye av den \u00f8kte verdien kommer fra pengeplasseringene til fondet, ikke bare direkte fra salg av olje og gass. og til \u00e5 stoppe fremtidig oljeleting.<\/p>\n<p class=\"_paragraph_o9xde_4 _paragraph_xtcu6_10 layout-component text-serif-m layout-normal text-serif-m layout-padded\">Han f\u00e5r st\u00f8tte fra ApApArbeiderpartiet, som leder regjeringen i Norge., men slaktes av MDG og SV.<\/p>\n<p class=\"_paragraph_o9xde_4 _paragraph_xtcu6_10 layout-component text-serif-m layout-normal text-serif-m layout-padded\">Bakteppet Bakteppet Deler av forhistorien.ser slik ut:<\/p>\n<p class=\"_paragraph_o9xde_4 _paragraph_xtcu6_10 layout-component text-serif-m layout-normal text-serif-m layout-padded\">Anf\u00f8rt av SV og MDG ble oljefondets etiske retningslinjer knyttet til <a href=\"https:\/\/www.vg.no\/nyheter\/i\/6qwymo\/statsbudsjett-forhandlingene-vi-staar-langt-fra-hverandre\" data-track-element-type=\"Link\" data-track-id=\"link:6qwymo\" class=\"_link_o9xde_39\" rel=\"nofollow noopener\" target=\"_blank\">Israels krig i Gaza<\/a> og <a href=\"https:\/\/www.vg.no\/nyheter\/i\/3pj4AM\/stoere-kunne-ikke-vike\" data-track-element-type=\"Link\" data-track-id=\"link:3pj4AM\" class=\"_link_o9xde_39\" rel=\"nofollow noopener\" target=\"_blank\">krav om stans i oljeleting<\/a> sentrale stridstemaer i dragkampen om neste \u00e5rs statsbudsjett.<\/p>\n<p class=\"_paragraph_o9xde_4 _paragraph_xtcu6_10 layout-component text-serif-m layout-normal text-serif-m layout-padded\">Det vil Vedum ha slutt p\u00e5.<\/p>\n<p class=\"_paragraph_o9xde_4 _paragraph_xtcu6_10 layout-component text-serif-m layout-normal text-serif-m layout-padded\">\u2013 Dette er to viktige prinsipielle saker som b\u00f8r utredes grundig. Skal vi gj\u00f8re endringer i det, som kan svekke inntektene til oljefondet, s\u00e5 m\u00e5 det v\u00e6re s\u00e5 gjennomtenkt og s\u00e5 dr\u00f8ftet at det ikke kan tas i forhandlingene om et statsbudsjett, sier Vedum.<\/p>\n<p><img alt=\"VG m\u00f8tte Vedum like f\u00f8r jul, i regntungt f\u00f8rjulsv\u00e6r.  Foto: J\u00f8rgen Braastad \/ VG\" class=\"_image_qp4xg_65 layout-component layout-normal\" data-fullscreen- data-track-element-type=\"Article image fullscreen\" data-track-name=\"ImageFullscreen\" decoding=\"async\" loading=\"lazy\" height=\"5323\" itemprop=\"image\"  src=\"https:\/\/www.europesays.com\/no\/wp-content\/uploads\/2025\/12\/9ed8aa72-5d54-4907-8bcf-d1168c99aa7d\"  style=\"object-position:0% 0%\" width=\"7980\"\/>VG m\u00f8tte Vedum like f\u00f8r jul, i regntungt f\u00f8rjulsv\u00e6r.  Foto: J\u00f8rgen Braastad \/ VG<\/p>\n<p class=\"_paragraph_o9xde_4 _paragraph_xtcu6_10 layout-component text-serif-m layout-normal text-serif-m layout-padded\">Han sier at de vil ha en ny petroleumsmelding.<\/p>\n<p class=\"_paragraph_o9xde_4 _paragraph_xtcu6_10 layout-component text-serif-m layout-normal text-serif-m layout-padded\">\u2013 Senterpartiet vil ha en ny petroleumsmelding som gj\u00f8r rede for fremtidsutsiktene og mulighetene p\u00e5 norsk sokkel:<\/p>\n<p class=\"_paragraph_o9xde_4 _paragraph_xtcu6_10 layout-component text-serif-m layout-normal text-serif-m layout-padded\"><strong class=\"_strong_o9xde_25\">\u2013 P\u00e5 den m\u00e5ten kan vi f\u00e5 diskutert dette i all sin bredde \u2013 ikke i sene nattetimer i en budsjettforhandling der ting ikke er skikkelig utredet.<\/strong><\/p>\n<p class=\"_paragraph_o9xde_4 _paragraph_xtcu6_10 layout-component text-serif-m layout-normal text-serif-m layout-padded\">\u2013 Du legger press p\u00e5 Ap: Ditt forslag vil kunne gj\u00f8re Aps forhold MDG, SV og R\u00f8dt mye vanskeligere hvis Ap blir med p\u00e5 ditt forslag?<\/p>\n<p class=\"_paragraph_o9xde_4 _paragraph_xtcu6_10 layout-component text-serif-m layout-normal text-serif-m layout-padded\">\u2013 Jeg mener vi m\u00e5 g\u00e5 den veien, fordi tr\u00e5r vi feil, s\u00e5 vil de p\u00e5virke storting, p\u00e5 storting, p\u00e5 storting og generasjon p\u00e5 generasjon etter oss.<\/p>\n<p class=\"_paragraph_o9xde_4 _paragraph_xtcu6_10 layout-component text-serif-m layout-normal text-serif-m layout-padded\">\u2013 S\u00e5 hvis Ap sier nei til \u00e5 v\u00e6re med, s\u00e5 vil du kj\u00f8re en prosess med de borgerlige partiene \u2013 som Sp eventuelt kan ha flertall med \u2013 fordi du mener det er s\u00e5 viktig for landet i fremtiden?<\/p>\n<p class=\"_paragraph_o9xde_4 _paragraph_xtcu6_10 layout-component text-serif-m layout-normal text-serif-m layout-padded\">\u2013 Ap m\u00e5 bli med p\u00e5 det, fordi det er s\u00e5 viktig. Ap, H\u00f8yre, Frp og Sp er enige om grunnprinsippene i denne saken.<\/p>\n<p><img alt=\"Foto: J\u00f8rgen Braastad \/ VG\" class=\"_image_qp4xg_65 layout-component layout-normal\" data-fullscreen- data-track-element-type=\"Article image fullscreen\" data-track-name=\"ImageFullscreen\" decoding=\"async\" loading=\"lazy\" height=\"5464\" itemprop=\"image\"  src=\"https:\/\/www.europesays.com\/no\/wp-content\/uploads\/2025\/12\/5dfb3390-0b7f-439a-9aab-4c4c3a877af5\"  style=\"object-position:0% 0%\" width=\"8192\"\/>Foto: J\u00f8rgen Braastad \/ VG<\/p>\n<p class=\"_paragraph_o9xde_4 _paragraph_xtcu6_10 layout-component text-serif-m layout-normal text-serif-m layout-padded\">Ap-nestleder Tonje Brenna sier at de ikke vil si noe om hva som er den formelt riktige veien for \u00e5 hindre gjentagelse av det som skjedde i innspurten av forhandlingene om statsbudsjettet.<\/p>\n<p class=\"_paragraph_o9xde_4 _paragraph_xtcu6_10 layout-component text-serif-m layout-normal text-serif-m layout-padded\">Men hun er enig med Vedum i problemforst\u00e5elsen. <\/p>\n<p class=\"_paragraph_o9xde_4 _paragraph_xtcu6_10 layout-component text-serif-m layout-normal text-serif-m layout-padded\">\u2013 B\u00e5de i h\u00f8st og fremover kommer Arbeiderpartiet til \u00e5 holde fast ved noen tydelige stolper i arbeidet med budsjettet. Det handler blant annet om trygg \u00f8konomisk styring, forutsigbarhet for olje- og gassn\u00e6ringen, en ansvarlig forvaltning av oljefondet, og v\u00e5rt skatte- og avgiftsl\u00f8fte om at det samlede niv\u00e5et ikke skal \u00f8ke, sier Brenna til VG 1. juledag.<\/p>\n<p><img alt=\"Dette bildet av de to er tatt i en annen sammenheng.   Foto: Tore Kristiansen \/ VG\" class=\"_image_qp4xg_65 layout-component layout-normal\" data-fullscreen- data-track-element-type=\"Article image fullscreen\" data-track-name=\"ImageFullscreen\" decoding=\"async\" loading=\"lazy\" height=\"3675\" itemprop=\"image\"  src=\"https:\/\/www.europesays.com\/no\/wp-content\/uploads\/2025\/12\/622e7570-10a6-46eb-8040-c3ac78c0f2d5\"  style=\"object-position:0% 0%\" width=\"5560\"\/>Dette bildet av de to er tatt i en annen sammenheng.   Foto: Tore Kristiansen \/ VG<\/p>\n<p class=\"_paragraph_o9xde_4 _paragraph_xtcu6_10 layout-component text-serif-m layout-normal text-serif-m layout-padded\">Hun legger til:<\/p>\n<p class=\"_paragraph_o9xde_4 _paragraph_xtcu6_10 layout-component text-serif-m layout-normal text-serif-m layout-padded\"><strong class=\"_strong_o9xde_25\">\u2013 Disse stolpene sto vi fast og tydelig ved i budsjettforhandlingene i h\u00f8st, og det kommer vi ogs\u00e5 til \u00e5 gj\u00f8re fremover:<\/strong><\/p>\n<p class=\"_paragraph_o9xde_4 _paragraph_xtcu6_10 layout-component text-serif-m layout-normal text-serif-m layout-padded\">\u2013 Det er avgj\u00f8rende for \u00e5 sikre trygghet for \u00f8konomien slik at folk kan f\u00e5 bedre r\u00e5d og flere kommer seg i jobb, sier hun.<\/p>\n<p>\u2013 Lov \u00e5 ha ulike syn, men.<\/p>\n<p class=\"_paragraph_o9xde_4 _paragraph_xtcu6_10 layout-component text-serif-m layout-normal text-serif-m layout-padded\">Vedum sier det er bredt flertall med de borgerlige partiene bak en ny linje, som gir forutsigbare rammevilk\u00e5r for norsk olje- og gasspolitikk.<\/p>\n<p class=\"_paragraph_o9xde_4 _paragraph_xtcu6_10 layout-component text-serif-m layout-normal text-serif-m layout-padded\">\u2013 Det er helt lov \u00e5 ha ulike syn, men det brede flertallet p\u00e5 Stortinget \u00f8nsker ro og stabilitet rundt rammevilk\u00e5rene for v\u00e5r sokkel.<\/p>\n<p class=\"_paragraph_o9xde_4 _paragraph_xtcu6_10 layout-component text-serif-m layout-normal text-serif-m layout-padded\">Han sier det ogs\u00e5 dreier seg om en kontrakt med folket.<\/p>\n<p><img alt=\"Johan Sverdrup-feltet i Nordsj\u00f8en er et av verdens st\u00f8rste oljefelt, hvor det er mulig at produksjonen kan foreg\u00e5 langt forbi 2050.  Foto: Helge Mikalsen \/ VG\" class=\"_image_qp4xg_65 layout-component layout-normal\" data-fullscreen- data-track-element-type=\"Article image fullscreen\" data-track-name=\"ImageFullscreen\" decoding=\"async\" loading=\"lazy\" height=\"3712\" itemprop=\"image\"  src=\"https:\/\/www.europesays.com\/no\/wp-content\/uploads\/2025\/12\/3a151079-7172-4cbc-8382-04b9b67f5860\"  style=\"object-position:0% 0%\" width=\"5568\"\/>Johan Sverdrup-feltet i Nordsj\u00f8en er et av verdens st\u00f8rste oljefelt, hvor det er mulig at produksjonen kan foreg\u00e5 langt forbi 2050.  Foto: Helge Mikalsen \/ VG<\/p>\n<p class=\"_paragraph_o9xde_4 _paragraph_xtcu6_10 layout-component text-serif-m layout-normal text-serif-m layout-padded\">\u2013 Vi pumper opp en ikke-fornybar ressurs over en kort periode, over noen ti\u00e5r, og setter pengene p\u00e5 bok \u2013 i Oljefondet, som fremtidige generasjoner skal f\u00e5 nyte godt av. Det ser jeg p\u00e5 som en kontrakt vi ikke kan bryte. Hvis vi stanser leting og utvinning av olje og gass, s\u00e5 brytes den kontrakten. Det vil jeg ikke v\u00e6re med p\u00e5:<\/p>\n<p class=\"_paragraph_o9xde_4 _paragraph_xtcu6_10 layout-component text-serif-m layout-normal text-serif-m layout-padded\">\u2013 Det har vi ikke rett til \u00e5 gj\u00f8re. Det er s\u00e5 kort tid i v\u00e5r historie at vi har disse inntektene, som forvaltes innenfor visse etiske rammer.<\/p>\n<p class=\"_paragraph_o9xde_4 _paragraph_xtcu6_10 _paragraph_16v91_10 layout-component text-serif-m layout-normal text-sans-m layout-padded\">\u2013 Dagens politikere bruker stadig flere milliarder av oljepengene, fra rundt 300 milliarder for ti \u00e5r siden, til 580 milliarder i neste \u00e5rs statsbudsjett?<\/p>\n<p class=\"_paragraph_o9xde_4 _paragraph_xtcu6_10 _paragraph_16v91_10 layout-component text-serif-m layout-normal text-sans-m layout-padded\">\u2013 Ja, det vil \u00f8ke i kroner og \u00f8re fordi fondets verdi stiger s\u00e5 mye, men det er innenfor den handlingsregelen som er opprettet nettopp for \u00e5 sikre at mesteparten skal spares til fremtidige generasjoner, som en evigvarende ressurs.<\/p>\n<p class=\"_paragraph_o9xde_4 _paragraph_xtcu6_10 _paragraph_16v91_10 layout-component text-serif-m layout-normal text-sans-m layout-padded\">Handlingsregelen han viser til gj\u00f8r at politikerne kan bruke inntil tre prosent av oljefondet i et statsbudsjett.<\/p>\n<p class=\"_paragraph_o9xde_4 _paragraph_xtcu6_10 _paragraph_16v91_10 layout-component text-serif-m layout-normal text-sans-m layout-padded\">580 milliarder kroner i neste \u00e5rs statsbudsjett utgj\u00f8r 2,8 prosent av fondets verdi.<\/p>\n<p>Vis mer<img alt=\"Vi m\u00f8ttes ved sj\u00f8en foran Oslo r\u00e5dhus og Cafe Celsius litt lenger nord\u00f8st.  Foto: J\u00f8rgen Braastad \/ VG\" class=\"_image_qp4xg_65 layout-component layout-normal\" data-fullscreen- data-track-element-type=\"Article image fullscreen\" data-track-name=\"ImageFullscreen\" decoding=\"async\" loading=\"lazy\" height=\"5278\" itemprop=\"image\"  src=\"https:\/\/www.europesays.com\/no\/wp-content\/uploads\/2025\/12\/b38ddb93-c5f2-4113-ad25-cdb3b6147ac5\"  style=\"object-position:0% 0%\" width=\"7913\"\/>Vi m\u00f8ttes ved sj\u00f8en foran Oslo r\u00e5dhus og Cafe Celsius litt lenger nord\u00f8st.  Foto: J\u00f8rgen Braastad \/ VG<\/p>\n<p class=\"_paragraph_o9xde_4 _paragraph_xtcu6_10 layout-component text-serif-m layout-normal text-serif-m layout-padded\">\u2013 Du sier drill, baby, drill drill, baby, drill Amerikansk uttrykk for \u00e5 pumpe og pumpe opp olje og gass, som USAs president, Donald Trump har brukt for \u00e5 signalisere at det bare er \u00e5 kj\u00f8re p\u00e5 for \u00e5 pumpe opp mest mulig. og verner om bensin- og dieselbilen som om det skulle v\u00e6re ditt ektef\u00f8dte barn?<\/p>\n<p class=\"_paragraph_o9xde_4 _paragraph_xtcu6_10 layout-component text-serif-m layout-normal text-serif-m layout-padded\">\u2013 Vi m\u00e5 huske at nesten alle trenger bil, slik er Norge. For de fleste er det \u00e5 kj\u00f8pe en ny elbil en veldig h\u00f8y kostnad. Reelt sett betyr diesel og bensin mindre og mindre i klimaregnskapet v\u00e5rt, fordi nesten alle som kj\u00f8per ny bil n\u00e5 kj\u00f8per elbil. Teknologien er i ferd med \u00e5 l\u00f8se det. Om ti \u00e5r er bensin- og dieselbilene i stor grad faset ut.<\/p>\n<p class=\"_paragraph_o9xde_4 _paragraph_xtcu6_10 layout-component text-serif-m layout-normal text-serif-m layout-padded\">Han sier at de vil bruke \u00abde ti oljebud\u00bb som utgangspunkt:<\/p>\n<p class=\"_paragraph_o9xde_4 _paragraph_xtcu6_10 layout-component text-serif-m layout-normal text-serif-m layout-padded\">\u2013 <a href=\"https:\/\/www.norgeshistorie.no\/kilder\/oljealder-og-overflod\/K1905-de-ti-oljebud.html\" class=\"_link_o9xde_39\" rel=\"nofollow noopener\" target=\"_blank\">De ti oljebud<\/a> var kallenavnet p\u00e5 hovedkonklusjonene i behandlingen av stortingsmeldingen i 1970\u20131971, som la rammene for petroleumsvirksomhetenpetroleumsvirksomhetenUtvinning av olje- og gass fra norske plattformer..<\/p>\n<p>Les dem her:Tre punkter<\/p>\n<p class=\"_paragraph_o9xde_4 _paragraph_xtcu6_10 _paragraph_16v91_10 layout-component text-serif-m layout-normal text-sans-m layout-padded\" itemprop=\"text\">Vedum sier at oljebudene fra 1971 har st\u00e5tt seg imponerende godt. Han vil bare endre tre av dem:<\/p>\n<p class=\"_paragraph_o9xde_4 _paragraph_xtcu6_10 _paragraph_16v91_10 layout-component text-serif-m layout-normal text-sans-m layout-padded\" itemprop=\"text\">Punktene to, \u00e5tte og ti fra 1971 skal endres til dette:<\/p>\n<p class=\"_paragraph_o9xde_4 _paragraph_xtcu6_10 _paragraph_16v91_10 layout-component text-serif-m layout-normal text-sans-m layout-padded\" itemprop=\"text\">2. At petroleumsvirksomheten sikres langsiktige og forutsigbare rammer, slik at n\u00e6ringen kan utvikles, sikre arbeidsplasser og bidra til verdiskaping og omstilling. <\/p>\n<p class=\"_paragraph_o9xde_4 _paragraph_xtcu6_10 _paragraph_16v91_10 layout-component text-serif-m layout-normal text-sans-m layout-padded\" itemprop=\"text\">8. At det sikres et sterkt statlig eierskap i Equinor, og at staten fortsatt skal sikre seg direkte eierskap til petroleumsressursene gjennom <a href=\"https:\/\/www.petoro.no\/hjem\" class=\"_link_o9xde_39\" rel=\"nofollow noopener\" target=\"_blank\">Petoro<\/a>.<\/p>\n<p class=\"_paragraph_o9xde_4 _paragraph_xtcu6_10 _paragraph_16v91_10 layout-component text-serif-m layout-normal text-sans-m layout-padded\" itemprop=\"text\">Og punkt 10:<\/p>\n<p><img alt=\"Foto: J\u00f8rgen Braastad \/ VG\" class=\"_image_qp4xg_65 layout-component layout-normal\" data-fullscreen- data-track-element-type=\"Article image fullscreen\" data-track-name=\"ImageFullscreen\" decoding=\"async\" loading=\"lazy\" height=\"5268\" itemprop=\"image\"  src=\"https:\/\/www.europesays.com\/no\/wp-content\/uploads\/2025\/12\/6bec6ae6-4bec-4d9d-8dc3-b12bc927cc5c\"  style=\"object-position:0% 0%\" width=\"7898\"\/>Foto: J\u00f8rgen Braastad \/ VG<\/p>\n<p class=\"_paragraph_o9xde_4 _paragraph_xtcu6_10 layout-component text-serif-m layout-normal text-serif-m layout-padded\">Punkt ti er sentralt:<\/p>\n<p class=\"_paragraph_o9xde_4 _paragraph_xtcu6_10 layout-component text-serif-m layout-normal text-serif-m layout-padded\">\u00abAt forvaltningen av Oljefondet ikke brukes som et utenrikspolitisk virkemiddel, men er langsiktig og uavhengig, slik at fondet bevares til det beste for dagens og fremtidige generasjoner\u00bb.<\/p>\n<p class=\"_paragraph_o9xde_4 _paragraph_xtcu6_10 layout-component text-serif-m layout-normal text-serif-m layout-padded\">\u2013 Med de endringene sikrer vi forutsigbare rammevilk\u00e5r rundt Norges desidert viktigste bransje, med over 200.000 jobber i tilknytning til petroleumsindustrien, som bidrar til at staten f\u00e5r inn hundrevis av milliarder i inntekter \u00e5rlig, sier Vedum.<\/p>\n<p>\u2013 Panikk<\/p>\n<p class=\"_paragraph_o9xde_4 _paragraph_xtcu6_10 layout-component text-serif-m layout-normal text-serif-m layout-padded\">MDG-leder Arild Hermstad tar seg julefri-fri for \u00e5 svare ut Sp-lederen.<\/p>\n<p class=\"_paragraph_o9xde_4 _paragraph_xtcu6_10 layout-component text-serif-m layout-normal text-serif-m layout-padded\">\u2013 N\u00e5r oljepanikken til Vedum ikke tar juleferie, s\u00e5 kan ikke jeg gj\u00f8re det heller:<\/p>\n<p class=\"_paragraph_o9xde_4 _paragraph_xtcu6_10 layout-component text-serif-m layout-normal text-serif-m layout-padded\">\u2013 Det som burde bekymre er det ekstremv\u00e6ret vi ser, med stadig nye varmerekorder og oransjegult farevarsel i nord. Det burde utl\u00f8se panikk i Sp og Ap, sier MDG-lederen.<\/p>\n<p><img alt=\"Foto: Fredrik Solstad \/ VG\" class=\"_image_qp4xg_65 layout-component layout-normal\" data-fullscreen- data-track-element-type=\"Article image fullscreen\" data-track-name=\"ImageFullscreen\" decoding=\"async\" loading=\"lazy\" height=\"4000\" itemprop=\"image\"  src=\"https:\/\/www.europesays.com\/no\/wp-content\/uploads\/2025\/12\/0635a74c-aa61-41b6-a797-e68b1578c942\"  style=\"object-position:0% 0%\" width=\"6000\"\/>Foto: Fredrik Solstad \/ VG<\/p>\n<p class=\"_paragraph_o9xde_4 _paragraph_xtcu6_10 layout-component text-serif-m layout-normal text-serif-m layout-padded\">\u2013 Og det Vedum sier om utfasing av bensin og diesel, er en meget god beskrivelse av det han ikke tar inn over seg. At ettersp\u00f8rselen etter norsk olje og gass vil falle kraftig innen ti \u00e5r:<\/p>\n<p class=\"_paragraph_o9xde_4 _paragraph_xtcu6_10 layout-component text-serif-m layout-normal text-serif-m layout-padded\">\u2013 Store deler av markedet for olje og gass vil forsvinne. Det er planen til Europa. Videre norsk oljeleting g\u00e5r n\u00e5 ut p\u00e5 dato, og det er bare \u00e5 ta til seg at vi n\u00e5 skal lage planen for sluttfasen til norsk oljeindustri, sier han.<\/p>\n<p>Litt mer her:<\/p>\n<p class=\"_paragraph_o9xde_4 _paragraph_xtcu6_10 _paragraph_16v91_10 layout-component text-serif-m layout-normal text-sans-m layout-padded\">Hermstad sier det ikke er n\u00f8dvendig med en ny petroleumsmelding.<\/p>\n<p class=\"_paragraph_o9xde_4 _paragraph_xtcu6_10 _paragraph_16v91_10 layout-component text-serif-m layout-normal text-sans-m layout-padded\">\u2013 Vi er ikke redd for kunnskap, snarere tvert om. Men vi har f\u00e5tt gjennomslag for en omstillingskommisjonomstillingskommisjonDet ble fremmet som et s\u00e5kalt verbalforslag, et forslag som ikke dreier seg om konkrete penger i statsbudsjettet, men politiske linjer og saker som Stortinget ble enige om at skal utredes. , som ogs\u00e5 skal se p\u00e5 oljeleting og vi har hatt Klimautvalget mot 2050 som har anbefalt midlertidig letestopp.<\/p>\n<p>Vis mer<img alt=\"Han lover nye budsjettkamper om oljeleting-stopp.   Foto: Fredrik Solstad  \/ VG\" class=\"_image_qp4xg_65 layout-component layout-normal\" data-fullscreen- data-track-element-type=\"Article image fullscreen\" data-track-name=\"ImageFullscreen\" decoding=\"async\" loading=\"lazy\" height=\"2656\" itemprop=\"image\"  src=\"https:\/\/www.europesays.com\/no\/wp-content\/uploads\/2025\/12\/1d81e6c1-8718-40c0-9b3d-31a5eb30c595\"  style=\"object-position:0% 0%\" width=\"3984\"\/>Han lover nye budsjettkamper om oljeleting-stopp.   Foto: Fredrik Solstad  \/ VG<\/p>\n<p class=\"_paragraph_o9xde_4 _paragraph_xtcu6_10 layout-component text-serif-m layout-normal text-serif-m layout-padded\">Han er ikke imponert over Vedums fornyede oljebud.<\/p>\n<p class=\"_paragraph_o9xde_4 _paragraph_xtcu6_10 layout-component text-serif-m layout-normal text-serif-m layout-padded\">\u2013 I stedet for \u00e5 kikke to generasjoner tilbake, burde han se to generasjoner frem. Det er faktisk ikke sant at det f\u00f8rst og fremst er oljen som gj\u00f8r oljefondet rikt. Avkastningen fra oljefondets plasseringer av milliardene <a href=\"https:\/\/www.nbim.no\/no\/investeringene\/fondets-verdi\/\" class=\"_link_o9xde_39\" rel=\"nofollow noopener\" target=\"_blank\">betyr n\u00e5 mye mer<\/a> enn det oljen n\u00e5 bidrar med inn i oljefondet.<\/p>\n<p class=\"_paragraph_o9xde_4 _paragraph_xtcu6_10 layout-component text-serif-m layout-normal text-serif-m layout-padded\">Han er veldig klar p\u00e5 at det blir nye budsjettkamper om oljens fremtid.<\/p>\n<p class=\"_paragraph_o9xde_4 _paragraph_xtcu6_10 layout-component text-serif-m layout-normal text-serif-m layout-padded\">\u2013 Det kommer vi til \u00e5 st\u00e5 fast ved n\u00e5r vi skal inn i nye budsjettforhandlinger neste \u00e5r.<\/p>\n<p>SV kritisk<\/p>\n<p class=\"_paragraph_o9xde_4 _paragraph_xtcu6_10 layout-component text-serif-m layout-normal text-serif-m layout-padded\">SV-leder Kirsti Bergst\u00f8 sier at n\u00e5r Ap og Sp ikke vil ha samarbeidsavtalesamarbeidsavtaleEn avtale mellom r\u00f8dgr\u00f8nne partier om hovedlinjene i norsk politikk. , \u00abs\u00e5 er det viktig \u00e5 f\u00e5 p\u00e5 plass politikk utover penger i budsjettforhandlingerviktig \u00e5 f\u00e5 p\u00e5 plass politikk utover penger i budsjettforhandlingerMed det sier hun at de ikke kommer til \u00e5 l\u00e5 v\u00e6re \u00e5 l\u00f8fte viktige politiske saker inn i budsjettforhandlingene med regjeringen fremover.\u00bb.<\/p>\n<p><img alt=\"Bergst\u00f8 lar seg ikke imponere over Vedums strategi og spill.   Foto: Frode Hansen \/ VG\" class=\"_image_qp4xg_65 layout-component layout-normal\" data-fullscreen- data-track-element-type=\"Article image fullscreen\" data-track-name=\"ImageFullscreen\" decoding=\"async\" loading=\"lazy\" height=\"3648\" itemprop=\"image\"  src=\"https:\/\/www.europesays.com\/no\/wp-content\/uploads\/2025\/12\/666c103a-076b-41dd-af96-262e0a52b797\"  style=\"object-position:0% 0%\" width=\"4767\"\/>Bergst\u00f8 lar seg ikke imponere over Vedums strategi og spill.   Foto: Frode Hansen \/ VG<\/p>\n<p class=\"_paragraph_o9xde_4 _paragraph_xtcu6_10 layout-component text-serif-m layout-normal text-serif-m layout-padded\">Hun fnyser at Vedums argumenter.<\/p>\n<p class=\"_paragraph_o9xde_4 _paragraph_xtcu6_10 layout-component text-serif-m layout-normal text-serif-m layout-padded\">\u2013 Bekymringen for om store sp\u00f8rsm\u00e5l er utredet godt, er bare til stede n\u00e5r det passer politisk:<\/p>\n<p class=\"_paragraph_o9xde_4 _paragraph_xtcu6_10 layout-component text-serif-m layout-normal text-serif-m layout-padded\">\u2013 Alle vet at Norgesprisen NorgesprisenNorgespris er en ny, frivillig statlig str\u00f8mst\u00f8tteordning som gir en fast pris p\u00e5 50 \u00f8re\/kWh (inkl. mva) for str\u00f8mforbruk hjemme og p\u00e5 hytta, som et alternativ til dagens str\u00f8mst\u00f8tte. ikke var ferdig utredet da den ble lansert. Det arbeidet ble gjort i ettertid. Og i h\u00f8st kastet b\u00e5de Ap og Sp vrak p\u00e5 det etiske rammeverket for Oljefondet uten at det engang var h\u00f8ring eller komitebehandling.<\/p>\n","protected":false},"excerpt":{"rendered":"Sp-leder Trygve Slagsvold Vedum vil hindre at statsbudsjett-forhandlingene brukes til \u00e5 stoppe norsk oljeleting og andre tunge prinsippielle&hellip;\n","protected":false},"author":2,"featured_media":122390,"comment_status":"","ping_status":"","sticky":false,"template":"","format":"standard","meta":{"footnotes":""},"categories":[5],"tags":[20,21,24,25,15,19,22,23,17,18,14520,13,30,2163,28,281,14519,29,14,16,1674,26,27,280],"class_list":{"0":"post-122389","1":"post","2":"type-post","3":"status-publish","4":"format-standard","5":"has-post-thumbnail","7":"category-overskrifter","8":"tag-breaking-news","9":"tag-breakingnews","10":"tag-featured-news","11":"tag-featurednews","12":"tag-headlines","13":"tag-hovedoppslag","14":"tag-latest-news","15":"tag-latestnews","16":"tag-main-news","17":"tag-mainnews","18":"tag-miljovern","19":"tag-news","20":"tag-no","21":"tag-nordsjoen","22":"tag-norge","23":"tag-norsk-politikk","24":"tag-norsk-sokkel","25":"tag-norway","26":"tag-nyheter","27":"tag-overskrifter","28":"tag-tonje-brenna","29":"tag-top-stories","30":"tag-topstories","31":"tag-trygve-slagsvold-vedum"},"share_on_mastodon":{"url":"https:\/\/pubeurope.com\/@no\/115787339795020036","error":""},"_links":{"self":[{"href":"https:\/\/www.europesays.com\/no\/wp-json\/wp\/v2\/posts\/122389","targetHints":{"allow":["GET"]}}],"collection":[{"href":"https:\/\/www.europesays.com\/no\/wp-json\/wp\/v2\/posts"}],"about":[{"href":"https:\/\/www.europesays.com\/no\/wp-json\/wp\/v2\/types\/post"}],"author":[{"embeddable":true,"href":"https:\/\/www.europesays.com\/no\/wp-json\/wp\/v2\/users\/2"}],"replies":[{"embeddable":true,"href":"https:\/\/www.europesays.com\/no\/wp-json\/wp\/v2\/comments?post=122389"}],"version-history":[{"count":0,"href":"https:\/\/www.europesays.com\/no\/wp-json\/wp\/v2\/posts\/122389\/revisions"}],"wp:featuredmedia":[{"embeddable":true,"href":"https:\/\/www.europesays.com\/no\/wp-json\/wp\/v2\/media\/122390"}],"wp:attachment":[{"href":"https:\/\/www.europesays.com\/no\/wp-json\/wp\/v2\/media?parent=122389"}],"wp:term":[{"taxonomy":"category","embeddable":true,"href":"https:\/\/www.europesays.com\/no\/wp-json\/wp\/v2\/categories?post=122389"},{"taxonomy":"post_tag","embeddable":true,"href":"https:\/\/www.europesays.com\/no\/wp-json\/wp\/v2\/tags?post=122389"}],"curies":[{"name":"wp","href":"https:\/\/api.w.org\/{rel}","templated":true}]}}