{"id":122391,"date":"2025-12-26T18:42:22","date_gmt":"2025-12-26T18:42:22","guid":{"rendered":"https:\/\/www.europesays.com\/no\/122391\/"},"modified":"2025-12-26T18:42:22","modified_gmt":"2025-12-26T18:42:22","slug":"sport-fotball-solbakken-avslorer-vraket-egen-sonn-fra-landslaget-sa-snudde-han","status":"publish","type":"post","link":"https:\/\/www.europesays.com\/no\/122391\/","title":{"rendered":"Sport, Fotball | Solbakken avsl\u00f8rer: Vraket egen s\u00f8nn fra landslaget \u2013 s\u00e5 snudde han"},"content":{"rendered":"\n<p>Det avsl\u00f8rer han i den nye TV2 Play-serien <a href=\"https:\/\/play.tv2.no\/serier\/pappatreneren-m853vwck?_sp=8cb1aeca-3cd0-4a56-b979-b9228cb1a82a.1766736039047.dd468eb1-42ec-4ba2-a04f-e949c29e0194..dHYybm8..VFYgMiBQbGF5LXNlcmllbqCrUGFwcGF0cmVuZXJlbrs\" rel=\"Follow nofollow noopener\" target=\"_blank\">\u00abPappatreneren\u00bb<\/a>.<\/p>\n<p>En hittil ukjent telefonsamtale skulle bli avgj\u00f8rende da Markus Solbakken likevel ble tatt ut i troppen til privatlandskampen mot Jordan i september 2023.<\/p>\n<p>St\u00e5le Solbakken f\u00f8lte det ble feil \u00e5 ta ut egen s\u00f8nn til landslaget, p\u00e5 tross av at han p\u00e5 det tidspunktet herjet for Viking i Eliteserien.<\/p>\n<p>Da han valgte \u00e5 forbig\u00e5 Markus, kom reaksjonene internt. Spilleransvarlig Brede Hangeland ringer og gir klar beskjed om at \u00abdette er ikke riktig\u00bb.<\/p>\n<p>Solbakkens assistenttrener og barndomsvenn Kent Bergersen gir ogs\u00e5 beskjed om at han forskjellsbehandler s\u00f8nnen, og at Markus b\u00f8r tas ut.<\/p>\n<p>Landslagstreneren er fortsatt usikker, og \u00f8nsker en vurdering fra utsiden av landslagsapparatet. Da ringer han til Bod\u00f8\/Glimt-trener Kjetil Knutsen.<\/p>\n<p>\u2013 Da sier han: Hvis du skal ta med de som er best n\u00e5, s\u00e5 er det ingen tvil, han m\u00e5 med, sier Solbakken i dokumentaren if\u00f8lge <a href=\"https:\/\/www.tv2.no\/sport\/den-ukjente-samtalen-dette-har-jeg-aldri-sagt-til-noen\/18356132\/\" rel=\"Follow nofollow noopener\" target=\"_blank\">TV 2<\/a>.<\/p>\n<p>\u2013 Jeg sa at jeg mener han b\u00f8r konkurrere p\u00e5 like vilk\u00e5r som alle andre. Det m\u00e5 ikke g\u00e5 i motsatt retning, sier Knutsen til kanalen.<\/p>\n<p>Markus Solbakken fikk sine f\u00f8rste, og s\u00e5 langt eneste, 23 minutter med landslagsdrakt mot Jordan i september for to \u00e5r siden.<\/p>\n<p>   <img decoding=\"async\" width=\"2948\" height=\"1965\" fetchpriority=\"low\"  loading=\"lazy\"  src=\"https:\/\/www.europesays.com\/no\/wp-content\/uploads\/2025\/12\/NTB_QK2AEyhtUsQ.jpg\" alt=\"Oslo 20230907. &#10;Landslagssjef St\u00e5le Solbakken med Hugo Vetlesen (t.v.) og sin s\u00f8nn Markus Solbakken (t.h.) under privatlandskampen i fotball mellom Norge og Jordan p\u00e5 Ullevaal Stadion.&#10;Foto: Stian Lysberg Solum \/ NTB\" class=\"brick-c-cFOWSL\" style=\"--brick-image-ratio: 2948 \/ 1965;\"\/><\/p>\n<p>      FIKK DEBUTEN: St\u00e5le Solbakken ga s\u00f8nnen Markus sin debut p\u00e5 A-landslaget for omtrent to \u00e5r siden. Det skjedde i en treningskamp mot Jordan.<br \/>\n      Foto: Foto: Stian Lysberg Solum \/ NTB\n    <\/p>\n<p>  <a href=\"https:\/\/www.h-a.no\/5-139-1815256\" class=\"related-teaser has-image default-story-teaser article--c-eRUmMG article--c-eRUmMG-jKCPdD-design-default\" rel=\"nofollow noopener\" target=\"_blank\"><\/p>\n<p>    <img decoding=\"async\" loading=\"lazy\"  src=\"https:\/\/www.europesays.com\/no\/wp-content\/uploads\/2025\/12\/St%C3%A5le+Solbakken+7.jpg\" alt=\"\" class=\"brick-c-cFOWSL\" style=\"\"\/><\/p>\n<p>\n            Les ogs\u00e5<\/p>\n<p>              Solbakken \u00e5pnet hjemmet for HA: \u2013 Jeg setter meg ikke p\u00e5 kaf\u00e9. Det er liksom ikke meg\n        <\/p>\n<p>  <\/a><\/p>\n","protected":false},"excerpt":{"rendered":"Det avsl\u00f8rer han i den nye TV2 Play-serien \u00abPappatreneren\u00bb. En hittil ukjent telefonsamtale skulle bli avgj\u00f8rende da Markus&hellip;\n","protected":false},"author":2,"featured_media":122392,"comment_status":"","ping_status":"","sticky":false,"template":"","format":"standard","meta":{"footnotes":""},"categories":[59],"tags":[36,92,30,28,29,83,82,1387,1510],"class_list":{"0":"post-122391","1":"post","2":"type-post","3":"status-publish","4":"format-standard","5":"has-post-thumbnail","7":"category-sport","8":"tag-art","9":"tag-fotball","10":"tag-no","11":"tag-norge","12":"tag-norway","13":"tag-sport","14":"tag-sports","15":"tag-stale-solbakken","16":"tag-story"},"share_on_mastodon":{"url":"https:\/\/pubeurope.com\/@no\/115787343101617306","error":""},"_links":{"self":[{"href":"https:\/\/www.europesays.com\/no\/wp-json\/wp\/v2\/posts\/122391","targetHints":{"allow":["GET"]}}],"collection":[{"href":"https:\/\/www.europesays.com\/no\/wp-json\/wp\/v2\/posts"}],"about":[{"href":"https:\/\/www.europesays.com\/no\/wp-json\/wp\/v2\/types\/post"}],"author":[{"embeddable":true,"href":"https:\/\/www.europesays.com\/no\/wp-json\/wp\/v2\/users\/2"}],"replies":[{"embeddable":true,"href":"https:\/\/www.europesays.com\/no\/wp-json\/wp\/v2\/comments?post=122391"}],"version-history":[{"count":0,"href":"https:\/\/www.europesays.com\/no\/wp-json\/wp\/v2\/posts\/122391\/revisions"}],"wp:featuredmedia":[{"embeddable":true,"href":"https:\/\/www.europesays.com\/no\/wp-json\/wp\/v2\/media\/122392"}],"wp:attachment":[{"href":"https:\/\/www.europesays.com\/no\/wp-json\/wp\/v2\/media?parent=122391"}],"wp:term":[{"taxonomy":"category","embeddable":true,"href":"https:\/\/www.europesays.com\/no\/wp-json\/wp\/v2\/categories?post=122391"},{"taxonomy":"post_tag","embeddable":true,"href":"https:\/\/www.europesays.com\/no\/wp-json\/wp\/v2\/tags?post=122391"}],"curies":[{"name":"wp","href":"https:\/\/api.w.org\/{rel}","templated":true}]}}