{"id":122400,"date":"2025-12-26T18:53:09","date_gmt":"2025-12-26T18:53:09","guid":{"rendered":"https:\/\/www.europesays.com\/no\/122400\/"},"modified":"2025-12-26T18:53:09","modified_gmt":"2025-12-26T18:53:09","slug":"det-er-helt-sannsynlig-at-trump-kan-ta-usa-ut-av-nato","status":"publish","type":"post","link":"https:\/\/www.europesays.com\/no\/122400\/","title":{"rendered":"\u2013 Det er helt sannsynlig at Trump kan ta USA ut av Nato"},"content":{"rendered":"<p>    Alliansen mellom Europa og USA knaker i sammenf\u00f8yningene. Vil Nato t\u00e5le de nye spenningene utl\u00f8st av Donald Trump, eller er vi vitne til starten p\u00e5 et sammenbrudd?<\/p>\n<p>\n        \u2013 Vi m\u00e5 forberede oss p\u00e5 at USA og Europa kan komme i en v\u00e6pnet konflikt mot hverandre i fremtiden, avhengig av hva som skjer politisk i USA det neste ti\u00e5ret, advarer USA-kjenner og professor i statsvitenskap, Hilmar Mjelde.<br \/>\n        BRENDAN SMIALOWSKI\/NTB\n    <\/p>\n<p>Professor i statsvitenskap ved H\u00f8gskulen p\u00e5 Vestlandet, og USA-ekspert, Hilmar Mjelde, tror det verst tenkelige scenariet for Europa kan bli en virkelighet.<\/p>\n<p>\u2013 Det er helt sannsynlig at Trump kan ta USA ut av Nato. Det er det han vil, fordi han tror USA ikke tjener noe p\u00e5 Nato-samarbeidet. Han tenker kun i dollars, og ser Nato kun som en utgiftspost. Han kom veldig n\u00e6r \u00e5 ta USA ut av Nato p\u00e5 Nato-toppm\u00f8tet i Br\u00fcssel i 2018, minner Mjelde om.<\/p>\n<p>\u2013 USA-presidenter har v\u00e6rt irritert p\u00e5 europeerne<\/p>\n<p>Han tror derfor USAs president mener alvor n\u00e5r han signaliserer at Europa m\u00e5 klare seg selv, finansiere forsvaret av Europa, og ikke uten videre kan lene seg p\u00e5 USA.<\/p>\n<p>\u2013 Det \u00f8konomiske aspektet er en del av det. Presidenter helt tilbake til Eisenhower p\u00e5 1950-tallet har v\u00e6rt irritert p\u00e5 at europeerne prioriterer dyre velferdsstater over eget forsvar. Det tok Trump, som truet med \u00e5 ta USA ut av Nato, f\u00f8r vi i Europa tok dette p\u00e5 skikkelig alvor, svarer Hilmar Mjelde.<\/p>\n<p> \u2013 G\u00e5r USA ut av Nato, er det slutten p\u00e5 Nato<\/p>\n<p>                <img decoding=\"async\" src=\"https:\/\/www.europesays.com\/no\/wp-content\/uploads\/2025\/12\/1314966.webp\" width=\"480\" height=\"274\" title=\"Natos generalsekret\u00e6r Mark Rutte.\" alt=\"\" loading=\"lazy\" style=\"\"\/><\/p>\n<p>\n            Natos generalsekret\u00e6r Mark Rutte.<br \/>\n            Jana Rodenbusch\/NTB\n        <\/p>\n<p>Han tror det n\u00e5 er en reell risiko for at det transatlantiske forsvarssamarbeidet kan bryte fullstendig sammen.<\/p>\n<p>\u2013 G\u00e5r USA ut av Nato, er det slutten p\u00e5 Nato. USA er Natos leder, og har milit\u00e6re kapasiteter europeerne ikke har. Jeg tror Nato allerede er kaputt s\u00e5 lenge Trump er president. Jeg kan ikke se for meg at han ville g\u00e5tt til krig mot Russland for \u00e5 forsvare Estland.<\/p>\n<p>\u2013\u00a0 Trump ignorerer lover han ikke er enig i <\/p>\n<p class=\"italic m-italic\" data-lab-italic=\"italic\">\u2013 Er Trump p\u00e5 kant med sterke krefter blant republikanere som er sterke tilhengere av Nato og samholdet med Europa?<\/p>\n<p>\u2013 St\u00f8tten til b\u00e5de Nato og Ukraina er mye st\u00f8rre i Kongressen enn i Det hvite hus. Mange tror feilaktig at Trump ikke kan trekke USA ut av Nato uten Kongressens samtykke, fordi Kongressen vedtok en lov om det for noen f\u00e5 \u00e5r siden. Men den loven er trolig grunnlovsstridig og Trump ignorerer lover han ikke er enig i, svarer Mjelde.<\/p>\n<p>\u2013\u00a0 Ingen i Europa vet om USA er \u00e5 regne med fremover<\/p>\n<p>USA finansierer ikke lenger krigen i Ukraina, slik de gjorde under Joe Biden.<\/p>\n<p class=\"italic m-italic\" data-lab-italic=\"italic\">\u2013 Hva gj\u00f8r det med USAs omd\u00f8mme som milit\u00e6r supermakt og vilje til \u00e5 v\u00e6re verdenspoliti?<\/p>\n<p>                <img decoding=\"async\" src=\"https:\/\/www.europesays.com\/no\/wp-content\/uploads\/2025\/12\/619610.webp\" width=\"480\" height=\"274\" title=\"Donald Trump under en tale i Kongressen.\" alt=\"\" loading=\"lazy\" style=\"\"\/><\/p>\n<p>\n            Donald Trump under en tale i Kongressen.<br \/>\n            Foto: Win McNamee \/ Pool Photo via AP \/ NTB\n        <\/p>\n<p>\u2013 USA taper enormt med velvilje og tillit fra allierte. Ingen i Europa vet om USA er \u00e5 regne med fremover. Det er jo litt komisk n\u00e5r det snakkes om \u00e5 gi Ukraina Nato-lignende sikkerhetsgarantier n\u00e5r europeerne ikke lenger kan ta for gitt at USA vil f\u00f8lge opp Nato-forpliktelsene sine overfor Europa<\/p>\n<p>\u2013\u00a0 USA og Europa kan komme i en v\u00e6pnet konflikt mot hverandre <\/p>\n<p class=\"italic m-italic\" data-lab-italic=\"italic\">\u2013 Hvor spesielt vil du si det er at USA er villig til \u00e5 sette Nato i spill i den urolige tiden vi n\u00e5 lever i, og med tanke p\u00e5 de potensielle fiender USA har, det vil si prim\u00e6rt Russland og Kina?<\/p>\n<p>\u2013 USA styres n\u00e5 av en ny generasjon utenrikspolitikere som ikke er formet av den kalde krigen mot Sovjetunionen. Vi m\u00e5 forberede oss p\u00e5 at USA og Europa kan komme i en v\u00e6pnet konflikt mot hverandre i fremtiden, avhengig av hva som skjer politisk i USA det neste ti\u00e5ret. Vi s\u00e5 jo nettopp at Danmark oppf\u00f8rte USA p\u00e5 en liste over potensielle trusler mot nasjonal sikkerhet, minner USA-ekspert Hilmar Mjelde om.<\/p>\n","protected":false},"excerpt":{"rendered":"Alliansen mellom Europa og USA knaker i sammenf\u00f8yningene. Vil Nato t\u00e5le de nye spenningene utl\u00f8st av Donald Trump,&hellip;\n","protected":false},"author":2,"featured_media":122401,"comment_status":"","ping_status":"","sticky":false,"template":"","format":"standard","meta":{"footnotes":""},"categories":[12],"tags":[20,21,24,25,15,22,23,13,30,28,29,14,16,26,27,42,43,44,45],"class_list":{"0":"post-122400","1":"post","2":"type-post","3":"status-publish","4":"format-standard","5":"has-post-thumbnail","7":"category-verden","8":"tag-breaking-news","9":"tag-breakingnews","10":"tag-featured-news","11":"tag-featurednews","12":"tag-headlines","13":"tag-latest-news","14":"tag-latestnews","15":"tag-news","16":"tag-no","17":"tag-norge","18":"tag-norway","19":"tag-nyheter","20":"tag-overskrifter","21":"tag-top-stories","22":"tag-topstories","23":"tag-verden","24":"tag-world","25":"tag-world-news","26":"tag-worldnews"},"share_on_mastodon":{"url":"https:\/\/pubeurope.com\/@no\/115787386556478941","error":""},"_links":{"self":[{"href":"https:\/\/www.europesays.com\/no\/wp-json\/wp\/v2\/posts\/122400","targetHints":{"allow":["GET"]}}],"collection":[{"href":"https:\/\/www.europesays.com\/no\/wp-json\/wp\/v2\/posts"}],"about":[{"href":"https:\/\/www.europesays.com\/no\/wp-json\/wp\/v2\/types\/post"}],"author":[{"embeddable":true,"href":"https:\/\/www.europesays.com\/no\/wp-json\/wp\/v2\/users\/2"}],"replies":[{"embeddable":true,"href":"https:\/\/www.europesays.com\/no\/wp-json\/wp\/v2\/comments?post=122400"}],"version-history":[{"count":0,"href":"https:\/\/www.europesays.com\/no\/wp-json\/wp\/v2\/posts\/122400\/revisions"}],"wp:featuredmedia":[{"embeddable":true,"href":"https:\/\/www.europesays.com\/no\/wp-json\/wp\/v2\/media\/122401"}],"wp:attachment":[{"href":"https:\/\/www.europesays.com\/no\/wp-json\/wp\/v2\/media?parent=122400"}],"wp:term":[{"taxonomy":"category","embeddable":true,"href":"https:\/\/www.europesays.com\/no\/wp-json\/wp\/v2\/categories?post=122400"},{"taxonomy":"post_tag","embeddable":true,"href":"https:\/\/www.europesays.com\/no\/wp-json\/wp\/v2\/tags?post=122400"}],"curies":[{"name":"wp","href":"https:\/\/api.w.org\/{rel}","templated":true}]}}