{"id":122404,"date":"2025-12-26T19:01:14","date_gmt":"2025-12-26T19:01:14","guid":{"rendered":"https:\/\/www.europesays.com\/no\/122404\/"},"modified":"2025-12-26T19:01:14","modified_gmt":"2025-12-26T19:01:14","slug":"politi-naboer-voldshendelse-mellom-to-naboer-politiet-er-pa-stedet","status":"publish","type":"post","link":"https:\/\/www.europesays.com\/no\/122404\/","title":{"rendered":"Politi, Naboer | Voldshendelse mellom to naboer \u2013 politiet er p\u00e5 stedet"},"content":{"rendered":"\n<p>\u2013 Vi har akkurat kommet fram til stedet, og vi har n\u00e5 kontroll p\u00e5 begge involverte. Ingen er direkte skadd, forteller operasjonsleder Trond Hangaas.<\/p>\n<p>Det var en av de involverte som selv meldte fra til politiet, og fortalte at han var blitt sl\u00e5tt av naboen sin i etterkant av en krangel. Konflikten fant sted p\u00e5 M\u00f8llenberg.<\/p>\n<p>Krangelen dreide seg om musikkspilling, og ble etter hvert s\u00e5 opphetet at det resulterte i fysisk h\u00e5ndgemeng.<\/p>\n<p>\u2013 De har begge g\u00e5tt hver til sitt, s\u00e5 det er ingen p\u00e5g\u00e5ende situasjon akkurat n\u00e5, sier Hangaas.<\/p>\n<p>Enden p\u00e5 visa ble at begge de involverte partene fikk p\u00e5legg om \u00e5 ikke ta kontakt med hverandre i l\u00f8pet av det neste d\u00f8gnet.<\/p>\n","protected":false},"excerpt":{"rendered":"\u2013 Vi har akkurat kommet fram til stedet, og vi har n\u00e5 kontroll p\u00e5 begge involverte. Ingen er&hellip;\n","protected":false},"author":2,"featured_media":10392,"comment_status":"","ping_status":"","sticky":false,"template":"","format":"standard","meta":{"footnotes":""},"categories":[12],"tags":[36,20,21,24,25,15,22,23,14521,13,30,28,29,14,16,254,1510,26,27,42,493,43,44,45],"class_list":{"0":"post-122404","1":"post","2":"type-post","3":"status-publish","4":"format-standard","5":"has-post-thumbnail","7":"category-verden","8":"tag-art","9":"tag-breaking-news","10":"tag-breakingnews","11":"tag-featured-news","12":"tag-featurednews","13":"tag-headlines","14":"tag-latest-news","15":"tag-latestnews","16":"tag-naboer","17":"tag-news","18":"tag-no","19":"tag-norge","20":"tag-norway","21":"tag-nyheter","22":"tag-overskrifter","23":"tag-politi","24":"tag-story","25":"tag-top-stories","26":"tag-topstories","27":"tag-verden","28":"tag-vold","29":"tag-world","30":"tag-world-news","31":"tag-worldnews"},"share_on_mastodon":{"url":"https:\/\/pubeurope.com\/@no\/115787417932712713","error":""},"_links":{"self":[{"href":"https:\/\/www.europesays.com\/no\/wp-json\/wp\/v2\/posts\/122404","targetHints":{"allow":["GET"]}}],"collection":[{"href":"https:\/\/www.europesays.com\/no\/wp-json\/wp\/v2\/posts"}],"about":[{"href":"https:\/\/www.europesays.com\/no\/wp-json\/wp\/v2\/types\/post"}],"author":[{"embeddable":true,"href":"https:\/\/www.europesays.com\/no\/wp-json\/wp\/v2\/users\/2"}],"replies":[{"embeddable":true,"href":"https:\/\/www.europesays.com\/no\/wp-json\/wp\/v2\/comments?post=122404"}],"version-history":[{"count":0,"href":"https:\/\/www.europesays.com\/no\/wp-json\/wp\/v2\/posts\/122404\/revisions"}],"wp:featuredmedia":[{"embeddable":true,"href":"https:\/\/www.europesays.com\/no\/wp-json\/wp\/v2\/media\/10392"}],"wp:attachment":[{"href":"https:\/\/www.europesays.com\/no\/wp-json\/wp\/v2\/media?parent=122404"}],"wp:term":[{"taxonomy":"category","embeddable":true,"href":"https:\/\/www.europesays.com\/no\/wp-json\/wp\/v2\/categories?post=122404"},{"taxonomy":"post_tag","embeddable":true,"href":"https:\/\/www.europesays.com\/no\/wp-json\/wp\/v2\/tags?post=122404"}],"curies":[{"name":"wp","href":"https:\/\/api.w.org\/{rel}","templated":true}]}}