{"id":122405,"date":"2025-12-26T19:02:37","date_gmt":"2025-12-26T19:02:37","guid":{"rendered":"https:\/\/www.europesays.com\/no\/122405\/"},"modified":"2025-12-26T19:02:37","modified_gmt":"2025-12-26T19:02:37","slug":"fra-arbeidskar-til-stortinget-pa-rekordtid","status":"publish","type":"post","link":"https:\/\/www.europesays.com\/no\/122405\/","title":{"rendered":"Fra arbeidskar til Stortinget p\u00e5 rekordtid"},"content":{"rendered":"<p class=\"byline\">Harald Henmo og H\u00e5vard S\u00e6b\u00f8 (foto)<\/p>\n<p><img decoding=\"async\" class=\"Image Image_\" src=\"\" data-aghref=\"http:\/\/frifagbevegelse.no\/image-3.633211.155249.20251222115754.274cdf5039\" data-agimagetype=\"hardcrop\" alt=\"\"\/><\/p>\n<p class=\"Source\">H\u00e5vard S\u00e6b\u00f8<\/p>\n<p class=\"spesial\">Morten er temmelig nyinnflyttet i pendlerleiligheten bak Stortinget. <\/p>\n<p><img decoding=\"async\" class=\"Image Image_\" src=\"\" data-aghref=\"http:\/\/frifagbevegelse.no\/image-3.633133.155249.20251222115754.1.0946c10962\" data-agimagetype=\"hardcrop\" alt=\"\"\/><\/p>\n<p class=\"spesial\">Innholdet i kj\u00f8leskapet er sparsommelig og, skal vi si, ungdommelig.<\/p>\n<p><img decoding=\"async\" class=\"Image Image_\" src=\"\" data-aghref=\"http:\/\/frifagbevegelse.no\/image-3.633143.155249.20251222115754.5d13cfc80c\" data-agimagetype=\"hardcrop\" alt=\"\"\/><\/p>\n<p class=\"Source\">H\u00e5vard S\u00e6b\u00f8<\/p>\n<p class=\"spesial\">Stortingsleiligheten ligger i et fint str\u00f8k, men mangler det meste av s\u00e5nt som gj\u00f8r en leilighet til et hjem. <\/p>\n<p class=\"spesial\">Veggene er tomme, og planen er \u00e5 kunne se p\u00e5 TV fra sofakroken, hvis han rekker \u00e5 f\u00e5 kj\u00f8pt en 65-tommer f\u00f8r butikken stenger i kveld.<\/p>\n<p><img decoding=\"async\" class=\"Image Image_\" src=\"\" data-aghref=\"http:\/\/frifagbevegelse.no\/image-3.633129.155249.20251222115754.1.965239bfe3\" data-agimagetype=\"hardcrop\" alt=\"\"\/><\/p>\n<p class=\"Source\">H\u00e5vard S\u00e6b\u00f8<\/p>\n<p class=\"spesial\">\u2013 Dere m\u00e5, M\u00c5, f\u00e5 med at jeg bare har bart fordi det er Movember.\u00a0<\/p>\n<p><img decoding=\"async\" class=\"Image Image_\" src=\"\" data-aghref=\"http:\/\/frifagbevegelse.no\/image-3.633212.155249.20251222115754.1.6f6ea41b37\" data-agimagetype=\"hardcrop\" alt=\"\"\/><\/p>\n<p class=\"Source\">H\u00e5vard S\u00e6b\u00f8<\/p>\n<p class=\"spesial\">Pendlerleiligheten ligger noen dr\u00f8ye steinkast fra Stortinget. Det samme gj\u00f8r Sandangers gamle arbeidsgiver McDonalds. <\/p>\n<p class=\"spesial\">Den blir sjelden bes\u00f8kt, men Morten har v\u00e6rt med p\u00e5 noen fotosesjoner der inne.<\/p>\n<p><img decoding=\"async\" class=\"Image Image_\" src=\"\" data-aghref=\"http:\/\/frifagbevegelse.no\/image-3.633243.155249.20251222115754.afb16f1929\" data-agimagetype=\"hardcrop\" alt=\"\"\/><\/p>\n<p class=\"Source\">H\u00e5vard S\u00e6b\u00f8<\/p>\n<p class=\"spesial\">\u2013 S\u00e5 ble det faktisk en sein burger p\u00e5 vei hjem etter middagen p\u00e5 slottet med det nye stortinget.\u00a0\u00a0<\/p>\n<p><img decoding=\"async\" class=\"Image Image_\" src=\"\" data-aghref=\"http:\/\/frifagbevegelse.no\/image-3.633155.155249.20251222115754.1.8022515811\" data-agimagetype=\"hardcrop\" alt=\"\"\/><\/p>\n<p class=\"Source\">H\u00e5vard S\u00e6b\u00f8<\/p>\n<p class=\"spesial\">Det str\u00f8mmer p\u00e5 med dokumenter til representantene, som ikke kan \u2013 og ikke er forventet \u2013 \u00e5 lese alt. S\u00e5 da gjelder det \u00e5 l\u00e6re seg hva man m\u00e5 lese og hva man kan droppe. <\/p>\n<p class=\"spesial\">Og det er bare \u00e9n av mange ting man m\u00e5 sette seg inn i som fersking. \u2013 Jeg har gitt meg selv seks m\u00e5neder p\u00e5 \u00e5 l\u00e6re alt, sier Morten.\u00a0<\/p>\n<p><img decoding=\"async\" class=\"Image Image_\" src=\"\" data-aghref=\"http:\/\/frifagbevegelse.no\/image-3.633140.155249.20251222115754.0640997b67\" data-agimagetype=\"hardcrop\" alt=\"\"\/><\/p>\n<p class=\"Source\">H\u00e5vard S\u00e6b\u00f8<\/p>\n<p class=\"spesial\">Stortinget har plenumsm\u00f8ter tirsdag til torsdag. Mandag og fredag har Morten tenkt \u00e5 tilbringe mest mulig i sitt eget valgdistrikt, i kontakt med velgerne der. <\/p>\n<p class=\"spesial\">Salen t\u00f8mmes ganske fort etter at plenumsm\u00f8tet er begynt \u2013 mens debatten p\u00e5g\u00e5r.<\/p>\n<p><img decoding=\"async\" class=\"Image Image_\" src=\"\" data-aghref=\"http:\/\/frifagbevegelse.no\/image-3.633135.155249.20251222115754.64136f3653\" data-agimagetype=\"hardcrop\" alt=\"\"\/><\/p>\n<p class=\"Source\">H\u00e5vard S\u00e6b\u00f8<\/p>\n<p class=\"spesial\">Ogs\u00e5 Rogalands ferske representant forsvinner ganske raskt videre til dagens program av m\u00f8ter, telefoner og kontorarbeid. <\/p>\n<p class=\"spesial\">\u2013 Hadde jeg sittet i salen hele dagen, ville jeg ikke f\u00e5tt gjort noe, sier han.\u00a0<\/p>\n<p><img decoding=\"async\" class=\"Image Image_\" src=\"\" data-aghref=\"http:\/\/frifagbevegelse.no\/image-3.633160.155249.20251222115754.1.0b13fd3aca\" data-agimagetype=\"hardcrop\" alt=\"\"\/><\/p>\n<p class=\"Source\">H\u00e5vard S\u00e6b\u00f8<\/p>\n<p class=\"spesial\">Papiravisene holder fortsatt koken i den sosiale sonen, En politiker m\u00e5 fronte saker og v\u00e6re synlig i media, som f\u00f8lges n\u00f8ye av alle p\u00e5 Stortinget. <\/p>\n<p class=\"spesial\">Her sammen med (fra venstre) Truls Vasvik, Agnes N\u00e6rland Viljugrein og Kai Steffen \u00d8stensen i et lykkelig \u00f8yeblikk.<\/p>\n<p><img decoding=\"async\" class=\"Image Image_\" src=\"\" data-aghref=\"http:\/\/frifagbevegelse.no\/image-3.633141.155249.20251222115754.21e279202b\" data-agimagetype=\"hardcrop\" alt=\"\"\/><\/p>\n<p class=\"Source\">H\u00e5vard S\u00e6b\u00f8<\/p>\n<p class=\"spesial\">20 minutter til neste m\u00f8te. Akkurat tid til \u00e5 flate ut litt.<\/p>\n<p><img decoding=\"async\" class=\"Image Image_\" src=\"\" data-aghref=\"http:\/\/frifagbevegelse.no\/image-3.633139.155249.20251222115754.1.5624e4336b\" data-agimagetype=\"hardcrop\" alt=\"\"\/><\/p>\n<p class=\"Source\">H\u00e5vard S\u00e6b\u00f8<\/p>\n<p class=\"spesial\">Gamle helter og gamle kampsaker p\u00e5 veggene i Arbeiderpartiets kontorfl\u00f8y.<\/p>\n<p><img decoding=\"async\" class=\"Image Image_\" src=\"\" data-aghref=\"http:\/\/frifagbevegelse.no\/image-3.633159.155249.20251222115754.1.52f0ae9fbf\" data-agimagetype=\"hardcrop\" alt=\"\"\/><\/p>\n<p class=\"Source\">H\u00e5vard S\u00e6b\u00f8<\/p>\n<p class=\"spesial\">Kontoret til Morten ligger i et av Stortingets lokaler utenfor selve stortingsbygget, og det blir mange meter g\u00e5ing i korridorer og tunneler i l\u00f8pet av dagen p\u00e5 28-\u00e5ringen.\u00a0<\/p>\n<p><img decoding=\"async\" class=\"Image Image_\" src=\"\" data-aghref=\"http:\/\/frifagbevegelse.no\/image-3.633163.155249.20251222115754.1.edd8eadeb3\" data-agimagetype=\"hardcrop\" alt=\"\"\/><\/p>\n<p class=\"Source\">H\u00e5vard S\u00e6b\u00f8<\/p>\n<p class=\"spesial\">Denne dagen er det \u00abR-fraksjon\u00bb. Det betyr et m\u00f8te mellom partiets komit\u00e9medlemmer og representanter for Regjeringen. Morten sitter i arbeids- og sosialkomiteen.<\/p>\n<p><img decoding=\"async\" class=\"Image Image_\" src=\"\" data-aghref=\"http:\/\/frifagbevegelse.no\/image-3.633156.155249.20251222115754.6ac22a1003\" data-agimagetype=\"hardcrop\" alt=\"\"\/><\/p>\n<p class=\"Source\">H\u00e5vard S\u00e6b\u00f8<\/p>\n<p class=\"spesial\">Det er sp\u00f8rretime p\u00e5 Stortinget, og huset kryr av statsr\u00e5der, som samferdselsminister Jon-Ivar Nyg\u00e5rd.\u00a0<\/p>\n<p><img decoding=\"async\" class=\"Image Image_\" src=\"\" data-aghref=\"http:\/\/frifagbevegelse.no\/image-3.633137.155249.20251222115754.1.15bf214cbf\" data-agimagetype=\"hardcrop\" alt=\"\"\/><\/p>\n<p class=\"Source\">H\u00e5vard S\u00e6b\u00f8<\/p>\n<p class=\"spesial\">Dagen avsluttes med middag p\u00e5 partikontoret for de nyvalgte Ap-representantene, som tidligere i h\u00f8st ogs\u00e5 har v\u00e6rt invitert p\u00e5 pizzakveld i statsministerboligen. <\/p>\n<p class=\"spesial\">Der er ogs\u00e5 noen nygjenvalgte, \u2013 eller gjen-nyvalgte, om man vil \u2013 som Trond Giske.\u00a0<\/p>\n<p><img decoding=\"async\" class=\"Image Image_\" src=\"\" data-aghref=\"http:\/\/frifagbevegelse.no\/image-3.633244.155249.20251222115754.1.029c4ac86f\" data-agimagetype=\"hardcrop\" alt=\"\"\/><\/p>\n<p class=\"Source\">Faksimile<\/p>\n<p class=\"spesial\">\u2013 Det var saken hos dere som startet det hele, sier Morten Sandanger. Denne artikkelen sto i Magasinet nummer 6\u20132023.<\/p>\n<p class=\"spesial\">For jobben han gjorde\u00a0med \u00e5 f\u00e5 tariffavtale p\u00e5 McDonald\u2019s i Sandnes\u00a0vekket oppsikt i forbundet, og senere LO og Ap.<\/p>\n<p><img decoding=\"async\" class=\"Image Image_\" src=\"\" data-aghref=\"http:\/\/frifagbevegelse.no\/image-3.633213.155249.20251222115754.86e049ebfa\" data-agimagetype=\"hardcrop\" alt=\"\"\/><\/p>\n<p class=\"Source\">H\u00e5vard S\u00e6b\u00f8<\/p>\n<p class=\"spesial\">Han ble ungdomssekret\u00e6r for Fellesforbundet i Rogaland \u2013 og n\u00e5 er han alts\u00e5 stortingsrepresentant.<\/p>\n<p class=\"byline\">Harald Henmo og H\u00e5vard S\u00e6b\u00f8 (foto)<\/p>\n<p><img decoding=\"async\" class=\"Image Image_\" src=\"\" data-aghref=\"http:\/\/frifagbevegelse.no\/image-3.633211.155249.20251222115754.2.fd5a327c17\" data-agimagetype=\"hardcrop\" alt=\"\"\/><\/p>\n<p class=\"Source\">H\u00e5vard S\u00e6b\u00f8<\/p>\n<p class=\"spesial\">Morten er temmelig nyinnflyttet i pendlerleiligheten bak Stortinget. <\/p>\n<p><img decoding=\"async\" class=\"Image Image_\" src=\"\" data-aghref=\"http:\/\/frifagbevegelse.no\/image-3.633133.155249.20251222115754.2.d0b8fdcb95\" data-agimagetype=\"hardcrop\" alt=\"\"\/><\/p>\n<p class=\"spesial\">Innholdet i kj\u00f8leskapet er sparsommelig og, skal vi si, ungdommelig.<\/p>\n<p><img decoding=\"async\" class=\"Image Image_\" src=\"\" data-aghref=\"http:\/\/frifagbevegelse.no\/image-3.633143.155249.20251222115754.5d13cfc80c\" data-agimagetype=\"hardcrop\" alt=\"\"\/><\/p>\n<p class=\"Source\">H\u00e5vard S\u00e6b\u00f8<\/p>\n<p class=\"spesial\">Stortingsleiligheten ligger i et fint str\u00f8k, men mangler det meste av s\u00e5nt som gj\u00f8r en leilighet til et hjem. <\/p>\n<p class=\"spesial\">Veggene er tomme, og planen er \u00e5 kunne se p\u00e5 TV fra sofakroken, hvis han rekker \u00e5 f\u00e5 kj\u00f8pt en 65-tommer f\u00f8r butikken stenger i kveld.<\/p>\n<p><img decoding=\"async\" class=\"Image Image_\" src=\"\" data-aghref=\"http:\/\/frifagbevegelse.no\/image-3.633129.155249.20251222115754.2.92a5554980\" data-agimagetype=\"hardcrop\" alt=\"\"\/><\/p>\n<p class=\"Source\">H\u00e5vard S\u00e6b\u00f8<\/p>\n<p class=\"spesial\">\u2013 Dere m\u00e5, M\u00c5, f\u00e5 med at jeg bare har bart fordi det er Movember.\u00a0<\/p>\n<p><img decoding=\"async\" class=\"Image Image_\" src=\"\" data-aghref=\"http:\/\/frifagbevegelse.no\/image-3.633212.155249.20251222115754.2.ce7a967f09\" data-agimagetype=\"hardcrop\" alt=\"\"\/><\/p>\n<p class=\"Source\">H\u00e5vard S\u00e6b\u00f8<\/p>\n<p class=\"spesial\">Pendlerleiligheten ligger noen dr\u00f8ye steinkast fra Stortinget. Det samme gj\u00f8r Sandangers gamle arbeidsgiver McDonalds. <\/p>\n<p class=\"spesial\">Den blir sjelden bes\u00f8kt, men Morten har v\u00e6rt med p\u00e5 noen fotosesjoner der inne.<\/p>\n<p><img decoding=\"async\" class=\"Image Image_\" src=\"\" data-aghref=\"http:\/\/frifagbevegelse.no\/image-3.633243.155249.20251222115754.2.d602f8a882\" data-agimagetype=\"hardcrop\" alt=\"\"\/><\/p>\n<p class=\"Source\">H\u00e5vard S\u00e6b\u00f8<\/p>\n<p class=\"spesial\">\u2013 S\u00e5 ble det faktisk en sein burger p\u00e5 vei hjem etter middagen p\u00e5 slottet med det nye stortinget.\u00a0\u00a0<\/p>\n<p><img decoding=\"async\" class=\"Image Image_\" src=\"\" data-aghref=\"http:\/\/frifagbevegelse.no\/image-3.633155.155249.20251222115754.2.64ce1ad84f\" data-agimagetype=\"hardcrop\" alt=\"\"\/><\/p>\n<p class=\"Source\">H\u00e5vard S\u00e6b\u00f8<\/p>\n<p class=\"spesial\">Det str\u00f8mmer p\u00e5 med dokumenter til representantene, som ikke kan \u2013 og ikke er forventet \u2013 \u00e5 lese alt. S\u00e5 da gjelder det \u00e5 l\u00e6re seg hva man m\u00e5 lese og hva man kan droppe. <\/p>\n<p class=\"spesial\">Og det er bare \u00e9n av mange ting man m\u00e5 sette seg inn i som fersking. \u2013 Jeg har gitt meg selv seks m\u00e5neder p\u00e5 \u00e5 l\u00e6re alt, sier Morten.\u00a0<\/p>\n<p><img decoding=\"async\" class=\"Image Image_\" src=\"\" data-aghref=\"http:\/\/frifagbevegelse.no\/image-3.633140.155249.20251222115754.2.f4505ba45a\" data-agimagetype=\"hardcrop\" alt=\"\"\/><\/p>\n<p class=\"Source\">H\u00e5vard S\u00e6b\u00f8<\/p>\n<p class=\"spesial\">Stortinget har plenumsm\u00f8ter tirsdag til torsdag. Mandag og fredag har Morten tenkt \u00e5 tilbringe mest mulig i sitt eget valgdistrikt, i kontakt med velgerne der. <\/p>\n<p class=\"spesial\">Salen t\u00f8mmes ganske fort etter at plenumsm\u00f8tet er begynt \u2013 mens debatten p\u00e5g\u00e5r.<\/p>\n<p><img decoding=\"async\" class=\"Image Image_\" src=\"\" data-aghref=\"http:\/\/frifagbevegelse.no\/image-3.633135.155249.20251222115754.2.58c89ad5a6\" data-agimagetype=\"hardcrop\" alt=\"\"\/><\/p>\n<p class=\"Source\">H\u00e5vard S\u00e6b\u00f8<\/p>\n<p class=\"spesial\">Ogs\u00e5 Rogalands ferske representant forsvinner ganske raskt videre til dagens program av m\u00f8ter, telefoner og kontorarbeid. <\/p>\n<p class=\"spesial\">\u2013 Hadde jeg sittet i salen hele dagen, ville jeg ikke f\u00e5tt gjort noe, sier han.\u00a0<\/p>\n<p><img decoding=\"async\" class=\"Image Image_\" src=\"\" data-aghref=\"http:\/\/frifagbevegelse.no\/image-3.633160.155249.20251222115754.2.c4b81fe5d6\" data-agimagetype=\"hardcrop\" alt=\"\"\/><\/p>\n<p class=\"Source\">H\u00e5vard S\u00e6b\u00f8<\/p>\n<p class=\"spesial\">Papiravisene holder fortsatt koken i den sosiale sonen, En politiker m\u00e5 fronte saker og v\u00e6re synlig i media, som f\u00f8lges n\u00f8ye av alle p\u00e5 Stortinget. <\/p>\n<p class=\"spesial\">Her sammen med (fra venstre) Truls Vasvik, Agnes N\u00e6rland Viljugrein og Kai Steffen \u00d8stensen i et lykkelig \u00f8yeblikk.<\/p>\n<p><img decoding=\"async\" class=\"Image Image_\" src=\"\" data-aghref=\"http:\/\/frifagbevegelse.no\/image-3.633141.155249.20251222115754.2.96668f5d8d\" data-agimagetype=\"hardcrop\" alt=\"\"\/><\/p>\n<p class=\"Source\">H\u00e5vard S\u00e6b\u00f8<\/p>\n<p class=\"spesial\">20 minutter til neste m\u00f8te. Akkurat tid til \u00e5 flate ut litt.<\/p>\n<p><img decoding=\"async\" class=\"Image Image_\" src=\"\" data-aghref=\"http:\/\/frifagbevegelse.no\/image-3.633139.155249.20251222115754.2.a69dd03e38\" data-agimagetype=\"hardcrop\" alt=\"\"\/><\/p>\n<p class=\"Source\">H\u00e5vard S\u00e6b\u00f8<\/p>\n<p class=\"spesial\">Gamle helter og gamle kampsaker p\u00e5 veggene i Arbeiderpartiets kontorfl\u00f8y.<\/p>\n<p><img decoding=\"async\" class=\"Image Image_\" src=\"\" data-aghref=\"http:\/\/frifagbevegelse.no\/image-3.633159.155249.20251222115754.2.a510421539\" data-agimagetype=\"hardcrop\" alt=\"\"\/><\/p>\n<p class=\"Source\">H\u00e5vard S\u00e6b\u00f8<\/p>\n<p class=\"spesial\">Kontoret til Morten ligger i et av Stortingets lokaler utenfor selve stortingsbygget, og det blir mange meter g\u00e5ing i korridorer og tunneler i l\u00f8pet av dagen p\u00e5 28-\u00e5ringen.\u00a0<\/p>\n<p><img decoding=\"async\" class=\"Image Image_\" src=\"\" data-aghref=\"http:\/\/frifagbevegelse.no\/image-3.633163.155249.20251222115754.2.715e17fca1\" data-agimagetype=\"hardcrop\" alt=\"\"\/><\/p>\n<p class=\"Source\">H\u00e5vard S\u00e6b\u00f8<\/p>\n<p class=\"spesial\">Denne dagen er det \u00abR-fraksjon\u00bb. Det betyr et m\u00f8te mellom partiets komit\u00e9medlemmer og representanter for Regjeringen. Morten sitter i arbeids- og sosialkomiteen.<\/p>\n<p><img decoding=\"async\" class=\"Image Image_\" src=\"\" data-aghref=\"http:\/\/frifagbevegelse.no\/image-3.633156.155249.20251222115754.2.a648ec8dbb\" data-agimagetype=\"hardcrop\" alt=\"\"\/><\/p>\n<p class=\"Source\">H\u00e5vard S\u00e6b\u00f8<\/p>\n<p class=\"spesial\">Det er sp\u00f8rretime p\u00e5 Stortinget, og huset kryr av statsr\u00e5der, som samferdselsminister Jon-Ivar Nyg\u00e5rd.\u00a0<\/p>\n<p><img decoding=\"async\" class=\"Image Image_\" src=\"\" data-aghref=\"http:\/\/frifagbevegelse.no\/image-3.633137.155249.20251222115754.2.a97f6cfb57\" data-agimagetype=\"hardcrop\" alt=\"\"\/><\/p>\n<p class=\"Source\">H\u00e5vard S\u00e6b\u00f8<\/p>\n<p class=\"spesial\">Dagen avsluttes med middag p\u00e5 partikontoret for de nyvalgte Ap-representantene, som tidligere i h\u00f8st ogs\u00e5 har v\u00e6rt invitert p\u00e5 pizzakveld i statsministerboligen. <\/p>\n<p class=\"spesial\">Der er ogs\u00e5 noen nygjenvalgte, \u2013 eller gjen-nyvalgte, om man vil \u2013 som Trond Giske.\u00a0<\/p>\n<p><img decoding=\"async\" class=\"Image Image_\" src=\"\" data-aghref=\"http:\/\/frifagbevegelse.no\/image-3.633244.155249.20251222115754.2.bbdc5edbf4\" data-agimagetype=\"hardcrop\" alt=\"\"\/><\/p>\n<p class=\"Source\">Faksimile<\/p>\n<p class=\"spesial\">\u2013 Det var saken hos dere som startet det hele, sier Morten Sandanger. Denne artikkelen sto i Magasinet nummer 6\u20132023.<\/p>\n<p class=\"spesial\">For jobben han gjorde\u00a0med \u00e5 f\u00e5 tariffavtale p\u00e5 McDonald\u2019s i Sandnes\u00a0vekket oppsikt i forbundet, og senere LO og Ap.<\/p>\n<p><img decoding=\"async\" class=\"Image Image_\" src=\"\" data-aghref=\"http:\/\/frifagbevegelse.no\/image-3.633213.155249.20251222115754.2.33a654f601\" data-agimagetype=\"hardcrop\" alt=\"\"\/><\/p>\n<p class=\"Source\">H\u00e5vard S\u00e6b\u00f8<\/p>\n<p class=\"spesial\">Han ble ungdomssekret\u00e6r for Fellesforbundet i Rogaland \u2013 og n\u00e5 er han alts\u00e5 stortingsrepresentant.<\/p>\n","protected":false},"excerpt":{"rendered":"Harald Henmo og H\u00e5vard S\u00e6b\u00f8 (foto) H\u00e5vard S\u00e6b\u00f8 Morten er temmelig nyinnflyttet i pendlerleiligheten bak Stortinget. Innholdet i&hellip;\n","protected":false},"author":2,"featured_media":122406,"comment_status":"","ping_status":"","sticky":false,"template":"","format":"standard","meta":{"footnotes":""},"categories":[10],"tags":[20,21,24,25,15,22,23,13,30,28,29,14,16,26,27],"class_list":{"0":"post-122405","1":"post","2":"type-post","3":"status-publish","4":"format-standard","5":"has-post-thumbnail","7":"category-norge","8":"tag-breaking-news","9":"tag-breakingnews","10":"tag-featured-news","11":"tag-featurednews","12":"tag-headlines","13":"tag-latest-news","14":"tag-latestnews","15":"tag-news","16":"tag-no","17":"tag-norge","18":"tag-norway","19":"tag-nyheter","20":"tag-overskrifter","21":"tag-top-stories","22":"tag-topstories"},"share_on_mastodon":{"url":"https:\/\/pubeurope.com\/@no\/115787421625527262","error":""},"_links":{"self":[{"href":"https:\/\/www.europesays.com\/no\/wp-json\/wp\/v2\/posts\/122405","targetHints":{"allow":["GET"]}}],"collection":[{"href":"https:\/\/www.europesays.com\/no\/wp-json\/wp\/v2\/posts"}],"about":[{"href":"https:\/\/www.europesays.com\/no\/wp-json\/wp\/v2\/types\/post"}],"author":[{"embeddable":true,"href":"https:\/\/www.europesays.com\/no\/wp-json\/wp\/v2\/users\/2"}],"replies":[{"embeddable":true,"href":"https:\/\/www.europesays.com\/no\/wp-json\/wp\/v2\/comments?post=122405"}],"version-history":[{"count":0,"href":"https:\/\/www.europesays.com\/no\/wp-json\/wp\/v2\/posts\/122405\/revisions"}],"wp:featuredmedia":[{"embeddable":true,"href":"https:\/\/www.europesays.com\/no\/wp-json\/wp\/v2\/media\/122406"}],"wp:attachment":[{"href":"https:\/\/www.europesays.com\/no\/wp-json\/wp\/v2\/media?parent=122405"}],"wp:term":[{"taxonomy":"category","embeddable":true,"href":"https:\/\/www.europesays.com\/no\/wp-json\/wp\/v2\/categories?post=122405"},{"taxonomy":"post_tag","embeddable":true,"href":"https:\/\/www.europesays.com\/no\/wp-json\/wp\/v2\/tags?post=122405"}],"curies":[{"name":"wp","href":"https:\/\/api.w.org\/{rel}","templated":true}]}}