{"id":122407,"date":"2025-12-26T19:10:08","date_gmt":"2025-12-26T19:10:08","guid":{"rendered":"https:\/\/www.europesays.com\/no\/122407\/"},"modified":"2025-12-26T19:10:08","modified_gmt":"2025-12-26T19:10:08","slug":"slik-feiret-julius-sin-46-arsdag-nrk-sorlandet-lokale-nyheter-tv-og-radio","status":"publish","type":"post","link":"https:\/\/www.europesays.com\/no\/122407\/","title":{"rendered":"Slik feiret Julius sin 46-\u00e5rsdag \u2013 NRK S\u00f8rlandet \u2013 Lokale nyheter, TV og radio"},"content":{"rendered":"<p>I dag fyller sjimpansen Julius 46 \u00e5r, og i formiddag ble bursdagen markert med ekstra oppmerksomhet og gaver i Kristiansand Dyrepark. <\/p>\n<p>If\u00f8lge dyreparken feiret de Julius, tradisjonen tro, med b\u00e5de sm\u00e5 og store gaver som inneholdt frukt og n\u00f8tter.<\/p>\n<p>Dette er nemlig bursdagsbarnet ekstra glad i.<\/p>\n<p>Og hele sjimpanseflokken fikk delta i feiringen.<\/p>\n<p>\u2013 Pakkene er en fin aktivisering for hele flokken, skriver de i pressemeldingen. <\/p>\n<p>    <img alt=\"en person i hvit kjole (Bildebeskrivelsen er laget av en KI-tjeneste)\"  loading=\"lazy\"\/><img alt=\"Julius pakker opp gaver p\u00e5 sin 46-\u00e5rs dag\"  loading=\"lazy\"\/><\/p>\n<p>Julius og resten av sjimpanseflokken fikk kose seg med gaver p\u00e5 Julius sin bursdag 2. juledag. <\/p>\n<p>Kristiansand Dyrepark<\/p>\n<p>T\u00f8ff start p\u00e5 livet<\/p>\n<p>Julius kom til verden 2. juledag 1979. I begynnelsen s\u00e5 alt ut til \u00e5 v\u00e6re i skj\u00f8nneste orden, men etter noen uker sluttet moren Sanne \u00e5 vise interesse for ham.<\/p>\n<p>Sjimpansene begynte \u00e5 bli voldelige mot den lille nykommeren.<\/p>\n<p>Da han en dag ble funnet p\u00e5 gulvet med avbitt pekefinger, bestemte dav\u00e6rende dyreparken-direkt\u00f8r Edvard Moseid og legen William \u00abBilly\u00bb Glad seg for \u00e5 redde Julius.<\/p>\n<p>Han ble da flasket opp hos mennesker. Slik at han skulle ha mulighet til \u00e5 overleve.<\/p>\n<p>    \u2190<\/p>\n<ul data-scroll-container=\"\" role=\"list\" aria-label=\"Bildegalleri\">\n<li><img alt=\"Julius kj\u00f8rer kjelke\"  width=\"2400\" height=\"2400\" loading=\"lazy\"\/>\n<p>Julius bodde hos mennesker sine f\u00f8rste leve\u00e5r.<\/p>\n<\/li>\n<li><img alt=\"Julius med br\u00f8drene Carl Christian og \u00d8ystein Glad. &#13;&#10;\"  width=\"2400\" height=\"1350\" loading=\"lazy\"\/>\n<p>Julius med br\u00f8drene Carl Christian og \u00d8ystein Glad. <\/p>\n<\/li>\n<li><img alt=\"Julius p\u00e5 b\u00e5ttur med familien Glad\"  width=\"2400\" height=\"1580\" loading=\"lazy\"\/>\n<p>Julius p\u00e5 b\u00e5ttur med familien Glad.<\/p>\n<\/li>\n<li><img alt=\"Julius fyller et \u00e5r og f\u00e5r bursdagskake \"  width=\"2400\" height=\"1350\" loading=\"lazy\"\/>\n<p>Julius p\u00e5 sin ett\u00e5rsdag. Han har bursdag 2. juledag. <\/p>\n<\/li>\n<\/ul>\n<p>\u2192<\/p>\n<p>Historien bak navnet Julius<\/p>\n<p>Julius ble f\u00f8dt 26. desember 1979, og dyrepasserne trodde da at den nyf\u00f8dte var en hunn.<\/p>\n<p>Derfor ble ungen f\u00f8rst kalt for Julianne siden det var 2. juledag. <\/p>\n<p>Etter noen dager viste det seg at den lille var en hann, og navnet ble endret til Julius som han heter den dag i dag.<\/p>\n<p><img decoding=\"async\"   src=\"data:image\/gif;base64,R0lGODlhAQABAIAAAAAAAP\/\/\/yH5BAEAAAAALAAAAAABAAEAAAIBRAA7\" loading=\"eager\" alt=\"En sjimpanse med en gul ball i munnen\" title=\"Foto: Kristiansand Dyrepark\"\/><\/p>\n<p class=\"\">46-\u00e5ringen Julius har blitt litt gr\u00e5ere med \u00e5rene. <\/p>\n<p>Foto: Kristiansand Dyrepark<\/p>\n<p>Publisert<\/p>\n<p>26.12.2025, kl. 18.53<\/p>\n<p>Oppdatert<\/p>\n<p>26.12.2025, kl. 19.07<\/p>\n","protected":false},"excerpt":{"rendered":"I dag fyller sjimpansen Julius 46 \u00e5r, og i formiddag ble bursdagen markert med ekstra oppmerksomhet og gaver&hellip;\n","protected":false},"author":2,"featured_media":122408,"comment_status":"","ping_status":"","sticky":false,"template":"","format":"standard","meta":{"footnotes":""},"categories":[10],"tags":[20,21,24,25,15,22,23,13,30,28,29,14,16,26,27],"class_list":{"0":"post-122407","1":"post","2":"type-post","3":"status-publish","4":"format-standard","5":"has-post-thumbnail","7":"category-norge","8":"tag-breaking-news","9":"tag-breakingnews","10":"tag-featured-news","11":"tag-featurednews","12":"tag-headlines","13":"tag-latest-news","14":"tag-latestnews","15":"tag-news","16":"tag-no","17":"tag-norge","18":"tag-norway","19":"tag-nyheter","20":"tag-overskrifter","21":"tag-top-stories","22":"tag-topstories"},"share_on_mastodon":{"url":"https:\/\/pubeurope.com\/@no\/115787453145194630","error":""},"_links":{"self":[{"href":"https:\/\/www.europesays.com\/no\/wp-json\/wp\/v2\/posts\/122407","targetHints":{"allow":["GET"]}}],"collection":[{"href":"https:\/\/www.europesays.com\/no\/wp-json\/wp\/v2\/posts"}],"about":[{"href":"https:\/\/www.europesays.com\/no\/wp-json\/wp\/v2\/types\/post"}],"author":[{"embeddable":true,"href":"https:\/\/www.europesays.com\/no\/wp-json\/wp\/v2\/users\/2"}],"replies":[{"embeddable":true,"href":"https:\/\/www.europesays.com\/no\/wp-json\/wp\/v2\/comments?post=122407"}],"version-history":[{"count":0,"href":"https:\/\/www.europesays.com\/no\/wp-json\/wp\/v2\/posts\/122407\/revisions"}],"wp:featuredmedia":[{"embeddable":true,"href":"https:\/\/www.europesays.com\/no\/wp-json\/wp\/v2\/media\/122408"}],"wp:attachment":[{"href":"https:\/\/www.europesays.com\/no\/wp-json\/wp\/v2\/media?parent=122407"}],"wp:term":[{"taxonomy":"category","embeddable":true,"href":"https:\/\/www.europesays.com\/no\/wp-json\/wp\/v2\/categories?post=122407"},{"taxonomy":"post_tag","embeddable":true,"href":"https:\/\/www.europesays.com\/no\/wp-json\/wp\/v2\/tags?post=122407"}],"curies":[{"name":"wp","href":"https:\/\/api.w.org\/{rel}","templated":true}]}}