{"id":122409,"date":"2025-12-26T19:19:13","date_gmt":"2025-12-26T19:19:13","guid":{"rendered":"https:\/\/www.europesays.com\/no\/122409\/"},"modified":"2025-12-26T19:19:13","modified_gmt":"2025-12-26T19:19:13","slug":"karstein-og-rutt-tove-ble-hastefloyet-pa-sykehus-fikk-klaer-fra-fremmede-nrk-nordland","status":"publish","type":"post","link":"https:\/\/www.europesays.com\/no\/122409\/","title":{"rendered":"Karstein og Rutt Tove ble hastefl\u00f8yet p\u00e5 sykehus \u2013 fikk kl\u00e6r fra fremmede \u2013 NRK Nordland"},"content":{"rendered":"<p>\u2013 Det er jo helt fremmede mennesker, s\u00e5 det er veldig r\u00f8rende.<\/p>\n<p>Det sier 37 \u00e5r gamle Karstein Helland Bogstrand.<\/p>\n<p>Julaften feiret han, samboeren Rutt Tove Nilssen Forsmo (37) og familien som planlagt. Men natt til 1. juledag skjedde det noe.<\/p>\n<p>Plutselig ble det en tidligere ankomst enn ventet p\u00e5 den lille jenta i magen. Og foreldrene ble i all hast fraktet til b\u00e5de det ene og det andre sykehuset.<\/p>\n<p>Fremmede, hjelpsomme mennesker ble l\u00f8sningen for foreldrene som ikke hadde rukket \u00e5 pakke med seg noe.<\/p>\n<p>\u2013 Det er en skikkelig julehistorie. Det var ikke akkurat planlagt, sier Bogstrand.<\/p>\n<p>Fl\u00f8yet til Bod\u00f8 i helikopter<\/p>\n<p>\u2013 Samboeren min skulle p\u00e5 do. Da hun oppdaget masse blod begynte det hele, sier Bogstrand.<\/p>\n<p>De nybakte foreldrene bor i Leirfjord p\u00e5 Helgeland. En ambulanse ble sendt, og p\u00e5 sykehuset i Sandnessj\u00f8en oppdaget jordmor at morkaka hadde l\u00f8snet.<\/p>\n<p><strong>\u2013 Da er det bare en ting \u00e5 gj\u00f8re. Det er \u00e5 ta keisersnitt. Det var ganske stressende.<\/strong><\/p>\n<p><img decoding=\"async\"   src=\"data:image\/gif;base64,R0lGODlhAQABAIAAAAAAAP\/\/\/yH5BAEAAAAALAAAAAABAAEAAAIBRAA7\" loading=\"eager\" alt=\"En person i et helikopter\" title=\"Foto: Karstein Helland Bogstrand \/ privat\"\/><\/p>\n<p class=\"\">Karstein Helland Bogstrand forteller at det var stressende da de fikk vite at babyjenta m\u00e5tte ut med hastekeisersnitt.<\/p>\n<p>Foto: Karstein Helland Bogstrand \/ privat<\/p>\n<p>Inngrepet gikk bra, men den lille nyf\u00f8dte, Aina Johanne Nilssen Bogstrand, ble lagt i kuv\u00f8se. Hun hadde litt pusteproblemer.<\/p>\n<p>\u2013 Det hadde kommet et kuv\u00f8seteam fra Bod\u00f8 til Sandnessj\u00f8en, forteller den nyf\u00f8dtes far.<\/p>\n<p>\u2013 De ble med i helikopteret tidlig p\u00e5 morgenen 1. juledag.<\/p>\n<p>En julen\u00f8tt<\/p>\n<p>Lille Aina Johanne m\u00e5tte nemlig p\u00e5 nyf\u00f8dtintensiv, men <a href=\"https:\/\/www.nrk.no\/tromsogfinnmark\/meteorologisk-institutt-sender-ut-oransje-farevarsel-for-svaert-kraftige-vindkast-for-nord-norge-1.17705204\" ec-id=\"pp:article:1.17705204\" ec-name=\"den ventede romjulsstormen\" rel=\"nofollow noopener\" target=\"_blank\">den ventede romjulsstormen<\/a> hadde allerede gjort v\u00e6ret for d\u00e5rlig til at ambulanseflyet kunne lande.<\/p>\n<p>F\u00f8rst da de landet i Bod\u00f8 kom barnefaren p\u00e5 at han ikke hadde med seg noen kl\u00e6r.<\/p>\n<p><img decoding=\"async\"   src=\"data:image\/gif;base64,R0lGODlhAQABAIAAAAAAAP\/\/\/yH5BAEAAAAALAAAAAABAAEAAAIBRAA7\" loading=\"eager\" alt=\"Et r\u00f8dt og hvitt helikopter (Bildebeskrivelsen er laget av en KI-tjeneste)\" title=\"Foto: Karstein Helland Bogstrand \/ privat\"\/><\/p>\n<p class=\"\">Et kuv\u00f8seteam som f\u00f8rst var fl\u00f8yet ned til Sandnessj\u00f8en fra Bod\u00f8 ble med familien opp igjen da lille Aina Johanne trengte intensivhjelp<\/p>\n<p>Foto: Karstein Helland Bogstrand \/ privat<\/p>\n<p>\u2013 Vi skulle hjem neste dag og hente kl\u00e6r i Leirfjord, men det ble ikke s\u00e5nn.<\/p>\n<p><strong>Med romjulstid og stengte butikker i fire dager, ble dette en n\u00f8tt for den lille familien.<\/strong><\/p>\n<p>L\u00f8sningen fant de i en lokal Facebook-gruppe for \u00e5 arve ting. Bogstrand skrev et innlegg og fortalte om situasjonen sin.<\/p>\n<p>\u2013 Det ble en helt enorm respons. Vi er r\u00f8rt begge to, sier han.<\/p>\n<p>Ikke de eneste f\u00f8dt i desember<\/p>\n<p>Aina Lisell Torrissen er tillitsvalgt for Jordmorforbundet NSF ved Nordlandssykehuset.<\/p>\n<p>Hun forteller at det er veldig hyggelig med f\u00f8dsler i desember p\u00e5 sykehuset.<\/p>\n<p>\u2013 Jeg var selv p\u00e5 jobb p\u00e5 julaften og tok imot en av julebabyene. Det er hyggelig n\u00e5r man f\u00f8rst er p\u00e5 jobb, sier Torrissen.<\/p>\n<p><img decoding=\"async\"   src=\"data:image\/gif;base64,R0lGODlhAQABAIAAAAAAAP\/\/\/yH5BAEAAAAALAAAAAABAAEAAAIBRAA7\" loading=\"eager\" alt=\"Bilde av sykehuset i Bod\u00f8\" title=\"Foto: Simon Skjelvik Brandseth \/ NRK\"\/><\/p>\n<p class=\"\">Nordlandssykehuset avdeling Bod\u00f8 er kvinneklinikk for hele regionen. Alle risikof\u00f8dsler blir fl\u00f8yet til Bod\u00f8 p\u00e5 grunn av dette.<\/p>\n<p>Foto: Simon Skjelvik Brandseth \/ NRK<\/p>\n<p>\u2013 Mange barn som blir f\u00f8dt i desember har f\u00e5tt nisselue.<\/p>\n<p>Det f\u00f8des normalt i underkant av 1000 barn i \u00e5ret ved Nordlandssykehuset.<\/p>\n<p><strong>Men i \u00e5r ble <a href=\"https:\/\/www.nrk.no\/nordland\/ikke-fodt-sa-mange-barn-siden-2009-_-gustav-ble-baby-nummer-1000-1.17699606\" ec-id=\"pp:article:1.17699606\" ec-name=\"barn nr. 1000 f\u00f8dt allerede i midten av desember\" rel=\"nofollow noopener\" target=\"_blank\">barn nr. 1000 f\u00f8dt allerede i midten av desember<\/a>. Det har ikke skjedd p\u00e5 ti \u00e5r.<\/strong><\/p>\n<p>\u2013 Det har v\u00e6rt jevnt sig hele \u00e5ret. S\u00e5 jordm\u00f8drene har rett og slett blitt litt slitne, sier tillitsvalgt.<\/p>\n<p>Influensa- og forkj\u00f8lelse har ogs\u00e5 virket inn i vintersesongen.<\/p>\n<p>\u2013 En vakt i \u00e5r hadde vi ni f\u00f8dsler p\u00e5 ett d\u00f8gn. Om natten er det jordm\u00f8drene som m\u00e5 vaske f\u00f8destua etter f\u00f8dsel, og vi har ofte for lite rom \u00e5 flytte folk til, sier Torrissen.<\/p>\n<p>\u2013 Men flere f\u00f8dsler er positivt for landsdelen. Vi trenger jo flere Nordlendinger<\/p>\n<p>Mangler fremdeles babykl\u00e6r<\/p>\n<p>Den lille familien fra Leirfjord blir p\u00e5 sykehuset i en uke til for \u00e5 v\u00e6re sikker p\u00e5 at alt g\u00e5r bra med den nyf\u00f8dte.<\/p>\n<p><img decoding=\"async\"   src=\"data:image\/gif;base64,R0lGODlhAQABAIAAAAAAAP\/\/\/yH5BAEAAAAALAAAAAABAAEAAAIBRAA7\" loading=\"eager\" alt=\"en mann og en kvinne som tar en selfie (Bildebeskrivelsen er laget av en KI-tjeneste)\" title=\"Foto: Karstein Helland Bogstrand \/ privat\"\/><\/p>\n<p class=\"\">Karstein Helland Bogstrand og Rutt Tove Nilssen Forsmo er veldig takknemlige for all hjelp de har f\u00e5tt fra folk de aldri har m\u00f8tt f\u00f8r i Bod\u00f8.<\/p>\n<p>Foto: Karstein Helland Bogstrand \/ privat<\/p>\n<p>\u2013 Jeg har f\u00e5tt et helt nytt klesskap. Folk kom p\u00e5 sykehuset med kl\u00e6r som passet meg. Folk vi ikke kjenner har til og med vipset penger til oss.<\/p>\n<p>Bostrand tror han har f\u00e5tt nok kl\u00e6r for tida de skal v\u00e6re i Bod\u00f8, men de mangler fremdeles til lille Aina Johanne.<\/p>\n<p>\u2013 Den lille jenta har jo enn\u00e5 ikke noen kl\u00e6r. Vi h\u00e5per vi blir like heldige der, sier han.<\/p>\n<p>Publisert<\/p>\n<p>26.12.2025, kl. 18.48<\/p>\n<p>Oppdatert<\/p>\n<p>26.12.2025, kl. 19.34<\/p>\n","protected":false},"excerpt":{"rendered":"\u2013 Det er jo helt fremmede mennesker, s\u00e5 det er veldig r\u00f8rende. Det sier 37 \u00e5r gamle Karstein&hellip;\n","protected":false},"author":2,"featured_media":122410,"comment_status":"","ping_status":"","sticky":false,"template":"","format":"standard","meta":{"footnotes":""},"categories":[10],"tags":[20,21,24,25,15,22,23,13,30,28,29,14,16,26,27],"class_list":{"0":"post-122409","1":"post","2":"type-post","3":"status-publish","4":"format-standard","5":"has-post-thumbnail","7":"category-norge","8":"tag-breaking-news","9":"tag-breakingnews","10":"tag-featured-news","11":"tag-featurednews","12":"tag-headlines","13":"tag-latest-news","14":"tag-latestnews","15":"tag-news","16":"tag-no","17":"tag-norge","18":"tag-norway","19":"tag-nyheter","20":"tag-overskrifter","21":"tag-top-stories","22":"tag-topstories"},"share_on_mastodon":{"url":"https:\/\/pubeurope.com\/@no\/115787488457935173","error":""},"_links":{"self":[{"href":"https:\/\/www.europesays.com\/no\/wp-json\/wp\/v2\/posts\/122409","targetHints":{"allow":["GET"]}}],"collection":[{"href":"https:\/\/www.europesays.com\/no\/wp-json\/wp\/v2\/posts"}],"about":[{"href":"https:\/\/www.europesays.com\/no\/wp-json\/wp\/v2\/types\/post"}],"author":[{"embeddable":true,"href":"https:\/\/www.europesays.com\/no\/wp-json\/wp\/v2\/users\/2"}],"replies":[{"embeddable":true,"href":"https:\/\/www.europesays.com\/no\/wp-json\/wp\/v2\/comments?post=122409"}],"version-history":[{"count":0,"href":"https:\/\/www.europesays.com\/no\/wp-json\/wp\/v2\/posts\/122409\/revisions"}],"wp:featuredmedia":[{"embeddable":true,"href":"https:\/\/www.europesays.com\/no\/wp-json\/wp\/v2\/media\/122410"}],"wp:attachment":[{"href":"https:\/\/www.europesays.com\/no\/wp-json\/wp\/v2\/media?parent=122409"}],"wp:term":[{"taxonomy":"category","embeddable":true,"href":"https:\/\/www.europesays.com\/no\/wp-json\/wp\/v2\/categories?post=122409"},{"taxonomy":"post_tag","embeddable":true,"href":"https:\/\/www.europesays.com\/no\/wp-json\/wp\/v2\/tags?post=122409"}],"curies":[{"name":"wp","href":"https:\/\/api.w.org\/{rel}","templated":true}]}}