{"id":122411,"date":"2025-12-26T19:26:19","date_gmt":"2025-12-26T19:26:19","guid":{"rendered":"https:\/\/www.europesays.com\/no\/122411\/"},"modified":"2025-12-26T19:26:19","modified_gmt":"2025-12-26T19:26:19","slug":"sa-dyr-kan-strommen-bli-lengst-nord-e24","status":"publish","type":"post","link":"https:\/\/www.europesays.com\/no\/122411\/","title":{"rendered":"S\u00e5 dyr kan str\u00f8mmen bli lengst nord \u2013 E24"},"content":{"rendered":"<p class=\"fullWidthDesktop hyperion-css-71ztg2\" data-test-tag=\"lead-text\">Et nytt prisomr\u00e5de lengst nord f\u00e5r i utgangspunktet lik str\u00f8mpris som naboene i s\u00f8r, tror analytiker. \u2013 Utfordringen blir hvis noen av linjene faller ut.<\/p>\n<p><img decoding=\"async\" class=\"image-asset hyperion-css-u06ts1\" data-test-tag=\"image-asset\" src=\"https:\/\/www.europesays.com\/no\/wp-content\/uploads\/2025\/12\/0154324f-833b-4d5f-815e-cd9780fb69a2\"  alt=\"Illustrasjonsbilde av kraftlinje.\"  loading=\"eager\" fetchpriority=\"high\" style=\"aspect-ratio:1900 \/ 1068\"\/>Illustrasjonsbilde av kraftlinje. Foto: StatnettPublisert: Publisert: <\/p>\n<p>For mindre enn 40 minutter siden<\/p>\n<p>Kortversjonen<\/p>\n<ul class=\"hyperion-css-pkq1ci\" data-test-tag=\"list\">\n<li class=\"hyperion-css-12h2ush\">Statnett har s\u00f8kt om \u00e5 f\u00e5 utrede et sjette str\u00f8mprisomr\u00e5de lengst nord i landet, og mener at dette i utgangspunktet vil f\u00e5 omtrent samme str\u00f8mpriser som naboene i Nordland.<\/li>\n<li class=\"hyperion-css-12h2ush\">Prisforskjellene kan imidlertid bli store dersom viktige kraftlinjer faller ut, s\u00e6rlig n\u00e5r Equinor skal ta i bruk mye str\u00f8m p\u00e5 Melk\u00f8ya fra 2030, if\u00f8lge beregninger fra Volt Power Analytics.<\/li>\n<li class=\"hyperion-css-12h2ush\">R\u00f8dt frykter dyr str\u00f8m og ber regjeringen droppe \u00e5 dele det nordligste str\u00f8mprisomr\u00e5det.<\/li>\n<\/ul>\n<p class=\"hyperion-css-10lbhat\">Oppsummeringen er laget av AI-verkt\u00f8yet ChatGPT og kvalitetssikret av E24s journalister<\/p>\n<p>Vis mer <\/p>\n<ul class=\"hyperion-css-pte5x0\">\n<li aria-label=\"link\" class=\"narrow-button hyperion-css-1sz7d3n\">Kopier lenke<\/li>\n<li aria-label=\"link\" class=\"wide-button hyperion-css-1sz7d3n\">Kopier lenke<\/li>\n<li aria-label=\"facebook\" class=\"narrow-button hyperion-css-1sz7d3n\">Del p\u00e5 Facebook<\/li>\n<li aria-label=\"facebook\" class=\"wide-button hyperion-css-1sz7d3n\">Del p\u00e5 Facebook<\/li>\n<li aria-label=\"email\" class=\"narrow-button hyperion-css-1sz7d3n\">Del med e-post<\/li>\n<li aria-label=\"email\" class=\"wide-button hyperion-css-1sz7d3n\">Del med e-post<\/li>\n<\/ul>\n<p class=\"hyperion-css-1lemvax\">Nylig varslet Statnett at de har s\u00f8kt om \u00e5 f\u00e5 utrede et nytt prisomr\u00e5de for str\u00f8m, som i s\u00e5 fall vil omfatte Finnmark, Troms og deler av Nordland.<\/p>\n<p class=\"hyperion-css-1lemvax\">Planer om \u00f8kt kraftforbruk p\u00e5 Melk\u00f8ya og mangel p\u00e5 stabil kraft i omr\u00e5det har f\u00f8rt til spekulasjoner om at et slikt nytt prisomr\u00e5de <a data-test-tag=\"internal-link\" href=\"https:\/\/e24.no\/energi-og-klima\/i\/ln1eQk\/nord-norge-statnett-vil-utrede-nytt-stroemprisomraade\" class=\"hyperion-css-1rezu2g\" rel=\"nofollow noopener\" target=\"\" aria-label=\"kan f\u00e5 store prisvariasjoner\">kan f\u00e5 store prisvariasjoner<\/a>.<\/p>\n<p class=\"hyperion-css-1lemvax\">Volt Power Analytics <a aria-label=\"har fors\u00f8kt \u00e5 regne p\u00e5 de mulige prisforskjellene\" class=\"default hyperion-css-1rezu2g\" href=\"https:\/\/www.linkedin.com\/posts\/volt-power-analytics_no4-area-split-findings-activity-7404849524814278656-cbxy\/?utm_source=share&amp;utm_medium=member_desktop&amp;rcm=ACoAAANEX8sBrNr00Z4CZReEuzjDzFBs78IOt2k\" rel=\"noopener nofollow noreferrer\" data-test-tag=\"external-link\" target=\"_blank\">har fors\u00f8kt \u00e5 regne p\u00e5 de mulige prisforskjellene<\/a> mellom prisomr\u00e5det NO4 i Nordland (som har et overskudd av vannkraft) og et nytt NO6 som vil bli landets nordligste prisomr\u00e5de.<\/p>\n<p class=\"hyperion-css-1lemvax\"><strong>\u2013 I utgangspunktet skjer det ikke s\u00e5 mye med prisene, sier senior kraftmarkedsanalytiker Odd Gunnar Jakobsen i Volt Power Analytics til E24.<\/strong><\/p>\n<p class=\"hyperion-css-1lemvax\">\u2013 NO6 har forbindelser til NO4 og Sverige, og vil i utgangspunktet ha lik pris. Utfordringen blir hvis noen av linjene faller ut. Da blir det nordligste omr\u00e5det NO6 litt innestengt, selv om de fortsatt vil v\u00e6re knyttet til Sverige, sier han.<\/p>\n<p class=\"hyperion-css-1lemvax\">Like str\u00f8mpriser er ogs\u00e5 utgangspunktet til Statnett, som har laget en forstudie av en deling av dagens NO4-omr\u00e5de.<\/p>\n<p class=\"hyperion-css-1lemvax\"><strong>\u00abStudien indikerer at snittprisene over tid i de to omr\u00e5dene i et delt NO4 blir omtrent lik\u00bb, <\/strong><a data-test-tag=\"internal-link\" href=\"https:\/\/e24.no\/energi-og-klima\/i\/ln1eQk\/nord-norge-statnett-vil-utrede-nytt-stroemprisomraade\" class=\"hyperion-css-1rezu2g\" rel=\"nofollow noopener\" target=\"\"><strong>skriver Statnett<\/strong><\/a><strong>.<\/strong><\/p>\n<p><a data-test-tag=\"teaser-small:link-internal\" href=\"https:\/\/e24.no\/boers-og-finans\/i\/oEppLa\/ukens-investtech-nyttaarsraketter-for-etternoelere\" class=\"imagePosition-top inline hyperion-css-6238vu\" rel=\"nofollow noopener\" target=\"\" aria-label=\"Ukens Investtech: Nytt\u00e5rsraketter for ettern\u00f8lere\"><\/p>\n<p>Les p\u00e5 E24+<\/p>\n<p>Ukens Investtech: Nytt\u00e5rsraketter for ettern\u00f8lere<\/p>\n<p><\/a>\u2013 \u00d8ker ganske mye i 2030<\/p>\n<p class=\"hyperion-css-1lemvax\">Noen viktige faktorer for prisene blir i et eventuelt nytt NO6 blir hvor mye kraftforbruket \u00f8ker, og hvor god tilgang regionen har p\u00e5 import via linjene fra Nordland og Sverige, if\u00f8lge Volt Power Analytics.<\/p>\n<p class=\"hyperion-css-1lemvax\">De legger til grunn en nettkapasitet p\u00e5 om lag 700 megawatt mellom NO4 (Nordland) og et nytt NO6. De har ogs\u00e5 regnet p\u00e5 hva som skjer hvis kapasiteten blir redusert til 500 eller 200 megawatt.<\/p>\n<p class=\"hyperion-css-1lemvax\">F\u00f8rst i det sistnevnte scenarioet vil prisforskjellene bli store, mener de.<\/p>\n<p class=\"hyperion-css-1lemvax\">\u2013 Da snakker vi om 3-7 \u00f8re kilowattimen forskjell vinteren 2027, og s\u00e5 \u00f8ker den ganske mye i 2030, sier Jakobsen.<\/p>\n<p class=\"hyperion-css-1lemvax\">I 2030 skal Equinor-anlegget p\u00e5 Melk\u00f8ya hente ut mye str\u00f8m fra kraftnettet. Hvis nettet da f\u00e5r utfordringer, kan prisforskjellene bli store, if\u00f8lge Jakobsen.<\/p>\n<p class=\"hyperion-css-1lemvax\"><strong>\u2013 Da er det en forskjell p\u00e5 opptil 30 \u00f8re i den verste m\u00e5neden. Man kan ogs\u00e5 f\u00e5 t\u00f8rre perioder med lite produksjon, hvor forskjellene kan \u00f8ke enda mer. I verste fall kan NO6 f\u00e5 en prisforskjell p\u00e5 om lag 60 \u00f8re kilowattimen mot NO4, eller om lag dobbel pris.<\/strong><\/p>\n<p class=\"hyperion-css-1lemvax\">\u2013 Hvorfor blir ikke prisforskjellene enda st\u00f8rre?<\/p>\n<p class=\"hyperion-css-1lemvax\">\u2013 Melk\u00f8ya skal ta i bruk 270 megawatt, mens kabelen til Sverige er p\u00e5 6-700. Str\u00f8mflyten har g\u00e5tt motsatt vei. Snur den, er det kanskje 1400 megawatt \u00e5 trekke p\u00e5. Utenlandsforbindelsene er viktige for balansen og for \u00e5 unng\u00e5 krise, sier Jakobsen.<\/p>\n<p><img decoding=\"async\" class=\"image-asset hyperion-css-u06ts1\" data-test-tag=\"image-asset\" src=\"https:\/\/www.europesays.com\/no\/wp-content\/uploads\/2025\/12\/77732953-d85b-436f-8057-e80f630f3fd9\"  alt=\"Equinor bruker i dag forurensende gasskraft til \u00e5 drive anlegget p\u00e5 Melk\u00f8ya. Fra 2030 skal selskapet ta i bruk store mengder kraft fra kraftsystemet i regionen for \u00e5 kutte utslipp og forlenge anleggets levetid.\"  loading=\"eager\" fetchpriority=\"high\" style=\"aspect-ratio:1900 \/ 1423\"\/>Equinor bruker i dag forurensende gasskraft til \u00e5 drive anlegget p\u00e5 Melk\u00f8ya. Fra 2030 skal selskapet ta i bruk store mengder kraft fra kraftsystemet i regionen for \u00e5 kutte utslipp og forlenge anleggets levetid. Foto: J\u00f8rgen Braastad \/ VG \/ NTB<a data-test-tag=\"teaser-small:link-internal\" href=\"https:\/\/e24.no\/energi-og-klima\/i\/ln1eQk\/nord-norge-statnett-vil-utrede-nytt-stroemprisomraade\" class=\"imagePosition-top inline hyperion-css-6238vu\" rel=\"nofollow noopener\" target=\"\" aria-label=\"Nord-Norge: Statnett vil utrede nytt str\u00f8mprisomr\u00e5de\"><\/p>\n<p>Les ogs\u00e5<\/p>\n<p>Nord-Norge: Statnett vil utrede nytt str\u00f8mprisomr\u00e5de<\/p>\n<p><\/a>Bekymret for dyr str\u00f8m<\/p>\n<p class=\"hyperion-css-1lemvax\">R\u00f8dt-nestleder Sofie Marhaug er skeptisk til \u00e5 dele opp str\u00f8mprisomr\u00e5det i Nord-Norge.<\/p>\n<p class=\"hyperion-css-1lemvax\"><strong>\u2013 Jeg er f\u00f8rst og fremst bekymret for veldig h\u00f8ye str\u00f8mpriser, sier hun.<\/strong><\/p>\n<p><img decoding=\"async\" class=\"image-asset hyperion-css-u06ts1\" data-test-tag=\"image-asset\" src=\"https:\/\/www.europesays.com\/no\/wp-content\/uploads\/2025\/12\/1534f01d-2a53-4785-a52b-8749aa035fca\"  alt=\"R\u00f8dt-nestleder Sofie Marhaug.\"  loading=\"eager\" fetchpriority=\"high\" style=\"aspect-ratio:1900 \/ 1267\"\/>R\u00f8dt-nestleder Sofie Marhaug. Foto: Jonas F\u00e6ste Laksekj\u00f8n \/ NTB<\/p>\n<p class=\"hyperion-css-1lemvax\">Hvis str\u00f8mmen blir dyrere, vil det i teorien gi signaler til markedet om at det b\u00f8r bygges ut mer kraftproduksjon. Men det er ikke sikkert det reduserer prisene, p\u00e5peker hun.<\/p>\n<p class=\"hyperion-css-1lemvax\">\u2013 Da f\u00e5r man ustabil vindkraft som kanskje ikke leverer n\u00e5r str\u00f8mmen trengs som mest. Dette gir kanskje mening sett fra skrivebordet, men i virkeligheten straffer man kanskje bare vanlige folk i Finnmark og Troms, sier Marhaug.<\/p>\n<p class=\"hyperion-css-1lemvax\">\u2013 Hva vil du at regjeringen skal gj\u00f8re?<\/p>\n<p class=\"hyperion-css-1lemvax\">\u2013 Jeg mener regjeringen b\u00f8r skrinlegge denne delingen. Dette er noe som bare vil \u00f8ke konfliktniv\u00e5et i regionen. De skalter og valter med folk i Finnmark og Troms, som jeg har inntrykk av allerede er ganske forbannet over elektrifiseringen av Melk\u00f8ya, sier hun.<\/p>\n<p>Dette sier energiministeren om oppdelingen:<\/p>\n<p class=\"hyperion-css-ffjyk2\">R\u00f8dt har spurt energiminister Terje Aasland (Ap) om han vil stanse en oppdeling av Nord-Norge i to str\u00f8mprisomr\u00e5der. Det vil han ikke.<\/p>\n<p class=\"hyperion-css-ffjyk2\">Aasland p\u00e5peker at det er Statnett som fastsetter disse omr\u00e5dene, for \u00e5 h\u00e5ndtere fysiske begrensninger i nettet.<\/p>\n<p class=\"hyperion-css-ffjyk2\">\u00abSystemansvarligSystemansvarligDet er Statnett som har ansvaret for driften av kraftnettet i Norge. skal normalt fastsette separate budomr\u00e5der ved forventet energiknapphet i et avgrenset geografisk omr\u00e5de\u00bb, p\u00e5peker Aasland <a aria-label=\"i et skriftlig svar til Stortinget\" class=\"default hyperion-css-1rezu2g\" href=\"https:\/\/www.stortinget.no\/no\/Saker-og-publikasjoner\/Sporsmal\/Skriftlige-sporsmal-og-svar\/Skriftlig-sporsmal\/?qnid=112816&amp;utm_medium=rss&amp;utm_source=www.stortinget.no&amp;utm_campaign=Energiministeren (besvarte skriftlige sp\u00f8rsm\u00e5l)\" rel=\"noopener nofollow noreferrer\" data-test-tag=\"external-link\" target=\"_blank\">i et skriftlig svar til Stortinget<\/a>.<\/p>\n<p class=\"hyperion-css-ffjyk2\">\u00abInndeling i budomr\u00e5der er et effektivt verkt\u00f8y for \u00e5 h\u00e5ndtere flaskehalserflaskehalserflaskehalser er omr\u00e5der hvor det er begrenset overf\u00f8ringskapasitet i kraftnettet i nettet, s\u00f8rge for balanse mellom forbruk og produksjon, og legger til rette for effektiv bruk av ressursene i kraftsystemet. \u00c5 fjerne budomr\u00e5dene vil ikke l\u00f8se utfordringene med overf\u00f8ringsbegrensninger i str\u00f8mnettet, men vil medf\u00f8re at disse utfordringene m\u00e5 l\u00f8ses p\u00e5 andre m\u00e5ter som ikke n\u00f8dvendigvis er like effektive\u00bb, skriver han.<\/p>\n<p class=\"hyperion-css-ffjyk2\">Aasland har ogs\u00e5 merket seg at Statnett ikke forventer store forskjeller i kraftprisene etter en eventuell deling av prisomr\u00e5det i nord.<\/p>\n<p class=\"hyperion-css-ffjyk2\">\u00abRegjeringen har en klar forventning til at Statnett gj\u00f8r en grundig jobb med \u00e5 analysere fordelene og ulempene for kraftsystemet, n\u00e6ringsliv og folk i Nord-Norge ved en eventuell oppdeling av NO4 f\u00f8r en beslutning tas\u00bb, skriver Aasland.<\/p>\n<p>Vis mer<a data-test-tag=\"teaser-small:link-internal\" href=\"https:\/\/e24.no\/energi-og-klima\/i\/5pV1kO\/kan-gi-300-kr-i-oekt-nettleie-det-er-skumle-tider\" class=\"imagePosition-top inline hyperion-css-6238vu\" rel=\"nofollow noopener\" target=\"\" aria-label=\"Kan gi 300 kr i \u00f8kt nettleie: \u2013 Det er skumle tider\"><\/p>\n<p>Les ogs\u00e5<\/p>\n<p>Kan gi 300 kr i \u00f8kt nettleie: \u2013 Det er skumle tider<\/p>\n<p><\/a>\u2013 Blir mer normale priser<\/p>\n<p class=\"hyperion-css-1lemvax\">Uansett hvordan Nord-Norge inndeles, ligger str\u00f8mmen an til \u00e5 bli dyrere i \u00e5rene fremover enn i dag, if\u00f8lge Volt Power Analytics.<\/p>\n<p class=\"hyperion-css-1lemvax\">Nord-Norge har i \u00e5r hatt de laveste prisene siden 2020, med en snittpris p\u00e5 om lag ti \u00f8re kilowattimen (f\u00f8r nettleie og p\u00e5slag), if\u00f8lge str\u00f8mb\u00f8rsen Nord Pool.<\/p>\n<p class=\"hyperion-css-1lemvax\">\u2013 Vi forventer at prisene skal l\u00f8ftes allerede denne vinteren, sier Jakobsen.<\/p>\n<p class=\"hyperion-css-1lemvax\"><strong>\u2013 Det blir mer normale priser. Vi ansl\u00e5r et \u00e5rssnitt p\u00e5 prisene p\u00e5 rundt 35 \u00f8re kilowattimen fra neste \u00e5r og opp mot 48 \u00f8re kilowattimen om noen \u00e5r, ikke medregnet nettleie, sier Jakobsen.<\/strong><\/p>\n<p><img decoding=\"async\" class=\"image-asset hyperion-css-u06ts1\" data-test-tag=\"image-asset\" src=\"https:\/\/www.europesays.com\/no\/wp-content\/uploads\/2025\/12\/4e31da49-14f5-4554-8882-f57cdc73b465\"  alt=\"Dette bildet er fra byggingen av kraftlinjer p\u00e5 strekningen Balsfjord-Skaidi.\"  loading=\"eager\" fetchpriority=\"high\" style=\"aspect-ratio:708 \/ 484\"\/>Dette bildet er fra byggingen av kraftlinjer p\u00e5 strekningen Balsfjord-Skaidi. Foto: StatnettS\u00e5rbart for linjeproblemer<\/p>\n<p class=\"hyperion-css-1lemvax\">I tillegg til \u00f8kt forbruk p\u00e5 Melk\u00f8ya legger ogs\u00e5 Volt Power Analytics til grunn at det eventuelle nye prisomr\u00e5det NO6 omfatter <a data-test-tag=\"internal-link\" href=\"https:\/\/e24.no\/naeringsliv\/i\/L4pnXx\/rir-ai-boomen-i-verste-fall-kan-denne-boblen-briste\" class=\"hyperion-css-1rezu2g\" rel=\"nofollow noopener\" target=\"\" aria-label=\"Akers planlagte datasenter i Narvik\">Akers planlagte datasenter i Narvik<\/a>.<\/p>\n<p class=\"hyperion-css-1lemvax\">\u2013 Det forventes at overskuddet i omr\u00e5det forsvinner med utbygging av industri, datasentre og Melk\u00f8ya fra 2030, og uten noe innskudd av ny kraftproduksjon. Frem mot 2030 vil NO6 v\u00e6re litt s\u00e5rbart i tilfelle linjene faller ut, sier Jakobsen.<\/p>\n<p class=\"hyperion-css-1lemvax\">Litt ut p\u00e5 2030-tallet kan ny vindkraft og nye kraftlinjer hjelpe p\u00e5 situasjonen, p\u00e5peker han. Blant annet skal det bygges <a data-test-tag=\"internal-link\" href=\"https:\/\/e24.no\/energi-og-klima\/i\/AvOm95\/tommel-opp-for-omstridt-kraftlinje-utrolig-viktig-infrastruktur\" class=\"hyperion-css-1rezu2g\" rel=\"nofollow noopener\" target=\"\" aria-label=\"en ny kraftlinje mellom \u00f8st og vest i Finnmark\">en ny kraftlinje mellom \u00f8st og vest i Finnmark<\/a>, som vil styrke tilkoblingen til Finland.<\/p>\n<p class=\"hyperion-css-1lemvax\">\u2013 S\u00e5 mot 2035 er dette omr\u00e5det godt sikret med egen kraft og forbindelser til Finland og Sverige, sier han.<\/p>\n<p><a data-test-tag=\"teaser-small:link-internal\" href=\"https:\/\/e24.no\/energi-og-klima\/i\/76EGXB\/frykter-nye-stroemprisomraader-et-skrekkscenario\" class=\"imagePosition-top inline hyperion-css-6238vu\" rel=\"nofollow noopener\" target=\"\" aria-label=\"Frykter nye str\u00f8mprisomr\u00e5der: \u2013 Et skrekkscenario\"><\/p>\n<p>Les ogs\u00e5<\/p>\n<p>Frykter nye str\u00f8mprisomr\u00e5der: \u2013 Et skrekkscenario<\/p>\n<p><\/a>\u2013 Det var nok utopi<\/p>\n<p class=\"hyperion-css-1lemvax\">I fjor <a aria-label=\"hevdet European Greentable\" class=\"default hyperion-css-1rezu2g\" href=\"https:\/\/energiwatch.no\/nyheter\/nett_teknologi\/article16822930.ece\" rel=\"noopener nofollow noreferrer\" data-test-tag=\"external-link\" target=\"_blank\">hevdet European Greentable<\/a> at Finnmark <a aria-label=\"risikerte en snittpris p\u00e5 rundt fem kroner kilowattimen\" class=\"default hyperion-css-1rezu2g\" href=\"https:\/\/www.distriktsenergi.no\/politisk\/elektrifiseringen-av-melkoya-pa-vaklefotter\/\" rel=\"noopener nofollow noreferrer\" data-test-tag=\"external-link\" target=\"_blank\">risikerte en snittpris p\u00e5 rundt fem kroner kilowattimen<\/a> i januar 2030 og en \u00e5rspris p\u00e5 169 \u00f8re kilowattimen samme \u00e5r.<\/p>\n<p class=\"hyperion-css-1lemvax\">De pekte blant annet p\u00e5 at Equinor trenger mye og stabil kraft, mens vindkraften som skal bygges ut vil variere mye i produksjon. Stiftelsen hadde blant andre Christian Ringnes og Hans Geelmuyden i ryggen.<\/p>\n<p class=\"hyperion-css-1lemvax\">Siden da har en del <a data-test-tag=\"internal-link\" href=\"https:\/\/e24.no\/energi-og-klima\/i\/O8306b\/de-nye-store-stroemforbrukerne\" class=\"hyperion-css-1rezu2g\" rel=\"nofollow noopener\" target=\"\" aria-label=\"planer om \u00f8kt kraftforbruk\">planer om \u00f8kt kraftforbruk<\/a> blitt lagt bort, p\u00e5peker Jakobsen. Han tror et slikt prissjokk har blitt mindre sannsynlig.<\/p>\n<p class=\"hyperion-css-1lemvax\">\u2013 Det er lite sannsynlig, i hvert fall n\u00e5. Det var en del hydrogenprosjekter som ville etablere seg i nord, p\u00e5 grunn av billig og stabil kraft, men en del planer har falt bort, sier Jakobsen.<\/p>\n<p class=\"hyperion-css-1lemvax\"><strong>\u2013 Det g\u00e5r litt i b\u00f8lger. Hvis man hadde tatt inn alt som meldte seg av forbruksprosjekter, s\u00e5 ville man kanskje f\u00e5tt den prisen. Men det var nok utopi at alt dette forbruket skulle etablere seg.<\/strong><\/p>\n<p><a data-test-tag=\"teaser-small:link-internal\" href=\"https:\/\/e24.no\/energi-og-klima\/i\/9z7gz5\/tvil-om-nordnorsk-kraftloeft-svaert-bekymret\" class=\"imagePosition-top inline hyperion-css-6238vu\" rel=\"nofollow noopener\" target=\"\" aria-label=\"Tvil om nordnorsk kraftl\u00f8ft: \u2013 Sv\u00e6rt bekymret\"><\/p>\n<p>Les p\u00e5 E24+<\/p>\n<p>Tvil om nordnorsk kraftl\u00f8ft: \u2013 Sv\u00e6rt bekymret<\/p>\n<p><\/a><a data-test-tag=\"teaser-small:link-internal\" href=\"https:\/\/e24.no\/energi-og-klima\/i\/AvOm95\/tommel-opp-for-omstridt-kraftlinje-utrolig-viktig-infrastruktur\" class=\"imagePosition-top inline hyperion-css-6238vu\" rel=\"nofollow noopener\" target=\"\" aria-label=\"Tommel opp for omstridt kraftlinje: \u2013 Utrolig viktig infrastruktur\"><\/p>\n<p>Les ogs\u00e5<\/p>\n<p>Tommel opp for omstridt kraftlinje: \u2013 Utrolig viktig infrastruktur<\/p>\n<p><\/a><a data-test-tag=\"teaser-small:link-internal\" href=\"https:\/\/e24.no\/energi-og-klima\/i\/O8306b\/de-nye-store-stroemforbrukerne\" class=\"imagePosition-top inline hyperion-css-6238vu\" rel=\"nofollow noopener\" target=\"\" aria-label=\"Sak fra 2022: De nye, store str\u00f8mforbrukerne\"><\/p>\n<p>Les p\u00e5 E24+<\/p>\n<p>Sak fra 2022: De nye, store str\u00f8mforbrukerne<\/p>\n<p><\/a><\/p>\n","protected":false},"excerpt":{"rendered":"Et nytt prisomr\u00e5de lengst nord f\u00e5r i utgangspunktet lik str\u00f8mpris som naboene i s\u00f8r, tror analytiker. \u2013 Utfordringen&hellip;\n","protected":false},"author":2,"featured_media":122412,"comment_status":"","ping_status":"","sticky":false,"template":"","format":"standard","meta":{"footnotes":""},"categories":[10],"tags":[20,21,24,25,15,22,23,13,30,28,29,14,16,26,27],"class_list":{"0":"post-122411","1":"post","2":"type-post","3":"status-publish","4":"format-standard","5":"has-post-thumbnail","7":"category-norge","8":"tag-breaking-news","9":"tag-breakingnews","10":"tag-featured-news","11":"tag-featurednews","12":"tag-headlines","13":"tag-latest-news","14":"tag-latestnews","15":"tag-news","16":"tag-no","17":"tag-norge","18":"tag-norway","19":"tag-nyheter","20":"tag-overskrifter","21":"tag-top-stories","22":"tag-topstories"},"share_on_mastodon":{"url":"https:\/\/pubeurope.com\/@no\/115787516253308087","error":""},"_links":{"self":[{"href":"https:\/\/www.europesays.com\/no\/wp-json\/wp\/v2\/posts\/122411","targetHints":{"allow":["GET"]}}],"collection":[{"href":"https:\/\/www.europesays.com\/no\/wp-json\/wp\/v2\/posts"}],"about":[{"href":"https:\/\/www.europesays.com\/no\/wp-json\/wp\/v2\/types\/post"}],"author":[{"embeddable":true,"href":"https:\/\/www.europesays.com\/no\/wp-json\/wp\/v2\/users\/2"}],"replies":[{"embeddable":true,"href":"https:\/\/www.europesays.com\/no\/wp-json\/wp\/v2\/comments?post=122411"}],"version-history":[{"count":0,"href":"https:\/\/www.europesays.com\/no\/wp-json\/wp\/v2\/posts\/122411\/revisions"}],"wp:featuredmedia":[{"embeddable":true,"href":"https:\/\/www.europesays.com\/no\/wp-json\/wp\/v2\/media\/122412"}],"wp:attachment":[{"href":"https:\/\/www.europesays.com\/no\/wp-json\/wp\/v2\/media?parent=122411"}],"wp:term":[{"taxonomy":"category","embeddable":true,"href":"https:\/\/www.europesays.com\/no\/wp-json\/wp\/v2\/categories?post=122411"},{"taxonomy":"post_tag","embeddable":true,"href":"https:\/\/www.europesays.com\/no\/wp-json\/wp\/v2\/tags?post=122411"}],"curies":[{"name":"wp","href":"https:\/\/api.w.org\/{rel}","templated":true}]}}