{"id":122415,"date":"2025-12-26T19:33:14","date_gmt":"2025-12-26T19:33:14","guid":{"rendered":"https:\/\/www.europesays.com\/no\/122415\/"},"modified":"2025-12-26T19:33:14","modified_gmt":"2025-12-26T19:33:14","slug":"leikanger-hermansverk-trafikkulukke-ved-hermansverk","status":"publish","type":"post","link":"https:\/\/www.europesays.com\/no\/122415\/","title":{"rendered":"Leikanger, Hermansverk | Trafikkulukke ved Hermansverk"},"content":{"rendered":"\n<p>Klokka 16:32 fekk politiet melding om ei trafikkulukke med \u00e9in bil og to passasjerar involvert. Ulukka skal ha skjedd i n\u00e6rleiken av Nyb\u00f8strondi p\u00e5 riksveg 13 ved Hermansverk. <\/p>\n<p>Det var forbipasserande som melde fr\u00e5 om uhellet. Bilen har materielle skader.<\/p>\n<p>\u2013 Uvisst om dei har vore i gr\u00f8fta, eller k\u00f8yrt inn i noko. Airbag ikkje utl\u00f8yst, opplyser operasjonsleiar Frode Kolltveit ved Vest politidistrikt. <\/p>\n<p>Bilen sperra det eine k\u00f8yrefeltet. F\u00f8raren har opplyst \u00e5 ha smerter i ei hand medan passasjeren skal vera uskadd. <\/p>\n<p>\u2013 Ukjend hendingsforl\u00f8p. Politiet er p\u00e5 veg. Ambulanse og brann rykkjer ikkje ut, skriv Kolltveit i loggen.<\/p>\n<p>Bilbergar er rekvirert. <\/p>\n<p>Like f\u00f8r 17:30 er politi og bergingsbil p\u00e5 staden. Det er ikkje mistanke om rus. <\/p>\n<p>\u2013 Politiet er i kontakt med dei to involverte. Framst\u00e5r uskadde. Ikkje behov for helsehjelp.<\/p>\n<p>Politiet avslutta p\u00e5 staden i 18-tida, og bilen var fjerna.<\/p>\n<p>\u2013 Bil var p\u00e5 veg mot Leikanger. K\u00f8yrde ut p\u00e5 si h\u00f8gre side og trefte autovernet. Entrepren\u00f8r er p\u00e5 staden. <\/p>\n<p>Det blir ikkje oppretta sak fr\u00e5 politiet si side.<\/p>\n","protected":false},"excerpt":{"rendered":"Klokka 16:32 fekk politiet melding om ei trafikkulukke med \u00e9in bil og to passasjerar involvert. Ulukka skal ha&hellip;\n","protected":false},"author":2,"featured_media":4378,"comment_status":"","ping_status":"","sticky":false,"template":"","format":"standard","meta":{"footnotes":""},"categories":[10],"tags":[36,20,21,24,25,15,14522,2357,22,23,9415,13,30,28,29,14,16,1510,26,27,8008],"class_list":{"0":"post-122415","1":"post","2":"type-post","3":"status-publish","4":"format-standard","5":"has-post-thumbnail","7":"category-norge","8":"tag-art","9":"tag-breaking-news","10":"tag-breakingnews","11":"tag-featured-news","12":"tag-featurednews","13":"tag-headlines","14":"tag-hermansverk","15":"tag-krim-og-politi","16":"tag-latest-news","17":"tag-latestnews","18":"tag-leikanger","19":"tag-news","20":"tag-no","21":"tag-norge","22":"tag-norway","23":"tag-nyheter","24":"tag-overskrifter","25":"tag-story","26":"tag-top-stories","27":"tag-topstories","28":"tag-ulukker"},"share_on_mastodon":{"url":"https:\/\/pubeurope.com\/@no\/115787544257795251","error":""},"_links":{"self":[{"href":"https:\/\/www.europesays.com\/no\/wp-json\/wp\/v2\/posts\/122415","targetHints":{"allow":["GET"]}}],"collection":[{"href":"https:\/\/www.europesays.com\/no\/wp-json\/wp\/v2\/posts"}],"about":[{"href":"https:\/\/www.europesays.com\/no\/wp-json\/wp\/v2\/types\/post"}],"author":[{"embeddable":true,"href":"https:\/\/www.europesays.com\/no\/wp-json\/wp\/v2\/users\/2"}],"replies":[{"embeddable":true,"href":"https:\/\/www.europesays.com\/no\/wp-json\/wp\/v2\/comments?post=122415"}],"version-history":[{"count":0,"href":"https:\/\/www.europesays.com\/no\/wp-json\/wp\/v2\/posts\/122415\/revisions"}],"wp:featuredmedia":[{"embeddable":true,"href":"https:\/\/www.europesays.com\/no\/wp-json\/wp\/v2\/media\/4378"}],"wp:attachment":[{"href":"https:\/\/www.europesays.com\/no\/wp-json\/wp\/v2\/media?parent=122415"}],"wp:term":[{"taxonomy":"category","embeddable":true,"href":"https:\/\/www.europesays.com\/no\/wp-json\/wp\/v2\/categories?post=122415"},{"taxonomy":"post_tag","embeddable":true,"href":"https:\/\/www.europesays.com\/no\/wp-json\/wp\/v2\/tags?post=122415"}],"curies":[{"name":"wp","href":"https:\/\/api.w.org\/{rel}","templated":true}]}}