{"id":122416,"date":"2025-12-26T19:34:17","date_gmt":"2025-12-26T19:34:17","guid":{"rendered":"https:\/\/www.europesays.com\/no\/122416\/"},"modified":"2025-12-26T19:34:17","modified_gmt":"2025-12-26T19:34:17","slug":"snakker-ut-etter-fem-ar","status":"publish","type":"post","link":"https:\/\/www.europesays.com\/no\/122416\/","title":{"rendered":"Snakker ut etter fem \u00e5r"},"content":{"rendered":"<p>For fem \u00e5r siden forsvant Anne Brith Davidsen (50) br\u00e5tt fra rampelyset. Hun var en av Norges mest popul\u00e6re bloggere som \u00aballe\u00bb hadde en mening om.\u00a0<\/p>\n<p> Det som i 2011 begynte som en liten blogg fylt med kakeoppskrifter under navnet \u00abvillaperlesukker.no\u00bb, utviklet seg raskt til noe langt st\u00f8rre enn hun noen gang hadde forestilt seg.\u00a0<\/p>\n<p>    <a itemprop=\"url\" href=\"https:\/\/www.dagbladet.no\/kjendis\/bloggerne-profilen-klippet-brudekjolen-i-stykker---handler-om-a-snu-situasjonen\/67355844\" rel=\"nofollow noopener\" target=\"_blank\"><\/p>\n<p>        <img loading=\"lazy\" decoding=\"async\" src=\"https:\/\/www.europesays.com\/no\/wp-content\/uploads\/2025\/12\/67355879.webp\" width=\"147\" height=\"100\" title=\"\u00abBloggerne\u00bb-profilen klippet brudekjolen i stykker\" alt=\"\" class=\"lazyload\" style=\"--aspect-ratio-image: 1.47; \"\/><\/p>\n<p>        \u00abBloggerne\u00bb-profilen klippet brudekjolen i stykker<\/p>\n<p>    <\/a><\/p>\n<p>En dag handlet det ikke lenger om baking og oppskrifter. Oppslagene kom p\u00e5 l\u00f8pende b\u00e5nd, og presset fra mediene ble for tungt \u00e5 b\u00e6re for Anne Brith. Hun s\u00e5 ingen annen utvei enn \u00e5 trekke seg helt\u00a0tilbake fra offentligheten.\u00a0<\/p>\n<p class=\"font-weight-bold m-font-weight-bold\" data-lab-font_weight=\"font-weight-bold\"> Hva som skjedde bak kulissene, har hun aldri snakket \u00e5pent om.<\/p>\n<p>Etter n\u00f8ye overveielser har hun latt seg intervjue av Dagbladet, som tidligere denne m\u00e5neden bes\u00f8kte henne hjemme i S\u00f8rumsand.<\/p>\n<p>N\u00e5 f\u00f8ler hun seg klar til \u00e5 fortelle sin historie, og deler for f\u00f8rste gang hvordan de siste \u00e5ra har v\u00e6rt &#8211;\u00a0alt fra de m\u00f8rkeste stundene til den lange, t\u00f8ffe veien tilbake til seg selv. <\/p>\n<p>        TILBAKE: Etter \u00e5 ha v\u00e6rt borte fra rampelyset en stund, kan artist Mira Craig r\u00f8pe et nytt prosjekt. Reporter og video: Thea Hope<\/p>\n<p>&#8211; Jeg var livredd\t<\/p>\n<p>Anne Brith m\u00f8ter oss i d\u00f8ra. Hun trekker forsiktig p\u00e5 smileb\u00e5ndet f\u00f8r hun \u00f8nsker oss velkommen og viser oss rundt i huset, som er pyntet og klart til jula ringes inn.\u00a0<\/p>\n<p>Det g\u00e5r ikke mange minuttene f\u00f8r hun byr p\u00e5 b\u00e5de kaffe og nybakte julekaker. Vi beveger oss mot stua og finner oss til rette i sofahj\u00f8rnet, hvor praten skal tas.\u00a0<\/p>\n<p>    <a itemprop=\"url\" href=\"https:\/\/www.dagbladet.no\/kjendis\/jeg-var-mentalt-utslitt\/83966673\" rel=\"nofollow noopener\" target=\"_blank\"><\/p>\n<p>        <img loading=\"lazy\" decoding=\"async\" src=\"https:\/\/www.europesays.com\/no\/wp-content\/uploads\/2025\/12\/1766777650_77_83967780.webp\" width=\"147\" height=\"98\" title=\"- Jeg var mentalt utslitt\" alt=\"\" class=\"lazyload\" style=\"--aspect-ratio-image: 1.50; \"\/><\/p>\n<p>        &#8211; Jeg var mentalt utslitt<\/p>\n<p>    <\/a><\/p>\n<p>Hun innr\u00f8mmer at hun har takket nei til flere intervjuer i l\u00f8pet av \u00e5ra. Likevel har hun tenkt at hun en dag vil fortelle \u00e5pent om hva hun har v\u00e6rt gjennom.<\/p>\n<p>S\u00e5 setter hun i gang:\u00a0<\/p>\n<p class=\"font-weight-bold m-font-weight-bold\" data-lab-font_weight=\"font-weight-bold\">&#8211; Barna mine har blitt voksne, og livet har p\u00e5 mange m\u00e5ter stabilisert seg. \u00c5 v\u00e6re i media annenhver uke er krevende, og det er ikke noe jeg \u00f8nsker \u00e5 g\u00e5 tilbake til, sier hun.<\/p>\n<p>        <img loading=\"lazy\" decoding=\"async\" src=\"https:\/\/www.europesays.com\/no\/wp-content\/uploads\/2025\/12\/83979662.webp\" width=\"980\" height=\"657\" title=\"SISTE INNSPURT: Anne Brith har pyntet huset klart til jul, og her tar hun siste finpuss rundt juletreet i stua. Foto: Kristin Svorte \/ Dagbladet\" alt=\"\" class=\"\" style=\"--aspect-ratio-image: 1.49; \"\/><\/p>\n<p>\n        SISTE INNSPURT: Anne Brith har pyntet huset klart til jul, og her tar hun siste finpuss rundt juletreet i stua. Foto: Kristin Svorte \/ Dagbladet\n    <\/p>\n<p>Anne Brith tar seg en pause, f\u00f8r hun fortsetter. Det som kommer n\u00e5, er tydelig vanskelig for henne \u00e5 snakke om.<\/p>\n<p>&#8211; Jeg hadde en periode hvor jeg var veldig syk. Der noen kanskje henter seg inn p\u00e5 tre m\u00e5neder, brukte jeg fem \u00e5r. Jeg har virkelig hatt godt av det, spesielt med covid og alt som fulgte med. Det har v\u00e6rt mye fokus p\u00e5 familie og \u00e5 finne roen. Jeg trengte lang tid p\u00e5 \u00e5 finne ut hva jeg sto for, og hva som var viktig for meg, erkjenner hun.\u00a0<\/p>\n<p class=\"font-weight-bold m-font-weight-bold\" data-lab-font_weight=\"font-weight-bold\">&#8211; Jeg m\u00e5tte finne tilbake til meg selv.<\/p>\n<p>Hun forteller om en lang periode med sykehusinnleggelser, utallige tester som ble tatt, og at hun stadig slet med utslett og s\u00e5r over store deler av kroppen.<\/p>\n<p>    <a itemprop=\"url\" href=\"https:\/\/www.dagbladet.no\/kjendis\/stort-savn\/83925256\" rel=\"nofollow noopener\" target=\"_blank\"><\/p>\n<p>        <img loading=\"lazy\" decoding=\"async\" src=\"https:\/\/www.europesays.com\/no\/wp-content\/uploads\/2025\/12\/1766777651_301_83925922.webp\" width=\"147\" height=\"100\" title=\"- Stort savn\" alt=\"\" class=\"lazyload\" style=\"--aspect-ratio-image: 1.47; \"\/><\/p>\n<p>        &#8211; Stort savn<\/p>\n<p>    <\/a><\/p>\n<p>&#8211; Det tok mange m\u00e5neder f\u00f8r det ble borte, og da ligger du jo bare i senga. Jeg f\u00f8ler at jeg i kanskje to \u00e5r bare har sett oppi taket, og det er jo\u2026 hva skal man si?, sier hun, og ser ned mot gulvet.<\/p>\n<p class=\"font-weight-bold m-font-weight-bold\" data-lab-font_weight=\"font-weight-bold\">&#8211; Det er s\u00e5rt og vanskelig \u00e5 snakke om, og det var en ekstremt lang periode med sykdom. Jeg klarte ikke \u00e5 ta vare p\u00e5 meg selv, og det ble s\u00e5 ille at familien min m\u00e5tte reise fra Mosj\u00f8en for \u00e5 ta h\u00e5nd om meg.<\/p>\n<p>        <img loading=\"lazy\" decoding=\"async\" src=\"https:\/\/www.europesays.com\/no\/wp-content\/uploads\/2025\/12\/83979664.webp\" width=\"686\" height=\"460\" title=\"PYNTET KLART: Hjemme i S\u00f8rumsand er huset fylt med julepynt. Foto: Kristin Svorte \/ Dagbladet\" alt=\"\" class=\"\" style=\"--aspect-ratio-image: 1.49; \"\/><\/p>\n<p>\n        PYNTET KLART: Hjemme i S\u00f8rumsand er huset fylt med julepynt. Foto: Kristin Svorte \/ Dagbladet\n    <\/p>\n<p>Da coronapandemien br\u00f8t ut tidlig i 2020, kjente Anne Brith raskt p\u00e5 frykten og usikkerheten som preget hverdagen, og hun ble selv sv\u00e6rt p\u00e5virket av situasjonen.<\/p>\n<p>Angsten tok full kontroll over livet hennes.<\/p>\n<p>&#8211; Jeg turte nesten ikke \u00e5 g\u00e5 ut. I l\u00f8pet av to \u00e5r var jeg ikke en eneste gang inne i butikken. Jeg kj\u00f8rte dit, sendte ungene inn med handleliste og kort, og satt selv i bilen. Jeg klarte ikke \u00e5 g\u00e5 inn &#8211; jeg var livredd.<\/p>\n<p>        KVINNER SOM HATER KVINNER: Det tidligere toppbloggeren Anne Brith Davidsen var aktuell med boka \u00abKvinner som hater kvinner\u00bb i 2019. Her leste hun et utdrag fra boka, noe som tydelig vekket sterke f\u00f8lelser hos henne. Video: Elias Kr. Zahl-Pettersen \/ Ingunn Doholt, Dagbladet<\/p>\n<p>&#8211; Kan ikke dvele for mye\t<\/p>\n<p>La oss g\u00e5 tilbake til 2013.<\/p>\n<p>Etter at hun deltok i programmet \u00abHele Norge baker\u00bb\u00a0var det mye som endret seg for Anne Brith. Bloggen hennes, som seinere levde videre under navnet \u00abannebrith.no\u00bb, tok fullstendig av og over natta hadde hun f\u00e5tt dr\u00f8ssevis av nye f\u00f8lgere.\u00a0<\/p>\n<p>Hun var ogs\u00e5 med i fem sesonger av TV 2-serien\u00a0\u00abBloggerne\u00bb, der fikk vi bli bedre kjent med henne og barna Sven, Annika, Espen og minstemann Christian, som hun har fra et annet forhold.\u00a0<\/p>\n<p>    <a itemprop=\"url\" href=\"https:\/\/www.dagbladet.no\/kjendis\/na-skilles-de\/83961215\" rel=\"nofollow noopener\" target=\"_blank\"><\/p>\n<p>        <img loading=\"lazy\" decoding=\"async\" src=\"https:\/\/www.europesays.com\/no\/wp-content\/uploads\/2025\/12\/1766777652_318_83961396.webp\" width=\"147\" height=\"98\" title=\"Bekrefter skilsmisse: - Det skjer\" alt=\"\" class=\"lazyload\" style=\"--aspect-ratio-image: 1.50; \"\/><\/p>\n<p>        Bekrefter skilsmisse: &#8211; Det skjer<\/p>\n<p>    <\/a><\/p>\n<p>I 2019 ga hun ut den mye omdiskuterte boka \u00abKvinner som hater kvinner\u00bb, som ble en bestselger.\u00a0<\/p>\n<p>Til tross for at 50-\u00e5ringen gjorde stor suksess i bransjen, har hun v\u00e6rt involvert i flere kontroveriselle saker. En av de mest omtalte var da hun i 2019 og 2020 fors\u00f8kte \u00e5 gj\u00f8re andre til sosiale medier-stjerner gjennom selskapet Influencer Program AS.\u00a0<\/p>\n<p>Kurset endte derimot med klager fra flere kursdeltakere og brudd p\u00e5 markedsf\u00f8ringsloven. B\u00e5de Influencer Program AS og Anne-Brith AS ble i februar 2021 begj\u00e6rt konkurs.<\/p>\n<p>        <img loading=\"lazy\" decoding=\"async\" src=\"https:\/\/www.europesays.com\/no\/wp-content\/uploads\/2025\/12\/83977976.webp\" width=\"980\" height=\"657\" title=\"ANNERLEDES: Anne Brith legger ikke skjul p\u00e5 at hun gjerne skulle gjort ting annerledes i dag, men \u00f8nsker ikke \u00e5 dvele for mye over fortida. Foto: Kristin Svorte \/ Dagbladet\" alt=\"\" class=\"\" style=\"--aspect-ratio-image: 1.49; \"\/><\/p>\n<p>\n        ANNERLEDES: Anne Brith legger ikke skjul p\u00e5 at hun gjerne skulle gjort ting annerledes i dag, men \u00f8nsker ikke \u00e5 dvele for mye over fortida. Foto: Kristin Svorte \/ Dagbladet\n    <\/p>\n<p>N\u00e5r vi tar opp temaet er hun tydelig p\u00e5 at hun ikke vil g\u00e5 inn p\u00e5 detaljer, men hun har forst\u00e5else for hvorfor vi m\u00e5 innom det. Derfor velger hun \u00e5 gi en generell uttalelse, og ikke om enkeltsaker som har v\u00e6rt i media, understreker hun.<\/p>\n<p class=\"font-weight-normal m-font-weight-normal\" data-lab-font_weight=\"font-weight-normal\">&#8211; Jeg kan ikke dvele for mye over ting som har skjedd. Jeg ble for syk til \u00e5 opprettholde mine forpliktelser. Selvf\u00f8lgelig skulle jeg \u00f8nske at noe hadde blitt gjort annerledes. Men i det \u00f8yeblikket du st\u00e5r i det, er det s\u00e5 intenst at du ikke klarer \u00e5 tenke klart.\u00a0Det jeg ser i bransjen n\u00e5, er at alt handler om \u00e5 gj\u00f8re mest mulig for \u00e5 f\u00e5 klikk. Jeg \u00f8nsker ikke \u00e5 v\u00e6re en del av det lenger, og da f\u00e5r jeg heller miste noen f\u00f8lgere.\u00a0<\/p>\n<p>        IKKE VENNER: Sebastian Solberg g\u00e5r hardt ut mot sine meddeltakere i den kommende sesongen av \u00abSpillet\u00bb. Influenseren r\u00f8per ogs\u00e5 hvorfor, like f\u00f8r \u00e9n av dem avbryter intervjuet med en uhyggelig beskjed. Reporter: Thea Hope. Video: Nora Skavhaug. \u00abSpillet\u00bb \/ TV2.<\/p>\n<p data-lab-italic=\"italic\" class=\"italic m-italic\">&#8211; Hvordan f\u00f8lte du deg framstilt i media?<\/p>\n<p>&#8211; Jeg og mine f\u00f8lgere vet jo at hvis du har 100 mennesker, s\u00e5 har du ogs\u00e5 100 forskjellige meninger. Det m\u00e5 man jo p\u00e5 en m\u00e5te takle, og det er en del av \u00e5 v\u00e6re i rampelyset.\u00a0Men jeg\u00a0synes det var synd at jeg ble s\u00e5 syk at jeg ikke hadde overskudd til \u00e5 st\u00e5 i det, samt opprettholde mine forpliktelser, sier hun.<\/p>\n<p class=\"font-weight-bold m-font-weight-bold\" data-lab-font_weight=\"font-weight-bold\">&#8211; Jeg har ingen d\u00e5rlig f\u00f8lelse rundt det, og f\u00f8ler jeg har blitt behandlet med respekt av mange. Samtidig har jeg til tider f\u00f8lt meg mer s\u00e5rbar, fordi jeg er alenemor. Jeg har aldri hatt problemer med \u00e5 si meningene mine, men i etterkant har jeg tenkt at jeg kanskje ikke trengte \u00e5 gj\u00f8re det s\u00e5 ofte &#8211; og s\u00e5 h\u00f8yt.<\/p>\n<p>    <a itemprop=\"url\" href=\"https:\/\/www.dagbladet.no\/kjendis\/da-mamma-dode-klarte-jeg-a-leve\/83778966\" rel=\"nofollow noopener\" target=\"_blank\"><\/p>\n<p>        <img loading=\"lazy\" decoding=\"async\" src=\"https:\/\/www.europesays.com\/no\/wp-content\/uploads\/2025\/12\/1766777653_441_83790605.webp\" width=\"147\" height=\"100\" title=\"- Da mamma d\u00f8de, klarte jeg \u00e5 leve\" alt=\"\" class=\"lazyload\" style=\"--aspect-ratio-image: 1.47; \"\/><\/p>\n<p>         &#8211; Da mamma d\u00f8de, klarte jeg \u00e5 leve<\/p>\n<p>    <\/a><\/p>\n<p>Anne Brith lener et varmt blikk mot katta som ligger sammenkr\u00f8llet og avslappende ved siden av henne i sofaen. Hun tar en kort pause, og ser tenkende ut.\u00a0<\/p>\n<p>&#8211; Folk gj\u00f8r jo ting for \u00e5 oppn\u00e5 noe. Mitt store m\u00e5l var dette huset. Jeg sto helt alene med tre barn, som jeg har oppdratt 100 prosent p\u00e5 egen h\u00e5nd. Jeg ville ha et hjem, noe eget \u00e5 eie, og da s\u00e5 jeg muligheten: \u00abOkei, jeg kan ta en plass i det milj\u00f8et som mange kaller influensermilj\u00f8et\u00bb.<\/p>\n<p>Veien har ikke alltid v\u00e6rt enkel, og hun innr\u00f8mmer at det finnes ting hun kunne ha gjort annerledes.<\/p>\n<p>        <img loading=\"lazy\" decoding=\"async\" src=\"https:\/\/www.europesays.com\/no\/wp-content\/uploads\/2025\/12\/83979720.webp\" width=\"980\" height=\"657\" title=\"MOR OG S\u00d8NN: Anne Brith og yngstes\u00f8nnen Christian smaker p\u00e5 de ferske julekakene. Foto: Kristin Svorte \/ Dagbladet\" alt=\"\" class=\"\" style=\"--aspect-ratio-image: 1.49; \"\/><\/p>\n<p>\n        MOR OG S\u00d8NN: Anne Brith og yngstes\u00f8nnen Christian smaker p\u00e5 de ferske julekakene. Foto: Kristin Svorte \/ Dagbladet\n    <\/p>\n<p class=\"font-weight-bold m-font-weight-bold\" data-lab-font_weight=\"font-weight-bold\">&#8211; Vi alle har nok gjort ting vi angrer p\u00e5 i denne bransjen, inkludert meg selv. Men n\u00e5r alt kommer til alt, s\u00e5 har jeg fred med det jeg har gjort. Jeg har ikke v\u00e6rt slem mot noen og jeg sover godt om natta.<\/p>\n<p>&#8211; Jeg har alltid sagt at hvis det er noen som har lyst til \u00e5 snakke med meg eller har noe usagt, s\u00e5 er de hjertelig velkommen. Det er det jeg h\u00e5per p\u00e5 &#8211; dialog. Jeg \u00f8nsker \u00e5 v\u00e6re en trygg og god havn for mennesker, understreker hun.\u00a0<\/p>\n<p>Holdt p\u00e5 en hemmelighet\t<\/p>\n<p>Anne Brith p\u00e5peker at det ikke bare var presset fra media som fikk henne til \u00e5 trekke seg tilbake. Det var ogs\u00e5 flere \u00e5rsaker til hvorfor hun trengte en pause fra alt.<\/p>\n<p>&#8211; Mye av det henger sammen med ting jeg har opplevd tidligere. Det er sider av livet mitt jeg har fors\u00f8kt \u00e5 holde skjult for omverdenen. Like f\u00f8r jeg forsvant, kom bare folk n\u00e6rmere og n\u00e6rmere den hemmeligheten, som jeg f\u00f8lte at jeg beskyttet.\u00a0<\/p>\n<p>    <a itemprop=\"url\" href=\"https:\/\/www.dagbladet.no\/kjendis\/tilbake-etter-ni-ar\/83955973\" rel=\"nofollow noopener\" target=\"_blank\"><\/p>\n<p>        <img loading=\"lazy\" decoding=\"async\" src=\"https:\/\/www.europesays.com\/no\/wp-content\/uploads\/2025\/12\/1766777654_751_83956037.webp\" width=\"147\" height=\"98\" title=\"Tilbake etter ni \u00e5r\" alt=\"\" class=\"lazyload\" style=\"--aspect-ratio-image: 1.50; \"\/><\/p>\n<p>        Tilbake etter ni \u00e5r<\/p>\n<p>    <\/a><\/p>\n<p>Hun \u00f8nsker ikke \u00e5 g\u00e5 n\u00e6rmere inn p\u00e5 hva det gjelder, men lar et glimt av det hun har b\u00e5ret p\u00e5 slippe gjennom:<\/p>\n<p>&#8211; Det var barna jeg beskyttet. N\u00e5 har de blitt store, men det er fremdeles s\u00e5rt, selv om det er lenge siden. Jeg f\u00f8lte at jo mer jeg var i offentligheten, desto mer klarte folk \u00e5 finne ut. For meg var det viktigere \u00e5 v\u00e6re mamma enn \u00e5 leve i rampelyset.<\/p>\n<p data-lab-italic=\"italic\" class=\"italic m-italic\">&#8211; N\u00e5r du n\u00e5dde bunnen, hvilket r\u00e5d ville du gitt deg selv?\u00a0<\/p>\n<p>        <img loading=\"lazy\" decoding=\"async\" src=\"https:\/\/www.europesays.com\/no\/wp-content\/uploads\/2025\/12\/83979671.webp\" width=\"686\" height=\"460\" title=\"KLAR FOR JUL: Pakkekalender til barna og julestr\u00f8mpene har f\u00e5tt sin plass p\u00e5 veggen i gangen. Foto: Kristin Svorte \/ Dagbladet\" alt=\"\" class=\"\" style=\"--aspect-ratio-image: 1.49; \"\/><\/p>\n<p>\n        KLAR FOR JUL: Pakkekalender til barna og julestr\u00f8mpene har f\u00e5tt sin plass p\u00e5 veggen i gangen. Foto: Kristin Svorte \/ Dagbladet\n    <\/p>\n<p>Anne Brith trekker pusten tungt, og blir stille et \u00f8yeblikk. I det hun skal svare p\u00e5 sp\u00f8rsm\u00e5let blir hun skjelven i stemmen, og \u00f8ynene\u00a0fylles med t\u00e5rer.\u00a0<\/p>\n<p>Hun tar til seg motet og svarer:\u00a0\u00a0<\/p>\n<p class=\"font-weight-bold m-font-weight-bold\" data-lab-font_weight=\"font-weight-bold\">&#8211; Det er ganske n\u00e6rt, men n\u00e5r begeret fylles opp, er det ingen som helt ut av det bl\u00e5 tenker: \u00abN\u00e5 har jeg ikke lyst til \u00e5 leve mer\u00bb. Det skjer sakte. Dr\u00e5pe for dr\u00e5pe. Hele tida med en indre stemme som hvisker: \u00abN\u00e5 er du snart p\u00e5 grensa\u00bb.<\/p>\n<p>&#8211; N\u00e5r alt ser m\u00f8rkt ut, n\u00e5r du ikke finner lyset, da er det utrolig viktig \u00e5 huske hvem som virkelig betyr noe. Hvem er menneskene som kan l\u00f8fte deg &#8211; og hvem er det som ikke skal f\u00e5 lov til \u00e5 pushe deg over?\u00a0For meg kom ikke dr\u00e5pen fra menneskene jeg er glad i.<\/p>\n<p>        <img loading=\"lazy\" decoding=\"async\" src=\"https:\/\/www.europesays.com\/no\/wp-content\/uploads\/2025\/12\/83979836.webp\" width=\"980\" height=\"647\" title=\"MYE ST\u00d8TTE: Anne Brith roser sine trofaste f\u00f8lgere som var der for henne da hun kom tilbake til sosiale medier i fjor. Foto: Kristin Svorte \/ Dagbladet\" alt=\"\" class=\"\" style=\"--aspect-ratio-image: 1.51; \"\/><\/p>\n<p>\n        MYE ST\u00d8TTE: Anne Brith roser sine trofaste f\u00f8lgere som var der for henne da hun kom tilbake til sosiale medier i fjor. Foto: Kristin Svorte \/ Dagbladet\n    <\/p>\n<p>Hun rister p\u00e5 hodet, b\u00e5de oppgitt og trist p\u00e5 samme tid.<\/p>\n<p>&#8211; Jeg lot folk som egentlig ikke skulle ha noen betydning for meg, fylle begeret. Og det angrer jeg p\u00e5. Det h\u00f8res s\u00e5 klisjeaktig ut, men\u2026 be om hjelp. Vi kvinner er s\u00e5 d\u00e5rlige p\u00e5 det, og selv i dag sliter jeg mye med sinne, deler hun \u00e6rlig.\u00a0<\/p>\n<p class=\"font-weight-bold m-font-weight-bold\" data-lab-font_weight=\"font-weight-bold\">&#8211; Mye av det stammer fra at jeg ble alenemor, og jeg har brukt mye tid p\u00e5 \u00e5 v\u00e6re sint &#8211; ogs\u00e5 p\u00e5 systemet. Men en dag i m\u00e5neden tillater jeg meg selv \u00e5 v\u00e6re sint, \u00e5 kjenne p\u00e5 f\u00f8lelsene. Frustrasjonen.<\/p>\n<p>    Trenger du noen \u00e5 snakke med?<\/p>\n<ul>\n<li>Ring 113: Ved akutt fare for selvmord, ring 113 umiddelbart. Ring heller en gang for mye enn en gang for lite.<\/li>\n<li>Mental Helse tilbyr d\u00f8gn\u00e5pen telefontjeneste og nettjeneste for alle som trenger noen \u00e5 snakke med. Ring 116 123 eller g\u00e5 inn p\u00e5\u00a0<a href=\"https:\/\/sidetmedord.mentalhelse.no\/\" rel=\"nofollow noopener\" target=\"_blank\">Sidetmedord.no<\/a>.<\/li>\n<li><a href=\"https:\/\/mentalhelseungdom.no\/fa-hjelp\/\" rel=\"nofollow noopener\" target=\"_blank\">Mental Helse Ungdom tilbyr chat<\/a>\u00a0for unge voksne som trenger noen \u00e5 snakke med.<\/li>\n<li>Kirkens SOS Norge har d\u00f8gn\u00e5pen hjelpetelefon, chat og meldingstjenestene. Ring 22 4000 40 eller g\u00e5 inn p\u00e5\u00a0<a href=\"https:\/\/www.kirkens-sos.no\/telefon\" rel=\"nofollow noopener\" target=\"_blank\">kirkens-sos.no<\/a>.<\/li>\n<\/ul>\n<p>Kilde:\u00a0<a href=\"https:\/\/www.helsenorge.no\/psykisk-helse\/trenger-du-noen-a-snakke-med\/?gad_source=1&amp;gclid=CjwKCAjwufq2BhAmEiwAnZqw8kOXj-otjPbpepM1ATjWAlnETKsaqeE2IA04nerg9YT5jM7QhqU_txoCEucQAvD_BwE\" rel=\"nofollow noopener\" target=\"_blank\">Helsenorge.no<\/a><\/p>\n<p>      Vis mer<br \/>\n      Vis mindre<\/p>\n<p> Anne Brith forteller at hun ikke ville v\u00e6rt der hun er i dag uten hjelp fra psykolog og terapeut. Hun understreker at ingenting har kommet av seg selv, og trekker fram et sp\u00f8rsm\u00e5l hun mener er viktig \u00e5 stille seg selv: \u00abHva er egentlig det verste som kan skje?\u00bb.<\/p>\n<p>&#8211; N\u00e5r du st\u00e5r foran det \u00abstupet\u00bb i hodet ditt, tenker du at du ikke klarer mer. Et halvt \u00e5r seinere ser du at ting ikke var s\u00e5 ille likevel. Jeg turte ikke engang \u00e5 g\u00e5 p\u00e5 butikken, hvor t\u00e5pelig er ikke det? Men der og da f\u00f8ltes det som et stort hinder.<\/p>\n<p>    <a itemprop=\"url\" href=\"https:\/\/www.dagbladet.no\/kjendis\/har-droppet-mye\/83970988\" rel=\"nofollow noopener\" target=\"_blank\"><\/p>\n<p>        <img loading=\"lazy\" decoding=\"async\" src=\"https:\/\/www.europesays.com\/no\/wp-content\/uploads\/2025\/12\/1766777655_254_83972207.webp\" width=\"147\" height=\"98\" title=\"- Har droppet mye\" alt=\"\" class=\"lazyload\" style=\"--aspect-ratio-image: 1.50; \"\/><\/p>\n<p>        &#8211; Har droppet mye<\/p>\n<p>    <\/a><\/p>\n<p>\u00d8yeblikket som endret alt\t<\/p>\n<p>Men Anne Brith lar derimot ikke motgangen stoppe henne fra \u00e5 f\u00f8lge dr\u00f8mmene sine. En dag bestemte hun seg for \u00e5 overvinne frykten, i h\u00e5p om en ny start.<\/p>\n<p>&#8211; Jeg tror alle som har angst, har en uro i kroppen. Men n\u00e5r lysten til \u00e5 gj\u00f8re noe er st\u00f8rre enn angsten, da velger du hjertet ditt. Jeg er fortsatt s\u00e5rbar, men jeg vil vise at selv om man har v\u00e6rt gjennom vanskelige ting, s\u00e5 handler det om \u00e5 sette den ene foten foran den andre.<\/p>\n<p>        <img loading=\"lazy\" decoding=\"async\" src=\"https:\/\/www.europesays.com\/no\/wp-content\/uploads\/2025\/12\/83979665.webp\" width=\"980\" height=\"657\" title=\"TILBAKE: I fjor var hun tilbake p\u00e5 sosiale medier, hvor hun stadig legger ut innhold p\u00e5 Snapchat og Facebook. Foto: Kristin Svorte\" alt=\"\" class=\"\" style=\"--aspect-ratio-image: 1.49; filter: brightness(1.05);\"\/><\/p>\n<p>\n        TILBAKE: I fjor var hun tilbake p\u00e5 sosiale medier, hvor hun stadig legger ut innhold p\u00e5 Snapchat og Facebook. Foto: Kristin Svorte\n    <\/p>\n<p>For ett \u00e5r siden var hun p\u00e5 jobbreise. Midt i sikkerhetskontrollen p\u00e5 Gardermoen oppsto det et \u00f8yeblikk som skulle vise seg \u00e5 bli avgj\u00f8rende for henne.<\/p>\n<p>En ung dame tok tak i h\u00e5nda hennes og sa: \u00abDu f\u00e5r ikke g\u00e5 gjennom kontrollen f\u00f8r du sier at du skal komme tilbake. Vi trenger oppskriftene dine &#8211; og vi trenger deg.\u00bb<\/p>\n<p class=\"font-weight-bold m-font-weight-bold\" data-lab-font_weight=\"font-weight-bold\">&#8211; Hun vet nok ikke hvor mye det betydde for meg. Da hadde jeg lenge vurdert \u00e5 komme tilbake, og jeg returnerte til Snapchat og Facebook. Jeg savnet f\u00f8lgerne mine, de har virkelig hjertet mitt. Jeg ble tatt imot med \u00e5pne armer, men denne gangen gj\u00f8r jeg det p\u00e5 en annen m\u00e5te.<\/p>\n<p>&#8211; N\u00e5 ser jeg p\u00e5 meg selv som en oppskriftsutvikler, \u00aba recipe developer\u00bb. Ikke en influenser, p\u00e5peker hun.<\/p>\n<p>    <a itemprop=\"url\" href=\"https:\/\/www.dagbladet.no\/kjendis\/slar-tilbake-nordmenn-er-selvgode\/83971134\" rel=\"nofollow noopener\" target=\"_blank\"><\/p>\n<p>        <img loading=\"lazy\" decoding=\"async\" src=\"https:\/\/www.europesays.com\/no\/wp-content\/uploads\/2025\/12\/83974896.webp\" width=\"980\" height=\"441\" title=\"Sl\u00e5r tilbake: - Nordmenn er selvgode\" alt=\"\" class=\"lazyload\" style=\"--aspect-ratio-image: 2.22; \"\/><\/p>\n<p>        Sl\u00e5r tilbake: &#8211; Nordmenn er selvgode<\/p>\n<p>    <\/a><\/p>\n<p>En smilende Anne Brith virker lettet. Mye tyder p\u00e5 at hun synes det er godt \u00e5 f\u00e5 snakket ut om alt.\u00a0<\/p>\n<p>Selv om hun har lagt deler av det offentlige livet bak seg, utelukker hun ikke et TV-comeback. Hun ser tilbake p\u00e5 tida i \u00abBloggerne\u00bb med varme &#8211; som en morsom og l\u00e6rerik periode i livet.<\/p>\n<p>        <img loading=\"lazy\" decoding=\"async\" src=\"https:\/\/www.europesays.com\/no\/wp-content\/uploads\/2025\/12\/83979835.webp\" width=\"980\" height=\"657\" title=\"SMILER: Etter mange \u00e5r med m\u00f8rke stunder, trekker Anne Brith p\u00e5 smileb\u00e5ndet og ser n\u00e5 framover. Foto: Kristin Svorte\" alt=\"\" class=\"\" style=\"--aspect-ratio-image: 1.49; filter: contrast(1.05);\"\/><\/p>\n<p>\n        SMILER: Etter mange \u00e5r med m\u00f8rke stunder, trekker Anne Brith p\u00e5 smileb\u00e5ndet og ser n\u00e5 framover. Foto: Kristin Svorte\n    <\/p>\n<p>P\u00e5 sp\u00f8rsm\u00e5l om hvilke programmer hun kunne vurdert i framtida kommer svaret kontant, og med et glimt i \u00f8yet:<\/p>\n<p>&#8211; Jeg f\u00f8ler at jeg har mye \u00e5 gi. Hvis jeg skulle valgt, ville jeg gjerne v\u00e6rt med p\u00e5 \u00abGood Luck Guys\u00bb, \u00abJaget\u00bb eller \u00abGift ved f\u00f8rste blikk\u00bb. Sistnevnte hadde jeg sagt ja til med \u00e9n gang, da slipper jeg det kj\u00f8ret selv, sier hun og ler. <\/p>\n<p>Hun er for \u00f8yeblikket singel. Dating har ikke v\u00e6rt hennes h\u00f8yeste prioritet, men hun r\u00f8dmer lett n\u00e5r hun snakker om tidligere dater, og innr\u00f8mmer at hun har hatt mange fine opplevelser.<\/p>\n<p>        <img loading=\"lazy\" decoding=\"async\" src=\"https:\/\/www.europesays.com\/no\/wp-content\/uploads\/2025\/12\/1766777657_8_67355879.webp\" width=\"579\" height=\"359\" title=\"KLIPPET BRUDEKJOLEN: Anne Briths f\u00f8rste sesong i \u00abBloggerne\u00bb, hvor hun inviterte venninnene til \u00e5 klippe sin tidligere brudekjole tild til en kort sommerkjole sammen med henne. Foto: TV 2\" alt=\"\" class=\"\" style=\"--aspect-ratio-image: 1.61; \"\/><\/p>\n<p>\n        KLIPPET BRUDEKJOLEN: Anne Briths f\u00f8rste sesong i \u00abBloggerne\u00bb, hvor hun inviterte venninnene til \u00e5 klippe sin tidligere brudekjole tild til en kort sommerkjole sammen med henne. Foto: TV 2\n    <\/p>\n<p>Det nye \u00e5ret har hun derimot satt \u00e9n tydelig intensjon for:<\/p>\n<p>&#8211; Da skal jeg f\u00e5 meg kj\u00e6reste, eller i hvert fall ha litt fokus p\u00e5 det. Det er bare \u00e9n ting som er viktig for meg i en partner, og det er at ordene og handlingene hans st\u00e5r i samsvar med hverandre. Det handler om \u00e6rlighet og verdier, hvem du er som person. Gi det tre til seks m\u00e5neder, s\u00e5 finner du ut om en person er ekte.<\/p>\n<p> 50-\u00e5ringen deler \u00e6rlig at tida alene har v\u00e6rt verdifull for henne. Hun har funnet tilbake til seg selv &#8211; den ekte Anne Brith.<\/p>\n<p>        <img loading=\"lazy\" decoding=\"async\" src=\"https:\/\/www.europesays.com\/no\/wp-content\/uploads\/2025\/12\/83979666.webp\" width=\"980\" height=\"559\" title=\"FIRE KATTER: Anne Brith her sammen med \u00e9n av sine fire katter som hun har hjemme i S\u00f8rumsand. Foto: Kristin Svorte \/ Dagbladet\" alt=\"\" class=\"\" style=\"--aspect-ratio-image: 1.75; \"\/><\/p>\n<p>\n        FIRE KATTER: Anne Brith her sammen med \u00e9n av sine fire katter som hun har hjemme i S\u00f8rumsand. Foto: Kristin Svorte \/ Dagbladet\n    <\/p>\n<p class=\"italic m-italic\" data-lab-italic=\"italic\">&#8211; Hvem er hun, da?<\/p>\n<p>&#8211; Det er en person som er opptatt av \u00e5 l\u00e6re andre baking, dele entusiasme, dele glede og godhet. Og \u00e5 v\u00e6re raus. Jeg har lyst til \u00e5 v\u00e6re autentisk. Jeg har lyst til \u00e5 bare v\u00e6re meg selv. <\/p>\n","protected":false},"excerpt":{"rendered":"For fem \u00e5r siden forsvant Anne Brith Davidsen (50) br\u00e5tt fra rampelyset. Hun var en av Norges mest&hellip;\n","protected":false},"author":2,"featured_media":122417,"comment_status":"","ping_status":"","sticky":false,"template":"","format":"standard","meta":{"footnotes":""},"categories":[5],"tags":[14523,20,21,24,25,14524,15,19,479,22,23,17,18,13,30,28,29,14,16,14525,26,27],"class_list":{"0":"post-122416","1":"post","2":"type-post","3":"status-publish","4":"format-standard","5":"has-post-thumbnail","7":"category-overskrifter","8":"tag-anne-brith-davidsen","9":"tag-breaking-news","10":"tag-breakingnews","11":"tag-featured-news","12":"tag-featurednews","13":"tag-forsvant-fra-rampelyset","14":"tag-headlines","15":"tag-hovedoppslag","16":"tag-kjendis","17":"tag-latest-news","18":"tag-latestnews","19":"tag-main-news","20":"tag-mainnews","21":"tag-news","22":"tag-no","23":"tag-norge","24":"tag-norway","25":"tag-nyheter","26":"tag-overskrifter","27":"tag-snakker-ut","28":"tag-top-stories","29":"tag-topstories"},"share_on_mastodon":{"url":"https:\/\/pubeurope.com\/@no\/115787548272821960","error":""},"_links":{"self":[{"href":"https:\/\/www.europesays.com\/no\/wp-json\/wp\/v2\/posts\/122416","targetHints":{"allow":["GET"]}}],"collection":[{"href":"https:\/\/www.europesays.com\/no\/wp-json\/wp\/v2\/posts"}],"about":[{"href":"https:\/\/www.europesays.com\/no\/wp-json\/wp\/v2\/types\/post"}],"author":[{"embeddable":true,"href":"https:\/\/www.europesays.com\/no\/wp-json\/wp\/v2\/users\/2"}],"replies":[{"embeddable":true,"href":"https:\/\/www.europesays.com\/no\/wp-json\/wp\/v2\/comments?post=122416"}],"version-history":[{"count":0,"href":"https:\/\/www.europesays.com\/no\/wp-json\/wp\/v2\/posts\/122416\/revisions"}],"wp:featuredmedia":[{"embeddable":true,"href":"https:\/\/www.europesays.com\/no\/wp-json\/wp\/v2\/media\/122417"}],"wp:attachment":[{"href":"https:\/\/www.europesays.com\/no\/wp-json\/wp\/v2\/media?parent=122416"}],"wp:term":[{"taxonomy":"category","embeddable":true,"href":"https:\/\/www.europesays.com\/no\/wp-json\/wp\/v2\/categories?post=122416"},{"taxonomy":"post_tag","embeddable":true,"href":"https:\/\/www.europesays.com\/no\/wp-json\/wp\/v2\/tags?post=122416"}],"curies":[{"name":"wp","href":"https:\/\/api.w.org\/{rel}","templated":true}]}}