{"id":122418,"date":"2025-12-26T19:35:16","date_gmt":"2025-12-26T19:35:16","guid":{"rendered":"https:\/\/www.europesays.com\/no\/122418\/"},"modified":"2025-12-26T19:35:16","modified_gmt":"2025-12-26T19:35:16","slug":"grunn-til-bekymring","status":"publish","type":"post","link":"https:\/\/www.europesays.com\/no\/122418\/","title":{"rendered":"Grunn til bekymring"},"content":{"rendered":"<p>LAVAZ\u00c8 I ITALIA (Dagbladet): Fredag formiddag 2. juledag er det ikke en sky p\u00e5 himmelen, og sola varmer godt i den italienske byen Lavaz\u00e8.<\/p>\n<p data-lab-font_weight=\"\">Hundrevis av mennesker har kj\u00f8rt opp til anlegget for \u00e5 g\u00e5 p\u00e5 ski.\u00a0<\/p>\n<p class=\"font-weight-bold m-font-weight-bold\" data-lab-font_weight=\"font-weight-bold\">Sivert Guttorm Bakken er en av dem som skulle trent der denne uka. Med musikk fra afterski-puben i bakgrunnen av utfartsomr\u00e5det og smilende mennesker rundt seg.<\/p>\n<p>Den 27 \u00e5r gamle skiskytteren <a href=\"https:\/\/www.dagbladet.no\/sport\/funnet-dod-hadde-pa-hoydemaske\/84025743\" target=\"_blank\" rel=\"nofollow noopener\">ble funnet d\u00f8d<\/a> p\u00e5 rommet sitt p\u00e5 hotel Dolomiti lille julaften.<\/p>\n<p>        FUNNET D\u00d8D: Skiskytteren Sivert Guttorm Bakken ble funnet d\u00f8d p\u00e5 et hotellrom i Italia, skriver Norges Skiskytterforbund i en pressemelding. Bilder: NTB<\/p>\n<p>Dagbladet har v\u00e6rt i kontakt med eieren av hotellet. Hun \u00f8nsker ikke \u00e5 la seg intervjue, og forteller at hun tar den tragiske hendelsen tungt.\u00a0<\/p>\n<p>Vi har derimot snakket med flere andre med tilhold i Lavaz\u00e8, som enten bor her eller kommer hit av samme grunn som Bakken gjorde.\u00a0<\/p>\n<p>        <img loading=\"lazy\" decoding=\"async\" src=\"https:\/\/www.europesays.com\/no\/wp-content\/uploads\/2025\/12\/84028899.webp\" width=\"686\" height=\"460\" title=\"POPUL\u00c6RT: Like ved utfartsomr\u00e5det er det aktivitet blant skig\u00e5erne. Noen er p\u00e5 vei tilbake, mens andre er p\u00e5 vei ut i l\u00f8ypene. Foto: Sondre Andreas Wed\u00f8e Nodland \/ Dagbladet\" alt=\"\" class=\"\" style=\"--aspect-ratio-image: 1.49; \"\/><\/p>\n<p>\n        POPUL\u00c6RT: Like ved utfartsomr\u00e5det er det aktivitet blant skig\u00e5erne. Noen er p\u00e5 vei tilbake, mens andre er p\u00e5 vei ut i l\u00f8ypene. Foto: Sondre Andreas Wed\u00f8e Nodland \/ Dagbladet\n    <\/p>\n<p>Driftsansvarlig for nabo-restauranten Albergo heter Karin Gurndin. Hun kjente ikke Bakken personlig, men bor i Lavaz\u00e8 og har snakket med mange i byen om bortgangen hans.<\/p>\n<p class=\"font-weight-bold m-font-weight-bold\" data-lab-font_weight=\"font-weight-bold\">&#8211; Vi kjenner godt til de fleste i milj\u00f8et som trener her. Alle synes det er veldig trist. Han var bare 27 \u00e5r, en ung mann. Ingen fortjener \u00e5 d\u00f8 s\u00e5 tidlig, sier Gurndin til Dagbladet.\u00a0<\/p>\n<p>&#8211; Man merker det skikkelig n\u00e5r noe s\u00e5 f\u00e6lt skjer s\u00e5 n\u00e6rme deg. Det skjer veldig tett p\u00e5, sier hun videre.\u00a0<\/p>\n<p>        <img loading=\"lazy\" decoding=\"async\" src=\"https:\/\/www.europesays.com\/no\/wp-content\/uploads\/2025\/12\/84028884.webp\" width=\"980\" height=\"559\" title=\"SNAKKET MED FLERE: Karin Gurndin er sjef for restauranten p\u00e5 Albergo. Hun sier det er flere som har reagert p\u00e5 den triste nyheten om Bakken. Foto: Sondre Andreas Wed\u00f8e Nodland \/ Dagbladet\" alt=\"\" class=\"\" style=\"--aspect-ratio-image: 1.75; \"\/><\/p>\n<p>\n        SNAKKET MED FLERE: Karin Gurndin er sjef for restauranten p\u00e5 Albergo. Hun sier det er flere som har reagert p\u00e5 den triste nyheten om Bakken. Foto: Sondre Andreas Wed\u00f8e Nodland \/ Dagbladet\n    <\/p>\n<p>Hun forst\u00e5r godt om Bakken likte \u00e5 trene i Lavaz\u00e8. Hun synes selv det er et vinterparadis.\u00a0<\/p>\n<p>&#8211; Jeg elsker det her. Det er et sted man kan komme opp fra det som skjer nede i byen og f\u00e5 klarhet. H\u00f8yt oppe over alle, det er nesten s\u00e5 du kan r\u00f8re skyene.\u00a0<\/p>\n<p>        <img loading=\"lazy\" decoding=\"async\" src=\"https:\/\/www.europesays.com\/no\/wp-content\/uploads\/2025\/12\/84028898.webp\" width=\"667\" height=\"447\" title=\"ALBERGO: Bildet av nabo-bygget der Bakken ble funnet d\u00f8d lille julaften. Foto: Sondre Andreas Wed\u00f8e Nodland \/ Dagbladet\" alt=\"\" class=\"\" style=\"--aspect-ratio-image: 1.49; \"\/><\/p>\n<p>\n        ALBERGO: Bildet av nabo-bygget der Bakken ble funnet d\u00f8d lille julaften. Foto: Sondre Andreas Wed\u00f8e Nodland \/ Dagbladet\n    <\/p>\n<p>Ute i mylderet av skil\u00f8pere og stappfulle parkeringsplasser kommer det en kvinne med helproff skidress forbi undertegnede.\u00a0<\/p>\n<p>Samaneh Beyrami Baher representerer Irans landslag og skal delta i sitt andre vinter-OL om f\u00e5 m\u00e5neder.<\/p>\n<p>Hun har dratt til Lavaz\u00e8 i privat regi for \u00e5 trene til kommende konkurranser, slik Bakken gjorde.\u00a0<\/p>\n<p>&#8211; Nyheten om at han d\u00f8de var virkelig trist for alle i milj\u00f8et. Den dagen s\u00e5 var jeg s\u00e5 glad p\u00e5 trening, men etterp\u00e5 ble jeg veldig trist da jeg h\u00f8rte hva som hadde skjedd. Jeg var litt sjokkert over hvor n\u00e6rt det skjedde, sier Baher til Dagbladet.\u00a0<\/p>\n<p>        <img loading=\"lazy\" decoding=\"async\" src=\"https:\/\/www.europesays.com\/no\/wp-content\/uploads\/2025\/12\/84029233.webp\" width=\"667\" height=\"447\" title=\"VONDT: Samaneh Beyrami Baher uttaler seg om hvordan milj\u00f8et med ut\u00f8vere i Lavaz\u00e8 og omegn har opplevd beskjeden om Sivert Guttorm Bakkens bortgang. Foto: Sondre Andreas Wed\u00f8e Nodland \/ Dagbladet\" alt=\"\" class=\"\" style=\"--aspect-ratio-image: 1.49; \"\/><\/p>\n<p>\n        VONDT: Samaneh Beyrami Baher uttaler seg om hvordan milj\u00f8et med ut\u00f8vere i Lavaz\u00e8 og omegn har opplevd beskjeden om Sivert Guttorm Bakkens bortgang. Foto: Sondre Andreas Wed\u00f8e Nodland \/ Dagbladet\n    <\/p>\n<p>Selv kjente hun p\u00e5 en personlig smerte for ikke lang tid siden.\u00a0<\/p>\n<p class=\"font-weight-bold m-font-weight-bold\" data-lab-font_weight=\"font-weight-bold\">&#8211; For ti m\u00e5neder siden mista tanta mi livet. Hun var fortsatt ung, og sto meg veldig n\u00e6r. Livet er uforutsigbart &#8230; Vi vet ikke hva som skjer med oss, sier Baher reflekterende.\u00a0\u00a0<\/p>\n<p>    <a itemprop=\"url\" href=\"https:\/\/www.dagbladet.no\/sport\/alarm-i-utlandet\/84027209\" rel=\"nofollow noopener\" target=\"_blank\"><\/p>\n<p>        <img loading=\"lazy\" decoding=\"async\" src=\"https:\/\/www.europesays.com\/no\/wp-content\/uploads\/2025\/12\/84027581.webp\" width=\"980\" height=\"441\" title=\"Alarm i utlandet\" alt=\"\" class=\"lazyload\" style=\"--aspect-ratio-image: 2.22; \"\/><\/p>\n<p>        Alarm i utlandet<\/p>\n<p>    <\/a><\/p>\n<p>Hun forklarer at det er flere idrettsut\u00f8vere som holder til i omr\u00e5det i jula, og at det er sted hvor de fleste kjenner hverandre, og man vet hvem som er hvem.\u00a0<\/p>\n<p>&#8211; Det er s\u00e5 mange forskjellige nasjonaliteter her. Like f\u00f8r vi m\u00f8ttes n\u00e5, traff jeg Jessie Diggins som jeg er god venn med. Men det er spesielt akkurat n\u00e5, etter det som skjedde med Bakken. Han hadde fortsatt muligheten til \u00e5 bli blant de beste. Det er veldig trist, sier hun.\u00a0<\/p>\n<p>        LAVAZE, ITALIA: Dagbladets reporter er p\u00e5 plass utenfor hotellet der skiskytter Sivert Guttorm Bakken (27) ble funnet d\u00f8d p\u00e5 lille julaften. Reporter: Sondre Nodland<\/p>\n<p>Kort tid etter m\u00f8tet med Baher, kommer det en kvinne med Swix-drakt og norgeslue langs veien.\u00a0<\/p>\n<p class=\"italic m-italic\" data-lab-italic=\"italic\">&#8211; Er det nordmenn?, kommer det fra undertegnede.\u00a0<\/p>\n<p class=\"no_italic m-no_italic\" data-lab-italic=\"\">&#8211; Che cosa? I don&#8217;t understand, sier kvinnen tilbake.\u00a0<\/p>\n<p class=\"no_italic m-no_italic\" data-lab-italic=\"\">Det er nemlig italienske Erica Grotto fra Garda. Hun er ofte i Lavaz\u00e8 for \u00e5 g\u00e5 p\u00e5 ski, og har ogs\u00e5 v\u00e6rt i Norge flere ganger p\u00e5 ski-ferie.\u00a0<\/p>\n<p>        <img loading=\"lazy\" decoding=\"async\" src=\"https:\/\/www.europesays.com\/no\/wp-content\/uploads\/2025\/12\/84028904.webp\" width=\"686\" height=\"460\" title=\"NORGESVENN: Erica Grotto elsker langrenn. Hun var i n\u00e6rheten da n\u00f8detatene rykket ut til Hotel Dolomiti. Foto: Sondre Andreas Wed\u00f8e Nodland \/ Dagbladet\" alt=\"\" class=\"\" style=\"--aspect-ratio-image: 1.49; \"\/><\/p>\n<p>\n        NORGESVENN: Erica Grotto elsker langrenn. Hun var i n\u00e6rheten da n\u00f8detatene rykket ut til Hotel Dolomiti. Foto: Sondre Andreas Wed\u00f8e Nodland \/ Dagbladet\n    <\/p>\n<p class=\"no_italic m-no_italic\" data-lab-italic=\"\">Hun er tilhenger av b\u00e5de langrenn og skiskyting. Hun kjenner ogs\u00e5 til Bakkens bortgang, og var like ved hotel Dolomiti da politi og ambulanse rykket ut lille julaften.\u00a0<\/p>\n<p class=\"no_italic m-no_italic font-weight-bold m-font-weight-bold\" data-lab-italic=\"\" data-lab-font_weight=\"font-weight-bold\">&#8211; Ja, jeg var her, ute p\u00e5 ski. Jeg s\u00e5 dem ikke, men h\u00f8rte sirenene, sier hun til Dagbladet.\u00a0<\/p>\n<p>        <img loading=\"lazy\" decoding=\"async\" src=\"https:\/\/www.europesays.com\/no\/wp-content\/uploads\/2025\/12\/84028897.webp\" width=\"686\" height=\"460\" title=\"HOTELLET: Ved Hotel Dolomiti ble Sivert Guttorm Bakken funnet d\u00f8d lille julaften. Dagbladet var i kontakt med eieren av hotellet fredag, som ikke \u00f8nsket \u00e5 uttale seg. Foto: Sondre Andreas Wed\u00f8e Nodland \/ Dagbladet\" alt=\"\" class=\"\" style=\"--aspect-ratio-image: 1.49; \"\/><\/p>\n<p>\n        HOTELLET: Ved Hotel Dolomiti ble Sivert Guttorm Bakken funnet d\u00f8d lille julaften. Dagbladet var i kontakt med eieren av hotellet fredag, som ikke \u00f8nsket \u00e5 uttale seg. Foto: Sondre Andreas Wed\u00f8e Nodland \/ Dagbladet\n    <\/p>\n<p class=\"no_italic m-no_italic\" data-lab-italic=\"\">Hun har sesongkort i l\u00f8ypene i Lavaz\u00e8. Grotto elsker \u00e5 g\u00e5 p\u00e5 ski, og sier det er veldig morsomt \u00e5 g\u00e5 her i jula, med alle ut\u00f8verne.\u00a0<\/p>\n<p class=\"no_italic m-no_italic font-weight-bold m-font-weight-bold\" data-lab-italic=\"\" data-lab-font_weight=\"font-weight-bold\">&#8211; Bare i dag gikk jeg her samtidig som Dorothea Wirer (skiskyting) og Jessie Diggins (langrenn), smiler hun.\u00a0<\/p>\n<p class=\"no_italic m-no_italic\" data-lab-italic=\"\">Snart skal hun tilbake til Garda, men det blir \u00e9n treningsdag til i Lavaz\u00e8 f\u00f8r det b\u00e6rer hjem for Grotto.\u00a0<\/p>\n<p>        <img loading=\"lazy\" decoding=\"async\" src=\"https:\/\/www.europesays.com\/no\/wp-content\/uploads\/2025\/12\/84028908.webp\" width=\"980\" height=\"559\" title=\"POPUL\u00c6RT: Det er fullt p\u00e5 alle parkeringsplassene i Lavaz\u00e8 denne solfylte dagen i romjula, som ligger 1800 meter over havet. Foto: Sondre Andreas Wed\u00f8e Nodland \/ Dagbladet\" alt=\"\" class=\"\" style=\"--aspect-ratio-image: 1.75; \"\/><\/p>\n<p>\n        POPUL\u00c6RT: Det er fullt p\u00e5 alle parkeringsplassene i Lavaz\u00e8 denne solfylte dagen i romjula, som ligger 1800 meter over havet. Foto: Sondre Andreas Wed\u00f8e Nodland \/ Dagbladet\n    <\/p>\n<p class=\"no_italic m-no_italic\" data-lab-italic=\"\">Hun synes nyheten om Bakkens bortgang er forferdelig. Hun tenker litt f\u00f8r hun skal g\u00e5, og sier \u00f8mt:<\/p>\n<p class=\"no_italic m-no_italic\" data-lab-italic=\"\">&#8211; N\u00e5 g\u00e5r han p\u00e5 ski i himmelen, kommer det fra Grotto, f\u00f8r hun reiser videre.\u00a0\u00a0<\/p>\n<p>    <a itemprop=\"url\" href=\"https:\/\/www.dagbladet.no\/sport\/frarader-midlertidig-bruk\/84028636\" rel=\"nofollow noopener\" target=\"_blank\"><\/p>\n<p>        <img loading=\"lazy\" decoding=\"async\" src=\"https:\/\/www.europesays.com\/no\/wp-content\/uploads\/2025\/12\/84028738.webp\" width=\"980\" height=\"441\" title=\"Frar\u00e5der midlertidig bruk\" alt=\"\" class=\"lazyload\" style=\"--aspect-ratio-image: 2.22; \"\/><\/p>\n<p>        Frar\u00e5der midlertidig bruk<\/p>\n<p>    <\/a><\/p>\n<p>Olympiatoppen med ny beskjed  <\/p>\n<p>Sivert Guttorm Bakken ble 27 \u00e5r gammel. Han skulle tilbringe jula med \u00e5 trene i h\u00f8yden i Italia. En kombinert h\u00f8ydesamling og juleferie i privat regi.\u00a0<\/p>\n<p>Han hadde et m\u00e5l om \u00e5 kunne delta i OL i Val di Fiemme om noen m\u00e5neder, som ikke ligger langt fra Lavaz\u00e8.<\/p>\n<p>N\u00e5 er skiskyttermilj\u00f8et\u00a0<a href=\"https:\/\/www.dagbladet.no\/sport\/helt-forferdelig\/84024331\" rel=\"nofollow noopener\" target=\"_blank\">i sjokk og sorg etter d\u00f8dsfallet<\/a>.\u00a0<\/p>\n<p data-lab-font_weight=\"\">If\u00f8lge Norge Skiskytterforbund\u00a0<a href=\"https:\/\/www.dagbladet.no\/sport\/funnet-dod-hadde-pa-hoydemaske\/84025743\" target=\"_blank\" rel=\"nofollow noopener\">hadde Bakken p\u00e5 seg en h\u00f8ydemaske<\/a>\u00a0da han ble funnet. D\u00f8ds\u00e5rsaken er ikke kjent.\u00a0<\/p>\n<p>Forel\u00f8pig vites det ingenting om det finnes noen sammenheng mellom dette d\u00f8dsfallet og bruken av h\u00f8ydemaske.<\/p>\n<p class=\"font-weight-bold m-font-weight-bold\" data-lab-font_weight=\"font-weight-bold\">Fredag gikk Olympiatoppen ut med en anbefaling om at man framover skal <a href=\"https:\/\/www.dagbladet.no\/sport\/frarader-midlertidig-bruk\/84028636\" target=\"_blank\" rel=\"nofollow noopener\">unng\u00e5 bruk av simulert h\u00f8yde<\/a>.\u00a0<\/p>\n<p>Julaften sa \u00d8vreb\u00f8 til Dagbladet at Olympiatoppen\u00a0<a href=\"https:\/\/www.dagbladet.no\/sport\/funnet-dod-hadde-pa-hoydemaske\/84025743\" rel=\"nofollow noopener\" target=\"_blank\">avventer til alle fakta er kommet fram<\/a>\u00a0f\u00f8r eventuelle tiltak rundt endring i bruk av h\u00f8ydemaske vurderes. Det er varslet at de f\u00f8rste resultatene av obduksjonen av Bakken kommer tidlig neste uke.\u00a0<\/p>\n<p>N\u00e5 har Olympiatoppen alts\u00e5 snudd.\u00a0<\/p>\n<p>&#8211; Vi hadde tenkt \u00e5 vente, men vi opplever at det er spekulasjoner i full sving rundt om dette er \u00e5rsaken. Da mener vi det er best \u00e5 ta ut denne faktoren, sier toppidrettssjef i Olympiatoppen, Tore \u00d8vreb\u00f8, til Dagbladet.\u00a0<\/p>\n<p>    <a itemprop=\"url\" href=\"https:\/\/www.dagbladet.no\/sport\/engasjeres-etter-dodsfallet\/84027216\" rel=\"nofollow noopener\" target=\"_blank\"><\/p>\n<p>        <img loading=\"lazy\" decoding=\"async\" src=\"https:\/\/www.europesays.com\/no\/wp-content\/uploads\/2025\/12\/1766777716_206_84027221.webp\" width=\"980\" height=\"441\" title=\"Engasjeres etter d\u00f8dsfallet\" alt=\"\" class=\"lazyload\" style=\"--aspect-ratio-image: 2.22; \"\/><\/p>\n<p>        Engasjeres etter d\u00f8dsfallet<\/p>\n<p>    <\/a><\/p>\n","protected":false},"excerpt":{"rendered":"LAVAZ\u00c8 I ITALIA (Dagbladet): Fredag formiddag 2. juledag er det ikke en sky p\u00e5 himmelen, og sola varmer&hellip;\n","protected":false},"author":2,"featured_media":122419,"comment_status":"","ping_status":"","sticky":false,"template":"","format":"standard","meta":{"footnotes":""},"categories":[59],"tags":[328,92,30,28,29,83,82],"class_list":{"0":"post-122418","1":"post","2":"type-post","3":"status-publish","4":"format-standard","5":"has-post-thumbnail","7":"category-sport","8":"tag-arsenal","9":"tag-fotball","10":"tag-no","11":"tag-norge","12":"tag-norway","13":"tag-sport","14":"tag-sports"},"share_on_mastodon":{"url":"https:\/\/pubeurope.com\/@no\/115787551583534895","error":""},"_links":{"self":[{"href":"https:\/\/www.europesays.com\/no\/wp-json\/wp\/v2\/posts\/122418","targetHints":{"allow":["GET"]}}],"collection":[{"href":"https:\/\/www.europesays.com\/no\/wp-json\/wp\/v2\/posts"}],"about":[{"href":"https:\/\/www.europesays.com\/no\/wp-json\/wp\/v2\/types\/post"}],"author":[{"embeddable":true,"href":"https:\/\/www.europesays.com\/no\/wp-json\/wp\/v2\/users\/2"}],"replies":[{"embeddable":true,"href":"https:\/\/www.europesays.com\/no\/wp-json\/wp\/v2\/comments?post=122418"}],"version-history":[{"count":0,"href":"https:\/\/www.europesays.com\/no\/wp-json\/wp\/v2\/posts\/122418\/revisions"}],"wp:featuredmedia":[{"embeddable":true,"href":"https:\/\/www.europesays.com\/no\/wp-json\/wp\/v2\/media\/122419"}],"wp:attachment":[{"href":"https:\/\/www.europesays.com\/no\/wp-json\/wp\/v2\/media?parent=122418"}],"wp:term":[{"taxonomy":"category","embeddable":true,"href":"https:\/\/www.europesays.com\/no\/wp-json\/wp\/v2\/categories?post=122418"},{"taxonomy":"post_tag","embeddable":true,"href":"https:\/\/www.europesays.com\/no\/wp-json\/wp\/v2\/tags?post=122418"}],"curies":[{"name":"wp","href":"https:\/\/api.w.org\/{rel}","templated":true}]}}