{"id":122420,"date":"2025-12-26T19:41:07","date_gmt":"2025-12-26T19:41:07","guid":{"rendered":"https:\/\/www.europesays.com\/no\/122420\/"},"modified":"2025-12-26T19:41:07","modified_gmt":"2025-12-26T19:41:07","slug":"gitaristen-i-the-cure-er-dod-siste-nytt-nrk","status":"publish","type":"post","link":"https:\/\/www.europesays.com\/no\/122420\/","title":{"rendered":"Gitaristen i The Cure er d\u00f8d \u2013 Siste nytt \u2013\u00a0NRK"},"content":{"rendered":"<p>Perry Bamonte, mest kjent som gitarist og keyboardist i det britiske bandet The Cure, er d\u00f8d 65 \u00e5r gammel, melder bandet selv.<\/p>\n<p>\u2013 Det er med enorm sorg vi bekrefter d\u00f8dsfallet til v\u00e5r gode venn og bandkollega Perry Bamonte, som gikk bort etter kort tids sykeleie hjemme i julen, skriver bandet p\u00e5 sin <a href=\"https:\/\/www.thecure.com\/news\/2025\/12\/perry-archangelo-bamonte-1960-2025\/\" ec-id=\"https:\/\/www.thecure.com\/news\/2025\/12\/perry-archangelo-bamonte-1960-2025\/\" ec-name=\"offisielle nettside\" rel=\"nofollow noopener\" target=\"_blank\">offisielle nettside<\/a>.<\/p>\n<p>Bamonte startet i crewet til bandet p\u00e5 80-tallet og ble etter hvert gitartekniker og personlig assistent for bandets frontfigur, Robert Smith. Deretter gikk han i bandet fulltid fra 1990 til 2005. Han returnerte til bandet i 2022 og spilte helt til i fjor.<\/p>\n<p>&#8212; V\u00e5re tanker og kondolanser g\u00e5r til hele familien hans. Han vil bli dypt savnet, skriver bandet.<\/p>\n<p>De beskriver han som stille, intens, intuitiv, stabil og enormt kreativ.<\/p>\n<p>The Cure skal etter planen spille p\u00e5 \u00d8yafestivalen i Oslo sommeren 2026.<\/p>\n<p>(NTB\/NRK)<\/p>\n<p>Her er Perry Bamonte (t.h.) og resten av medlemmene av The Cure avbildet i 2004:<\/p>\n","protected":false},"excerpt":{"rendered":"Perry Bamonte, mest kjent som gitarist og keyboardist i det britiske bandet The Cure, er d\u00f8d 65 \u00e5r&hellip;\n","protected":false},"author":2,"featured_media":122421,"comment_status":"","ping_status":"","sticky":false,"template":"","format":"standard","meta":{"footnotes":""},"categories":[5],"tags":[20,21,24,25,15,19,22,23,17,18,13,30,28,29,14,16,26,27],"class_list":{"0":"post-122420","1":"post","2":"type-post","3":"status-publish","4":"format-standard","5":"has-post-thumbnail","7":"category-overskrifter","8":"tag-breaking-news","9":"tag-breakingnews","10":"tag-featured-news","11":"tag-featurednews","12":"tag-headlines","13":"tag-hovedoppslag","14":"tag-latest-news","15":"tag-latestnews","16":"tag-main-news","17":"tag-mainnews","18":"tag-news","19":"tag-no","20":"tag-norge","21":"tag-norway","22":"tag-nyheter","23":"tag-overskrifter","24":"tag-top-stories","25":"tag-topstories"},"share_on_mastodon":{"url":"https:\/\/pubeurope.com\/@no\/115787575055615008","error":""},"_links":{"self":[{"href":"https:\/\/www.europesays.com\/no\/wp-json\/wp\/v2\/posts\/122420","targetHints":{"allow":["GET"]}}],"collection":[{"href":"https:\/\/www.europesays.com\/no\/wp-json\/wp\/v2\/posts"}],"about":[{"href":"https:\/\/www.europesays.com\/no\/wp-json\/wp\/v2\/types\/post"}],"author":[{"embeddable":true,"href":"https:\/\/www.europesays.com\/no\/wp-json\/wp\/v2\/users\/2"}],"replies":[{"embeddable":true,"href":"https:\/\/www.europesays.com\/no\/wp-json\/wp\/v2\/comments?post=122420"}],"version-history":[{"count":0,"href":"https:\/\/www.europesays.com\/no\/wp-json\/wp\/v2\/posts\/122420\/revisions"}],"wp:featuredmedia":[{"embeddable":true,"href":"https:\/\/www.europesays.com\/no\/wp-json\/wp\/v2\/media\/122421"}],"wp:attachment":[{"href":"https:\/\/www.europesays.com\/no\/wp-json\/wp\/v2\/media?parent=122420"}],"wp:term":[{"taxonomy":"category","embeddable":true,"href":"https:\/\/www.europesays.com\/no\/wp-json\/wp\/v2\/categories?post=122420"},{"taxonomy":"post_tag","embeddable":true,"href":"https:\/\/www.europesays.com\/no\/wp-json\/wp\/v2\/tags?post=122420"}],"curies":[{"name":"wp","href":"https:\/\/api.w.org\/{rel}","templated":true}]}}