{"id":122426,"date":"2025-12-26T19:49:14","date_gmt":"2025-12-26T19:49:14","guid":{"rendered":"https:\/\/www.europesays.com\/no\/122426\/"},"modified":"2025-12-26T19:49:14","modified_gmt":"2025-12-26T19:49:14","slug":"heidi-weng-foran-sitt-siste-ol","status":"publish","type":"post","link":"https:\/\/www.europesays.com\/no\/122426\/","title":{"rendered":"Heidi Weng foran sitt siste OL:"},"content":{"rendered":"\n<ul class=\"_list_o9xde_3 _list_64s2r_85 _unordered_o9xde_106 text-sans-m\">\n<li class=\"_item_o9xde_30\">Heidi Weng har hatt en str\u00e5lende sesongstart med flere pallplasser i verdenscupen.<\/li>\n<li class=\"_item_o9xde_30\">For f\u00f8rste gang gj\u00f8r familien Weng et intervju sammen. <\/li>\n<li class=\"_item_o9xde_30\">Alle i familien har ulike oppgaver for at Heidi skal prestere p\u00e5 topp og v\u00e6re i toppform til OL. <\/li>\n<li class=\"_item_o9xde_30\">Hun takker familien for st\u00f8tten gjennom en vanskelig periode etter en hodeskade i 2022.<\/li>\n<\/ul>\n<p>Vis mer <\/p>\n<p class=\"_paragraph_o9xde_4 _paragraph_xtcu6_10 layout-component text-serif-m layout-normal text-serif-m layout-padded\"> \u2013 Nei, pappa, la det ligge. Ikke nevn det, sier Heidi. <\/p>\n<p class=\"_paragraph_o9xde_4 _paragraph_xtcu6_10 layout-component text-serif-m layout-normal text-serif-m layout-padded\">Men akkurat dette har preget henne mye. Det har v\u00e6rt en s\u00e5 vond del av livet hennes de siste \u00e5rene.<\/p>\n<p><img alt=\"\" class=\"_image_qp4xg_65 layout-component layout-normal\" data-fullscreen- data-track-element-type=\"Article image fullscreen\" data-track-name=\"ImageFullscreen\" decoding=\"async\" loading=\"lazy\" height=\"4347\" itemprop=\"image\"  src=\"https:\/\/www.europesays.com\/no\/wp-content\/uploads\/2025\/12\/aad22b45-dd33-42e5-b735-f22b26e46a42\"  style=\"object-position:0% 0%\" width=\"5798\"\/><\/p>\n<p class=\"_paragraph_o9xde_4 _paragraph_xtcu6_10 layout-component text-serif-m layout-normal text-serif-m layout-padded\">Det er ogs\u00e5 en viktig del av det som har gjort 34-\u00e5ringen til en sterkere skil\u00f8per, og et enda sterkere menneske. Det kan komme godt med n\u00e5r hun g\u00e5r inn i karrierens siste OL-sesong. <\/p>\n<p class=\"_paragraph_o9xde_4 _paragraph_xtcu6_10 layout-component text-serif-m layout-normal text-serif-m layout-padded\"><strong class=\"_strong_o9xde_25\">Men hun vil ikke snakke om det.<\/strong><\/p>\n<p class=\"_paragraph_o9xde_4 _paragraph_xtcu6_10 layout-component text-serif-m layout-normal text-serif-m layout-padded\">\u2013 Men&#8230;, sier pappa Ole Morten. <\/p>\n<p class=\"_paragraph_o9xde_4 _paragraph_xtcu6_10 layout-component text-serif-m layout-normal text-serif-m layout-padded\">Han mener det forteller noe om hvor selvstendig og robust datteren er blitt.<\/p>\n<p><img alt=\"\" class=\"_image_qp4xg_65 layout-component layout-normal\" data-fullscreen- data-track-element-type=\"Article image fullscreen\" data-track-name=\"ImageFullscreen\" decoding=\"async\" loading=\"lazy\" height=\"4744\" itemprop=\"image\"  src=\"https:\/\/www.europesays.com\/no\/wp-content\/uploads\/2025\/12\/91319c97-c5b5-46e1-997c-b856c45a7b6d\"  style=\"object-position:0% 0%\" width=\"4653\"\/><\/p>\n<p class=\"_paragraph_o9xde_4 _paragraph_xtcu6_10 layout-component text-serif-m layout-normal text-serif-m layout-padded\">\u2013 Nei, sier Heidi.<\/p>\n<p class=\"_paragraph_o9xde_4 _paragraph_xtcu6_10 layout-component text-serif-m layout-normal text-serif-m layout-padded\">Vi lar den ligge litt, men kommer tilbake til det. <\/p>\n<p class=\"_paragraph_o9xde_4 _paragraph_xtcu6_10 layout-component text-serif-m layout-normal text-serif-m layout-padded\">Heidi har startet denne sesongen forrykende. Tre pallplasser i verdenscupen p\u00e5 de fire f\u00f8rste rennene. I romjulen venter Tour de Ski. <\/p>\n<p class=\"_paragraph_o9xde_4 _paragraph_xtcu6_10 layout-component text-serif-m layout-normal text-serif-m layout-padded\">F\u00f8r sesongstart var langrennsstjernens st\u00f8rste heiagjeng samlet rundt spisebordet hjemme p\u00e5 S\u00f8re \u00c5l ved Lillehammer. Det er f\u00f8rste gang hele familien Weng gj\u00f8r et intervju sammen. Yngstedatteren har et stort, lyst og luftig funkishus. Store vinduer rammer inn utsikten over Gudbrandsdalsl\u00e5gen. <\/p>\n<p><img alt=\"\" class=\"_image_qp4xg_65 layout-component layout-normal\" data-fullscreen- data-track-element-type=\"Article image fullscreen\" data-track-name=\"ImageFullscreen\" decoding=\"async\" loading=\"lazy\" height=\"5187\" itemprop=\"image\"  src=\"https:\/\/www.europesays.com\/no\/wp-content\/uploads\/2025\/12\/4d3813a9-db89-4fdb-aae6-d09fd3b9723c\"  style=\"object-position:0% 0%\" width=\"6345\"\/><\/p>\n<p class=\"_paragraph_o9xde_4 _paragraph_xtcu6_10 layout-component text-serif-m layout-normal text-serif-m layout-padded\">Det er 200\u2013300 meter mellom husene til Heidi og stores\u00f8ster Merete og samboer Arne Gunnar Ensrud (bare kalt AG i familien), mellom dem bor mamma May Bente og pappa Ole Morten. De er sammen nesten hver dag. Hvorfor si nei, n\u00e5r det inviteres p\u00e5 middag st\u00f8tt og stadig? <\/p>\n<p class=\"_paragraph_o9xde_4 _paragraph_xtcu6_10 layout-component text-serif-m layout-normal text-serif-m layout-padded\">Alle i familien har viktige oppgaver i livet og karrieren til Heidi, slik at hun skal trives med toppidrettslivet, og levere som en av verdens aller beste langrennsl\u00f8pere. <\/p>\n<p><img alt=\"\" class=\"_image_qp4xg_65 layout-component layout-normal\" data-fullscreen- data-track-element-type=\"Article image fullscreen\" data-track-name=\"ImageFullscreen\" decoding=\"async\" loading=\"lazy\" height=\"5038\" itemprop=\"image\"  src=\"https:\/\/www.europesays.com\/no\/wp-content\/uploads\/2025\/12\/08a5e1b5-0f8e-4526-8c94-50adec5719ce\"  style=\"object-position:0% 0%\" width=\"6717\"\/><\/p>\n<ul class=\"_list_o9xde_3 _list_xtcu6_9 _unordered_o9xde_106 layout-component text-serif-m layout-normal text-serif-m layout-padded\">\n<li class=\"_item_o9xde_30\">Mamma May Bente: Hjelper til med vasking og er med p\u00e5 l\u00f8peturer. <\/li>\n<li class=\"_item_o9xde_30\">Pappa Ole Morten: Var trener siden barndommen, n\u00e5 er han treningsr\u00e5dgiver og samtalepartner. <\/li>\n<li class=\"_item_o9xde_30\">Stores\u00f8ster Merete: Er utdannet osteopat og sykepleier. Hjelper Heidi med behandling og er treningspartner. Inviterer ofte p\u00e5 middag. <\/li>\n<li class=\"_item_o9xde_30\">Svoger Arne Gunnar Ensrud: Trener for Uno-X Pro Cycling Team. Er treningsr\u00e5dgiver,  treningspartner og har rollen som opptrekker p\u00e5 intervall\u00f8kter. <\/li>\n<li class=\"_item_o9xde_30\">Nev\u00f8: Hjerteknuser for tante Heidi.<\/li>\n<\/ul>\n<p class=\"_paragraph_o9xde_4 _paragraph_xtcu6_10 layout-component text-serif-m layout-normal text-serif-m layout-padded\"><strong class=\"_strong_o9xde_25\">\u2013 Jeg hadde ikke blitt s\u00e5 god uten familien min, sier Heidi. <\/strong><\/p>\n<p><img alt=\"\" class=\"_image_qp4xg_65 layout-component layout-normal\" data-fullscreen- data-track-element-type=\"Article image fullscreen\" data-track-name=\"ImageFullscreen\" decoding=\"async\" loading=\"lazy\" height=\"5504\" itemprop=\"image\"  src=\"https:\/\/www.europesays.com\/no\/wp-content\/uploads\/2025\/12\/e923bc66-b2ae-42e2-a2d4-1c0e9cc1a282\"  style=\"object-position:0% 0%\" width=\"7904\"\/><\/p>\n<p class=\"_paragraph_o9xde_4 _paragraph_xtcu6_10 layout-component text-serif-m layout-normal text-serif-m layout-padded\">Grunnlaget for karrieren ble lagt tidlig med ulike idretter som h\u00e5ndball, fotball, l\u00f8ping og ski. Pappa Ole Morten forteller om da han skj\u00f8nte at datteren kunne bli virkelig god. Heidi var 14 \u00e5r. De to gikk en motbakkeintervall p\u00e5 1100 meters h\u00f8yde p\u00e5 ski.<\/p>\n<p class=\"_paragraph_o9xde_4 _paragraph_xtcu6_10 layout-component text-serif-m layout-normal text-serif-m layout-padded\">\u2013 Hun gikk fra meg. M\u00e5ten hun gikk den motbakken p\u00e5 viste at her er det noe spesielt, tenkte jeg, sier pappa Ole Morten.<\/p>\n<p><img alt=\"Foto: Privat\" class=\"_image_qp4xg_65 layout-component layout-normal\" data-fullscreen- data-track-element-type=\"Article image fullscreen\" data-track-name=\"ImageFullscreen\" decoding=\"async\" loading=\"lazy\" height=\"2915\" itemprop=\"image\"  src=\"https:\/\/www.europesays.com\/no\/wp-content\/uploads\/2025\/12\/56e4c502-1420-4db9-abac-d3474c12d7ff\"  style=\"object-position:0% 0%\" width=\"2008\"\/>Foto: Privat<\/p>\n<p class=\"_paragraph_o9xde_4 _paragraph_xtcu6_10 layout-component text-serif-m layout-normal text-serif-m layout-padded\">Han fikk rett. I 2013 tok datteren sin f\u00f8rste individuelle VM-medalje. Det skjedde i Val di Fiemme. I de samme l\u00f8ypene som huser OL neste \u00e5r. Etter at Therese Johaug la opp i v\u00e5r, hviler ansvaret for norsk kvinnesuksess p\u00e5 distanse i OL p\u00e5 Astrid \u00d8yre Slind og <a href=\"https:\/\/www.vg.no\/tag\/heidi-weng?utm_source=vg-article&amp;utm_medium=auto-tagger&amp;utm_campaign=8qrQz1\" class=\"_link_o9xde_39\" rel=\"nofollow noopener\" target=\"_blank\">Heidi Weng<\/a>. <\/p>\n<p class=\"_paragraph_o9xde_4 _paragraph_xtcu6_10 layout-component text-serif-m layout-normal text-serif-m layout-padded\">Praten g\u00e5r rundt spisebordet. Heidi gir nev\u00f8en Tobias oppmerksomhet. Stores\u00f8ster Merete sitter med stor mage og snakker varmt om Heidi som omsorgsfull og leken tante. <\/p>\n<p class=\"_paragraph_o9xde_4 _paragraph_xtcu6_10 layout-component text-serif-m layout-normal text-serif-m layout-padded\">VG m\u00f8tte familien Weng tidligere i h\u00f8st, Merete var bare noen uker unna termin. I oktober ble Tiril f\u00f8dt. <\/p>\n<p><img class=\"_image_s2syr_92\" fetchpriority=\"low\" loading=\"lazy\" decoding=\"async\"  src=\"https:\/\/www.europesays.com\/no\/wp-content\/uploads\/2025\/12\/0b69175b-7221-47c8-93df-87d722557064\"  style=\"--hotspot:26.093114915630007% 28.070515304145683%;object-fit:cover\"\/><\/p>\n<p class=\"_paragraph_o9xde_4 _paragraph_xtcu6_10 layout-component text-serif-m layout-normal text-serif-m layout-padded\">De ler av at Heidi syns faren forteller litt for mange historier om datteren, med VG p\u00e5 bes\u00f8k. Det er god stemning. Familien Weng er god stemning. Og plutselig blir det likevel litt alvor. <\/p>\n<p class=\"_paragraph_o9xde_4 _paragraph_xtcu6_10 layout-component text-serif-m layout-normal text-serif-m layout-padded\">I 2022 falt Heidi p\u00e5 isen. Det ble hjernerystelse. 34-\u00e5ringen har v\u00e6rt \u00e5pen om at det var et smertehelvete. Hun trakk seg fra VM i 2023 p\u00e5 grunn av hodeskaden.<\/p>\n<p><img alt=\"\" class=\"_image_qp4xg_65 layout-component layout-normal\" data-fullscreen- data-track-element-type=\"Article image fullscreen\" data-track-name=\"ImageFullscreen\" decoding=\"async\" loading=\"lazy\" height=\"4994\" itemprop=\"image\"  src=\"https:\/\/www.europesays.com\/no\/wp-content\/uploads\/2025\/12\/304dd0ee-9664-4ca8-85bb-bad28a35d0b9\"  style=\"object-position:0% 0%\" width=\"6657\"\/><\/p>\n<p class=\"_paragraph_o9xde_4 _paragraph_xtcu6_10 layout-component text-serif-m layout-normal text-serif-m layout-padded\">De siste \u00e5rene har hun sagt til familien at hun ikke \u00f8nsker prat om hodeskaden, hun vil bare ha fokus p\u00e5 bedring. <\/p>\n<p class=\"_paragraph_o9xde_4 _paragraph_xtcu6_10 layout-component text-serif-m layout-normal text-serif-m layout-padded\">\u2013 Jeg har hatt en usynlig skade, som har tatt mye krefter. Jeg orket ikke v\u00e6re sosial. Jeg ble sliten av \u00e5 h\u00f8re p\u00e5 musikk, sier Heidi. <\/p>\n<p><img alt=\"\" class=\"_image_qp4xg_65 layout-component layout-normal\" data-fullscreen- data-track-element-type=\"Article image fullscreen\" data-track-name=\"ImageFullscreen\" decoding=\"async\" loading=\"lazy\" height=\"4660\" itemprop=\"image\"  src=\"https:\/\/www.europesays.com\/no\/wp-content\/uploads\/2025\/12\/c1c3af33-dadd-4950-be92-5be196a398d3\"  style=\"object-position:0% 0%\" width=\"3728\"\/><\/p>\n<p class=\"_paragraph_o9xde_4 _paragraph_xtcu6_10 layout-component text-serif-m layout-normal text-serif-m layout-padded\">Trening ble h\u00e5pl\u00f8st, \u00e5 presse seg enda verre. Hvordan kunne hun fortsette som skil\u00f8per? <\/p>\n<p class=\"_paragraph_o9xde_4 _paragraph_xtcu6_10 layout-component text-serif-m layout-normal text-serif-m layout-padded\">\u2013 Jeg s\u00e5 m\u00f8rkt p\u00e5 \u00e5 komme tilbake, sier Heidi. <\/p>\n<p class=\"_paragraph_o9xde_4 _paragraph_xtcu6_10 layout-component text-serif-m layout-normal text-serif-m layout-padded\">Veien til ski-VM i Trondheim var lang, og delvis ensom. Hun m\u00e5tte kutte ut samlinger. Det var ikke bra for hodet med st\u00f8y. Familien ble redningen. Som alltid. <\/p>\n<p class=\"_paragraph_o9xde_4 _paragraph_xtcu6_10 layout-component text-serif-m layout-normal text-serif-m layout-padded\">\u2013 At jeg skulle st\u00e5 p\u00e5 pallen i VM i Trondheim, hadde jeg aldri trodd etter hodeskaden, sier Heidi. <\/p>\n<p><img alt=\"Foto: Bj\u00f8rn S. Delebekk \/ VG\" class=\"_image_qp4xg_65 layout-component layout-normal\" data-fullscreen- data-track-element-type=\"Article image fullscreen\" data-track-name=\"ImageFullscreen\" decoding=\"async\" loading=\"lazy\" height=\"4612\" itemprop=\"image\"  src=\"https:\/\/www.europesays.com\/no\/wp-content\/uploads\/2025\/12\/7e0c9c28-07c1-43bb-b548-978e592dd0bb\"  style=\"object-position:0% 0%\" width=\"6150\"\/>Foto: Bj\u00f8rn S. Delebekk \/ VG<\/p>\n<p class=\"_paragraph_o9xde_4 _paragraph_xtcu6_10 layout-component text-serif-m layout-normal text-serif-m layout-padded\">Med store begrensninger p\u00e5 grunn av et hode som ikke fungerte, staket hun ut sin egen vei mot Trondheim, som ogs\u00e5 ga noen pallplasser i verdenscupen p\u00e5 veien. <\/p>\n<p class=\"_paragraph_o9xde_4 _paragraph_xtcu6_10 layout-component text-serif-m layout-normal text-serif-m layout-padded\">Hun var 2,1 sekund bak Frida Karlsson p\u00e5 VM-femmila, og 0,7 sekunder foran Therese Johaug. Heidi Weng klinket til med s\u00f8lv. Hun var i ekstase. <\/p>\n<p class=\"_paragraph_o9xde_4 _paragraph_xtcu6_10 layout-component text-serif-m layout-normal text-serif-m layout-padded\">\u2013 Jeg ser en endring hos Heidi de siste \u00e5rene. Det gir en trygghet at du klarer \u00e5 l\u00f8se et s\u00e5 stort problem n\u00e6rmest p\u00e5 egenh\u00e5nd, sier pappa Ole Morten. <\/p>\n<p><img class=\"_image_s2syr_92\" fetchpriority=\"low\" loading=\"lazy\" decoding=\"async\"  src=\"https:\/\/www.europesays.com\/no\/wp-content\/uploads\/2025\/12\/7aa3b76d-18de-4991-a115-4dd2c346f53c\"  style=\"--hotspot:36.48938858009095% 30.854430379746834%;object-fit:cover\"\/><\/p>\n<p class=\"_lead_o9xde_2 _lead_xtcu6_50 _lead_s2syr_104 layout-component text-serif-m layout-normal\">Vi skj\u00f8nner han er stolt. <\/p>\n<p class=\"_paragraph_o9xde_4 _paragraph_xtcu6_10 layout-component text-serif-m layout-normal text-serif-m layout-padded\">\u2013 Det er en ting kanskje ikke s\u00e5 mange vet om Heidi. Hun trener mer eller mindre seg selv. Hun er sjefen, sier pappa Ole Morten.<\/p>\n<p class=\"_paragraph_o9xde_4 _paragraph_xtcu6_10 layout-component text-serif-m layout-normal text-serif-m layout-padded\">\u2013 Jeg setter opp en plan med pappa for hva jeg skal gj\u00f8re av trening. St\u00e5r jeg litt fast, s\u00e5 snakker jeg med pappa, AG og Sjur Ole. Fra tidlig er det jeg som har lagd treningsopplegget mitt. Jeg liker \u00e5 planlegge selv, sier Heidi. <\/p>\n<p><img alt=\"\" class=\"_image_qp4xg_65 layout-component layout-normal\" data-fullscreen- data-track-element-type=\"Article image fullscreen\" data-track-name=\"ImageFullscreen\" decoding=\"async\" loading=\"lazy\" height=\"4458\" itemprop=\"image\"  src=\"https:\/\/www.europesays.com\/no\/wp-content\/uploads\/2025\/12\/220938f8-2d87-48ee-b180-7ab54698195d\"  style=\"object-position:0% 0%\" width=\"5941\"\/><\/p>\n<p class=\"_paragraph_o9xde_4 _paragraph_xtcu6_10 layout-component text-serif-m layout-normal text-serif-m layout-padded\">Mamma May Bente er en av Norges sprekeste 60-\u00e5ringer og henger fortsatt med datteren p\u00e5 mange trenings\u00f8kter. Men n\u00e5r Heidi trenger mer fart er det svogeren og s\u00f8steren som finner frem sykkelen og er fartsholdere. <\/p>\n<p class=\"_paragraph_o9xde_4 _paragraph_xtcu6_10 layout-component text-serif-m layout-normal text-serif-m layout-padded\">Hun har konkurranseinstinktet fra pappa. N\u00e5r familien spiller kort, kan hverken Heidi og pappa Ole Morten fatte at det er mulig \u00e5 tape uten \u00e5 bli sur. Det handler jo om \u00e5 vinne. Mamma May Bente og stores\u00f8ster Merete ser p\u00e5 hverandre ved bordet, og ler. <\/p>\n<p class=\"_paragraph_o9xde_4 _paragraph_xtcu6_10 layout-component text-serif-m layout-normal text-serif-m layout-padded\">\u2013 Det er ikke s\u00e5 farlig. <\/p>\n<p><img alt=\"\" class=\"_image_qp4xg_65 layout-component layout-normal\" data-fullscreen- data-track-element-type=\"Article image fullscreen\" data-track-name=\"ImageFullscreen\" decoding=\"async\" loading=\"lazy\" height=\"3523\" itemprop=\"image\"  src=\"https:\/\/www.europesays.com\/no\/wp-content\/uploads\/2025\/12\/c45c0db8-345e-48ff-9959-cba142e3b515\"  style=\"object-position:0% 0%\" width=\"4696\"\/><\/p>\n<p class=\"_paragraph_o9xde_4 _paragraph_xtcu6_10 layout-component text-serif-m layout-normal text-serif-m layout-padded\">Det har v\u00e6rt helt greit for Merete at det var lilles\u00f8steren som ble langrennsstjernen i familien. Hun var ogs\u00e5 god, men ikke s\u00e5 god. <\/p>\n<p class=\"_paragraph_o9xde_4 _paragraph_xtcu6_10 layout-component text-serif-m layout-normal text-serif-m layout-padded\">\u2013 Jeg ga meg ikke fordi Heidi slo meg, sier Merete og ler. <\/p>\n<p class=\"_paragraph_o9xde_4 _paragraph_xtcu6_10 layout-component text-serif-m layout-normal text-serif-m layout-padded\">Heidi forteller at s\u00f8steren var best p\u00e5 trening. <\/p>\n<p class=\"_paragraph_o9xde_4 _paragraph_xtcu6_10 layout-component text-serif-m layout-normal text-serif-m layout-padded\">\u2013 Men jeg taklet konkurranser best, sier Heidi. <\/p>\n<p class=\"_paragraph_o9xde_4 _paragraph_xtcu6_10 layout-component text-serif-m layout-normal text-serif-m layout-padded\">Merete satser p\u00e5 en annen idrett, og har mange seire i motbakkel\u00f8p, og s\u00f8lv i norgescupen. <\/p>\n<p class=\"_paragraph_o9xde_4 _paragraph_xtcu6_10 layout-component text-serif-m layout-normal text-serif-m layout-padded\">\u2013 Heidi hadde det lille ekstra, et killerinstinkt, sier Merete. <\/p>\n<p><img alt=\"Ski-VM 2015 Falun.Stafett damer. Heidi Weng g\u00e5r f\u00f8rste etappe i kvinnenes 4x5 km stafett i ski-VM i Falun torsdag. S\u00f8steren Merete (t.v.) og mor May Bente er i Falun for \u00e5 heie frem det norske laget.  Foto: Terje Pedersen \/ NTB\" class=\"_image_qp4xg_65 layout-component layout-normal\" data-fullscreen- data-track-element-type=\"Article image fullscreen\" data-track-name=\"ImageFullscreen\" decoding=\"async\" loading=\"lazy\" height=\"2906\" itemprop=\"image\"  src=\"https:\/\/www.europesays.com\/no\/wp-content\/uploads\/2025\/12\/e1772cbc-2f13-4dac-a1f5-07c9738e86d8\"  style=\"object-position:0% 0%\" width=\"3875\"\/>Ski-VM 2015 Falun.Stafett damer. Heidi Weng g\u00e5r f\u00f8rste etappe i kvinnenes 4&#215;5 km stafett i ski-VM i Falun torsdag. S\u00f8steren Merete (t.v.) og mor May Bente er i Falun for \u00e5 heie frem det norske laget.  Foto: Terje Pedersen \/ NTB<\/p>\n<p class=\"_paragraph_o9xde_4 _paragraph_xtcu6_10 layout-component text-serif-m layout-normal text-serif-m layout-padded\">Heidi har ogs\u00e5 det ekstra som har gjort henne det vi lett kaller folkekj\u00e6r. Hun snakker med hjertet f\u00f8rst, som da hun \u00abb\u00f8yde seg i hatten\u00bb da Sverige tok gull p\u00e5 stafetten i OL i Sotsji i 2014. <\/p>\n<p class=\"_paragraph_o9xde_4 _paragraph_xtcu6_10 layout-component text-serif-m layout-normal text-serif-m layout-padded\">\u2013 Heidi er ekte, det tror jeg folk ser, sier mamma May Bente stolt. <\/p>\n<p class=\"_paragraph_o9xde_4 _paragraph_xtcu6_10 layout-component text-serif-m layout-normal text-serif-m layout-padded\">Men Heidi har ikke alltid v\u00e6rt stjernen. Hun forteller med mye latter om da hun fors\u00f8kte seg p\u00e5 teater i barndommen. <\/p>\n<p class=\"_paragraph_o9xde_4 _paragraph_xtcu6_10 layout-component text-serif-m layout-normal text-serif-m layout-padded\">\u2013 Jeg fikk v\u00e6re et tre som sto helt bakerst, eller et troll, sier Heidi. <\/p>\n<p class=\"_paragraph_o9xde_4 _paragraph_xtcu6_10 layout-component text-serif-m layout-normal text-serif-m layout-padded\">Alle ler. <\/p>\n<p><img alt=\"\" class=\"_image_qp4xg_65 layout-component layout-normal\" data-fullscreen- data-track-element-type=\"Article image fullscreen\" data-track-name=\"ImageFullscreen\" decoding=\"async\" loading=\"lazy\" height=\"4164\" itemprop=\"image\"  src=\"https:\/\/www.europesays.com\/no\/wp-content\/uploads\/2025\/12\/d63809cc-b1b1-489f-bb45-63ea83ae5f16\"  style=\"object-position:0% 0%\" width=\"5554\"\/><\/p>\n<p class=\"_paragraph_o9xde_4 _paragraph_xtcu6_10 layout-component text-serif-m layout-normal text-serif-m layout-padded\">Hele familien er stolt av det Heidi har f\u00e5tt til. Men n\u00e5 g\u00e5r det mot slutten av karrieren. Det blir tyngre og tyngre \u00e5 pakke bagen. 200 reised\u00f8gn i \u00e5ret er ingen god f\u00f8lelse. <\/p>\n<p class=\"_paragraph_o9xde_4 _paragraph_xtcu6_10 layout-component text-serif-m layout-normal text-serif-m layout-padded\"><strong class=\"_strong_o9xde_25\">Alt kan v\u00e6re for siste gang denne sesongen, selv om VM i Falun lokker i 2027. <\/strong><\/p>\n<p class=\"_paragraph_o9xde_4 _paragraph_xtcu6_10 layout-component text-serif-m layout-normal text-serif-m layout-padded\">Det er blitt fem VM-gull  fem VM-gull fire p\u00e5 ordin\u00e6r stafett og ett p\u00e5 lagsprintp\u00e5 stafett, men 34-\u00e5ringen har bare \u00e9n OL-medalje, 15 kilometer fellesstart med skibytte fra 2014. <\/p>\n<p class=\"_paragraph_o9xde_4 _paragraph_xtcu6_10 layout-component text-serif-m layout-normal text-serif-m layout-padded\">Uansett hvordan det g\u00e5r n\u00e5r ilden tennes i Italia, s\u00e5 er det helt sikkert, i februar deltar hun i sitt siste OL. <\/p>\n<p class=\"_paragraph_o9xde_4 _paragraph_xtcu6_10 layout-component text-serif-m layout-normal text-serif-m layout-padded\"><strong class=\"_strong_o9xde_25\">\u2013 Jeg har g\u00e5tt s\u00e5 mange skirenn i mitt liv. Jeg er ikke lei av \u00e5 konkurrere, men \u00e5 v\u00e6re p\u00e5 reise og pakke bagen, sier Heidi. <\/strong><\/p>\n<p class=\"_paragraph_o9xde_4 _paragraph_xtcu6_10 layout-component text-serif-m layout-normal text-serif-m layout-padded\">Idrettskarrieren er n\u00f8dvendigvis ikke helt over. <\/p>\n<p class=\"_paragraph_o9xde_4 _paragraph_xtcu6_10 layout-component text-serif-m layout-normal text-serif-m layout-padded\">\u2013 Jeg liker \u00e5 l\u00f8pe, sier Heidi. <\/p>\n","protected":false},"excerpt":{"rendered":"Heidi Weng har hatt en str\u00e5lende sesongstart med flere pallplasser i verdenscupen. For f\u00f8rste gang gj\u00f8r familien Weng&hellip;\n","protected":false},"author":2,"featured_media":122427,"comment_status":"","ping_status":"","sticky":false,"template":"","format":"standard","meta":{"footnotes":""},"categories":[5],"tags":[20,21,24,25,15,5413,19,398,22,23,17,18,13,30,28,29,14,16,26,27,399],"class_list":{"0":"post-122426","1":"post","2":"type-post","3":"status-publish","4":"format-standard","5":"has-post-thumbnail","7":"category-overskrifter","8":"tag-breaking-news","9":"tag-breakingnews","10":"tag-featured-news","11":"tag-featurednews","12":"tag-headlines","13":"tag-heidi-weng","14":"tag-hovedoppslag","15":"tag-langrenn","16":"tag-latest-news","17":"tag-latestnews","18":"tag-main-news","19":"tag-mainnews","20":"tag-news","21":"tag-no","22":"tag-norge","23":"tag-norway","24":"tag-nyheter","25":"tag-overskrifter","26":"tag-top-stories","27":"tag-topstories","28":"tag-vintersport"},"share_on_mastodon":{"url":"https:\/\/pubeurope.com\/@no\/115787607462113751","error":""},"_links":{"self":[{"href":"https:\/\/www.europesays.com\/no\/wp-json\/wp\/v2\/posts\/122426","targetHints":{"allow":["GET"]}}],"collection":[{"href":"https:\/\/www.europesays.com\/no\/wp-json\/wp\/v2\/posts"}],"about":[{"href":"https:\/\/www.europesays.com\/no\/wp-json\/wp\/v2\/types\/post"}],"author":[{"embeddable":true,"href":"https:\/\/www.europesays.com\/no\/wp-json\/wp\/v2\/users\/2"}],"replies":[{"embeddable":true,"href":"https:\/\/www.europesays.com\/no\/wp-json\/wp\/v2\/comments?post=122426"}],"version-history":[{"count":0,"href":"https:\/\/www.europesays.com\/no\/wp-json\/wp\/v2\/posts\/122426\/revisions"}],"wp:featuredmedia":[{"embeddable":true,"href":"https:\/\/www.europesays.com\/no\/wp-json\/wp\/v2\/media\/122427"}],"wp:attachment":[{"href":"https:\/\/www.europesays.com\/no\/wp-json\/wp\/v2\/media?parent=122426"}],"wp:term":[{"taxonomy":"category","embeddable":true,"href":"https:\/\/www.europesays.com\/no\/wp-json\/wp\/v2\/categories?post=122426"},{"taxonomy":"post_tag","embeddable":true,"href":"https:\/\/www.europesays.com\/no\/wp-json\/wp\/v2\/tags?post=122426"}],"curies":[{"name":"wp","href":"https:\/\/api.w.org\/{rel}","templated":true}]}}