{"id":122434,"date":"2025-12-26T20:03:32","date_gmt":"2025-12-26T20:03:32","guid":{"rendered":"https:\/\/www.europesays.com\/no\/122434\/"},"modified":"2025-12-26T20:03:32","modified_gmt":"2025-12-26T20:03:32","slug":"vaer-uvaer-hold-pa-hatten-det-varsles-om-kraftig-uvaer-pa-helgeland-og-saltfjellet-lordag-rana-blad","status":"publish","type":"post","link":"https:\/\/www.europesays.com\/no\/122434\/","title":{"rendered":"V\u00e6r, Uv\u00e6r | Hold p\u00e5 hatten &#8211; det varsles om kraftig uv\u00e6r p\u00e5 Helgeland og Saltfjellet l\u00f8rdag &#8211; Rana Blad"},"content":{"rendered":"<ol>\n<li><a href=\"https:\/\/news.google.com\/rss\/articles\/CBMirAFBVV95cUxQT0lmcVdqUWlrR3VySnpmelBXTFY3ZjUwUzRkY2dwa2xvQkpVV3FwZVZLOUhFLTIxTmg2QXRxNm9ma083TC1lbG93UHFUN1prbEVMUmxTQVdaTjNrb1k3ZTc0U1JvNjRKUG5nV1dkeWZXeXo1bUt5a0tfMXNiV3otS1NCZ05jWXltdXppTGFjUWhPbl9jTUJrbTNiTGJmM3B4ZHNJUFNKZmkyM09o?oc=5\" target=\"_blank\" rel=\"nofollow noopener\">V\u00e6r, Uv\u00e6r | Hold p\u00e5 hatten &#8211; det varsles om kraftig uv\u00e6r p\u00e5 Helgeland og Saltfjellet l\u00f8rdag<\/a>&nbsp;&nbsp;Rana Blad<\/li>\n<li><a href=\"https:\/\/news.google.com\/rss\/articles\/CBMilAFBVV95cUxPTFhLQ1hhdW9jM3Y2bDd5eGZEb1RNMUF6MGNPLTQtSVRuQXZhRUJySHVWWmIwb3pkYUVzT180ZTRmQ2xLZ2RQZ1FIdUdwa2J4SG4xX2tFcFpDSkJMMjA3ZGdxTnFObnFSLWlVOHdqaXdISGtpNTNlN3RLbDBNS3FUOExUTzNjNXpZa0ZOZFBSZmpqSldl?oc=5\" target=\"_blank\" rel=\"nofollow noopener\">Advarer om kraftig vind: \u2013 Vurder om reisen er n\u00f8dvendig<\/a>&nbsp;&nbsp;TV2.no<\/li>\n<li><a href=\"https:\/\/news.google.com\/rss\/articles\/CBMingFBVV95cUxOVmpyeW9TNXZJRkhPb190VklCN2RWN2x4Wl9TOUhMVEZOdkVoN1AzVlhVN1dSeTJQNFpldmFGSVgzRkxNOG1CdFFvaFkzd29kWHJkMkFRXzNoa3A5LXFkUG1HcE5xZnF1eUZzYmNOS1NrZzJDajk5czB6Z1BweGw0Y3dNWVpVY0lZUGlLTUpoa3QybzhhRWhieUxWRzI5dw?oc=5\" target=\"_blank\" rel=\"nofollow noopener\">(+) Meteorologisk institutt: \u2013 Det begynner allerede i kveld<\/a>&nbsp;&nbsp;folkebladet.no<\/li>\n<li><a href=\"https:\/\/news.google.com\/rss\/articles\/CBMiekFVX3lxTFBTNEp0aXNHSFFyOWNBaXpZYTRaYWIzV0ZubmtEX3htaUR1ZlNBaXBtektUemNwRmpidVAxYzFTblljcWp2R0dtUllHSzVoTnNGMFk5a3Brd0ozNTY4NW13YTdyZzQtNm9Hb1lYWktpZGVSZGpGYkhmOG93?oc=5\" target=\"_blank\" rel=\"nofollow noopener\">Varsler kraftige vind\u00adkast: \u2013\u2060 Store konsekvenser<\/a>&nbsp;&nbsp;VG<\/li>\n<li><a href=\"https:\/\/news.google.com\/rss\/articles\/CBMiZEFVX3lxTE9aNzQ0aGk4QTFmU2IwREE2U1J2ZlhERmJETGU2Ynpjb2hqYXNrMndfOVdJbUhPV2RiaGJxRTdfcmltM05fc3BzQVZHTkxrTUxuSGdQekg1bF9wZ2ppODJxV3hrU0I?oc=5\" target=\"_blank\" rel=\"nofollow noopener\">&#8211; Hold avstand<\/a>&nbsp;&nbsp;Dagbladet<\/li>\n<\/ol>\n","protected":false},"excerpt":{"rendered":"V\u00e6r, Uv\u00e6r | Hold p\u00e5 hatten &#8211; det varsles om kraftig uv\u00e6r p\u00e5 Helgeland og Saltfjellet l\u00f8rdag&nbsp;&nbsp;Rana Blad&hellip;\n","protected":false},"author":2,"featured_media":122435,"comment_status":"","ping_status":"","sticky":false,"template":"","format":"standard","meta":{"footnotes":""},"categories":[5],"tags":[36,20,21,102,24,25,15,19,22,23,17,18,13,30,28,29,14,16,1510,26,27,3230,553],"class_list":{"0":"post-122434","1":"post","2":"type-post","3":"status-publish","4":"format-standard","5":"has-post-thumbnail","7":"category-overskrifter","8":"tag-art","9":"tag-breaking-news","10":"tag-breakingnews","11":"tag-farevarsel","12":"tag-featured-news","13":"tag-featurednews","14":"tag-headlines","15":"tag-hovedoppslag","16":"tag-latest-news","17":"tag-latestnews","18":"tag-main-news","19":"tag-mainnews","20":"tag-news","21":"tag-no","22":"tag-norge","23":"tag-norway","24":"tag-nyheter","25":"tag-overskrifter","26":"tag-story","27":"tag-top-stories","28":"tag-topstories","29":"tag-uvaer","30":"tag-vaer"},"share_on_mastodon":{"url":"https:\/\/pubeurope.com\/@no\/115787661518127036","error":""},"_links":{"self":[{"href":"https:\/\/www.europesays.com\/no\/wp-json\/wp\/v2\/posts\/122434","targetHints":{"allow":["GET"]}}],"collection":[{"href":"https:\/\/www.europesays.com\/no\/wp-json\/wp\/v2\/posts"}],"about":[{"href":"https:\/\/www.europesays.com\/no\/wp-json\/wp\/v2\/types\/post"}],"author":[{"embeddable":true,"href":"https:\/\/www.europesays.com\/no\/wp-json\/wp\/v2\/users\/2"}],"replies":[{"embeddable":true,"href":"https:\/\/www.europesays.com\/no\/wp-json\/wp\/v2\/comments?post=122434"}],"version-history":[{"count":0,"href":"https:\/\/www.europesays.com\/no\/wp-json\/wp\/v2\/posts\/122434\/revisions"}],"wp:featuredmedia":[{"embeddable":true,"href":"https:\/\/www.europesays.com\/no\/wp-json\/wp\/v2\/media\/122435"}],"wp:attachment":[{"href":"https:\/\/www.europesays.com\/no\/wp-json\/wp\/v2\/media?parent=122434"}],"wp:term":[{"taxonomy":"category","embeddable":true,"href":"https:\/\/www.europesays.com\/no\/wp-json\/wp\/v2\/categories?post=122434"},{"taxonomy":"post_tag","embeddable":true,"href":"https:\/\/www.europesays.com\/no\/wp-json\/wp\/v2\/tags?post=122434"}],"curies":[{"name":"wp","href":"https:\/\/api.w.org\/{rel}","templated":true}]}}