{"id":122445,"date":"2025-12-26T20:43:01","date_gmt":"2025-12-26T20:43:01","guid":{"rendered":"https:\/\/www.europesays.com\/no\/122445\/"},"modified":"2025-12-26T20:43:01","modified_gmt":"2025-12-26T20:43:01","slug":"apner-idrettshallene-for-barn-og-unge-se-oversikten","status":"publish","type":"post","link":"https:\/\/www.europesays.com\/no\/122445\/","title":{"rendered":"\u00c5pner idrettshallene for barn og unge \u2013 Se oversikten"},"content":{"rendered":"<p>Blir det i overkant mye skjerm og snop i jula?<\/p>\n<p>Lek og idrettsaktivitet kan bli en utfordring i en juleperiode preget av v\u00e5t asfalt, h\u00e5lke og regn. Flere idrettshaller \u00e5pner derfor d\u00f8rene for barn og unge.<\/p>\n<p><strong>Her er det \u00e5pen hall i romjula og nytt\u00e5rsdagene:<\/strong><\/p>\n<p><strong>TUIL Arena:<\/strong><\/p>\n<ul class=\"List\">\n<li>\n<p>26.12: 12.00\u201317.00<\/p>\n<\/li>\n<li>\n<p>28.12: 12.00\u201317.00<\/p>\n<\/li>\n<li>\n<p>29.12: 12.00\u201317.00<\/p>\n<\/li>\n<li>\n<p>30.12: 12.00\u201317.00<\/p>\n<\/li>\n<\/ul>\n<p><strong>Hamnahallen:<\/strong><\/p>\n<ul class=\"List\">\n<li>\n<p>25.12: 12.00\u201316.00<\/p>\n<\/li>\n<li>\n<p>26.12: 12.00\u201316.00<\/p>\n<\/li>\n<li>\n<p>27.12: 11.00\u201318.00<\/p>\n<\/li>\n<li>\n<p>28.12: 12.00\u201316.00<\/p>\n<\/li>\n<li>\n<p>29.12: 12.00\u201316.00<\/p>\n<\/li>\n<li>\n<p>30.12: 12.00\u201316.00<\/p>\n<\/li>\n<li>\n<p>31.12: 12.00\u201316.00<\/p>\n<\/li>\n<li>\n<p>01.01: 12.00\u201316.00<\/p>\n<\/li>\n<li>\n<p>02.01: 12.00\u201316.00<\/p>\n<\/li>\n<li>\n<p>03.01: 11.00\u201318.00<\/p>\n<\/li>\n<li>\n<p>04.01: 12.00\u201316.00<\/p>\n<\/li>\n<\/ul>\n<p><strong>Fl\u00f8yahallen:<\/strong><\/p>\n<ul class=\"List\">\n<li>\n<p>26.12: 10.00\u201319.00<\/p>\n<\/li>\n<li>\n<p>27.12: 10.00\u201321.00<\/p>\n<\/li>\n<li>\n<p>28.12: 10.00\u201321.00<\/p>\n<\/li>\n<li>\n<p>29.12: 10.00\u201321.00<\/p>\n<\/li>\n<li>\n<p>30.12: 10.00\u201317.00<\/p>\n<\/li>\n<\/ul>\n<p><strong>Ler\u00f8yhallen:<\/strong><\/p>\n<ul class=\"List\">\n<li>\n<p>26.12: 12.00\u201316.00<\/p>\n<\/li>\n<li>\n<p>27.12: 12.00\u201316.00<\/p>\n<\/li>\n<li>\n<p>28.12: 12.00\u201316.00<\/p>\n<\/li>\n<li>\n<p>29.12: 12.00\u201316.00<\/p>\n<\/li>\n<li>\n<p>30.12: 12.00\u201316.00<\/p>\n<\/li>\n<li>\n<p>03.01: 12.00\u201316.00<\/p>\n<\/li>\n<li>\n<p>04.01: 12.00\u201316.00<\/p>\n<\/li>\n<\/ul>\n<p><strong>Storelvahallen:<\/strong><\/p>\n<ul class=\"List\">\n<li>\n<p>29.12: 10.00\u201314.00<\/p>\n<\/li>\n<li>\n<p>30.12: 10.00\u201314.00<\/p>\n<\/li>\n<\/ul>\n<p><strong>R\u00f8dtindhallen:<\/strong><\/p>\n<ul class=\"List\">\n<li>\n<p>29.12: 10.00\u201314.00<\/p>\n<\/li>\n<li>\n<p>30.12: 10.00\u201314.00<\/p>\n<\/li>\n<\/ul>\n<p><strong>Troms\u00f8 ishall:<\/strong><\/p>\n<ul class=\"List\">\n<li>\n<p>27.12: 12.00-15.00<\/p>\n<\/li>\n<li>\n<p>28.12: 12.00-15.00<\/p>\n<\/li>\n<\/ul>\n<p>Troms\u00f8 kommune opplyser p\u00e5 sine nettsider at R\u00f8dtindhallen, Troms\u00f8hallen og Tromsdalenhallen er tilgjengelig for gratis leie i romjula.<\/p>\n<p><img decoding=\"async\" src=\"data:image\/gif;base64,R0lGODlhEAAJAIAAAP\/\/\/wAAACH5BAEAAAAALAAAAAAQAAkAAAIKhI+py+0Po5yUFQA7\" alt=\"\"\/><br \/>\n  Fl\u00f8yahallen har lange \u00e5pningstider i romjula.<br \/>\n  <strong>Foto:<\/strong> Ronald Johansen \/ iTroms\u00f8<\/p>\n","protected":false},"excerpt":{"rendered":"Blir det i overkant mye skjerm og snop i jula? Lek og idrettsaktivitet kan bli en utfordring i&hellip;\n","protected":false},"author":2,"featured_media":122446,"comment_status":"","ping_status":"","sticky":false,"template":"","format":"standard","meta":{"footnotes":""},"categories":[59],"tags":[524,2211,30,28,29,83,82],"class_list":{"0":"post-122445","1":"post","2":"type-post","3":"status-publish","4":"format-standard","5":"has-post-thumbnail","7":"category-sport","8":"tag-barn-og-unge","9":"tag-idrett","10":"tag-no","11":"tag-norge","12":"tag-norway","13":"tag-sport","14":"tag-sports"},"share_on_mastodon":{"url":"https:\/\/pubeurope.com\/@no\/115787818806041283","error":""},"_links":{"self":[{"href":"https:\/\/www.europesays.com\/no\/wp-json\/wp\/v2\/posts\/122445","targetHints":{"allow":["GET"]}}],"collection":[{"href":"https:\/\/www.europesays.com\/no\/wp-json\/wp\/v2\/posts"}],"about":[{"href":"https:\/\/www.europesays.com\/no\/wp-json\/wp\/v2\/types\/post"}],"author":[{"embeddable":true,"href":"https:\/\/www.europesays.com\/no\/wp-json\/wp\/v2\/users\/2"}],"replies":[{"embeddable":true,"href":"https:\/\/www.europesays.com\/no\/wp-json\/wp\/v2\/comments?post=122445"}],"version-history":[{"count":0,"href":"https:\/\/www.europesays.com\/no\/wp-json\/wp\/v2\/posts\/122445\/revisions"}],"wp:featuredmedia":[{"embeddable":true,"href":"https:\/\/www.europesays.com\/no\/wp-json\/wp\/v2\/media\/122446"}],"wp:attachment":[{"href":"https:\/\/www.europesays.com\/no\/wp-json\/wp\/v2\/media?parent=122445"}],"wp:term":[{"taxonomy":"category","embeddable":true,"href":"https:\/\/www.europesays.com\/no\/wp-json\/wp\/v2\/categories?post=122445"},{"taxonomy":"post_tag","embeddable":true,"href":"https:\/\/www.europesays.com\/no\/wp-json\/wp\/v2\/tags?post=122445"}],"curies":[{"name":"wp","href":"https:\/\/api.w.org\/{rel}","templated":true}]}}