{"id":122449,"date":"2025-12-26T20:48:31","date_gmt":"2025-12-26T20:48:31","guid":{"rendered":"https:\/\/www.europesays.com\/no\/122449\/"},"modified":"2025-12-26T20:48:31","modified_gmt":"2025-12-26T20:48:31","slug":"rv-15-nordfjord-trafikkuhell-i-nordfjord","status":"publish","type":"post","link":"https:\/\/www.europesays.com\/no\/122449\/","title":{"rendered":"Rv 15, Nordfjord | Trafikkuhell i Nordfjord"},"content":{"rendered":"\n<p>Klokka 14.36 fekk politiet melding om eit trafikkuhell p\u00e5 riksveg 15 i Stad, like aust for avk\u00f8yringa til Maurstadeidet. <\/p>\n<p>\u2013 Bilen ligg p\u00e5 sida, men er ute av vegen. Bilf\u00f8raren var aleine i bilen, og verkar \u00e5 vere uskadd, opplyser Frode Kolltveit, operasjonsleiar i Vest politidistrikt. <\/p>\n<p>Politi og brannvesen er p\u00e5 staden, men ambulanse har ikkje rykt ut. <\/p>\n<p>F\u00f8raren er ein mann i 60-\u00e5ra. <\/p>\n<p>\u2013 F\u00f8raren skal ha k\u00f8yrd inn i ein betongkant eller gjerde og velta over p\u00e5 sida. Det er skade p\u00e5 eit gjerde i enden av ei bru, skriv Kolltveit i politiloggen. <\/p>\n<p>Politiet har ingen mistanke om rusp\u00e5verknad, og opprettar ikkje sak p\u00e5 uhellet. <\/p>\n","protected":false},"excerpt":{"rendered":"Klokka 14.36 fekk politiet melding om eit trafikkuhell p\u00e5 riksveg 15 i Stad, like aust for avk\u00f8yringa til&hellip;\n","protected":false},"author":2,"featured_media":231,"comment_status":"","ping_status":"","sticky":false,"template":"","format":"standard","meta":{"footnotes":""},"categories":[10],"tags":[36,20,21,24,25,15,22,23,13,30,5268,10583,28,29,14,16,14526,2027,1510,26,27,1204],"class_list":{"0":"post-122449","1":"post","2":"type-post","3":"status-publish","4":"format-standard","5":"has-post-thumbnail","7":"category-norge","8":"tag-art","9":"tag-breaking-news","10":"tag-breakingnews","11":"tag-featured-news","12":"tag-featurednews","13":"tag-headlines","14":"tag-latest-news","15":"tag-latestnews","16":"tag-news","17":"tag-no","18":"tag-nordfjord","19":"tag-nordfjordeid","20":"tag-norge","21":"tag-norway","22":"tag-nyheter","23":"tag-overskrifter","24":"tag-rv-15","25":"tag-stad","26":"tag-story","27":"tag-top-stories","28":"tag-topstories","29":"tag-ulykker"},"share_on_mastodon":{"url":"https:\/\/pubeurope.com\/@no\/115787838444179280","error":""},"_links":{"self":[{"href":"https:\/\/www.europesays.com\/no\/wp-json\/wp\/v2\/posts\/122449","targetHints":{"allow":["GET"]}}],"collection":[{"href":"https:\/\/www.europesays.com\/no\/wp-json\/wp\/v2\/posts"}],"about":[{"href":"https:\/\/www.europesays.com\/no\/wp-json\/wp\/v2\/types\/post"}],"author":[{"embeddable":true,"href":"https:\/\/www.europesays.com\/no\/wp-json\/wp\/v2\/users\/2"}],"replies":[{"embeddable":true,"href":"https:\/\/www.europesays.com\/no\/wp-json\/wp\/v2\/comments?post=122449"}],"version-history":[{"count":0,"href":"https:\/\/www.europesays.com\/no\/wp-json\/wp\/v2\/posts\/122449\/revisions"}],"wp:featuredmedia":[{"embeddable":true,"href":"https:\/\/www.europesays.com\/no\/wp-json\/wp\/v2\/media\/231"}],"wp:attachment":[{"href":"https:\/\/www.europesays.com\/no\/wp-json\/wp\/v2\/media?parent=122449"}],"wp:term":[{"taxonomy":"category","embeddable":true,"href":"https:\/\/www.europesays.com\/no\/wp-json\/wp\/v2\/categories?post=122449"},{"taxonomy":"post_tag","embeddable":true,"href":"https:\/\/www.europesays.com\/no\/wp-json\/wp\/v2\/tags?post=122449"}],"curies":[{"name":"wp","href":"https:\/\/api.w.org\/{rel}","templated":true}]}}