{"id":122454,"date":"2025-12-26T20:55:46","date_gmt":"2025-12-26T20:55:46","guid":{"rendered":"https:\/\/www.europesays.com\/no\/122454\/"},"modified":"2025-12-26T20:55:46","modified_gmt":"2025-12-26T20:55:46","slug":"fredrikstad-sentrum-romjul-skal-du-bytte-julegavene-dine-dette-er-viktig-a-huske-pa","status":"publish","type":"post","link":"https:\/\/www.europesays.com\/no\/122454\/","title":{"rendered":"Fredrikstad sentrum, Romjul | Skal du bytte julegavene dine? Dette er viktig \u00e5 huske p\u00e5"},"content":{"rendered":"\n<p>Tredje juledag er kjent som den store byttedagen.<\/p>\n<p>Skal du ta del i denne uoffisielle merkedagen, er det flere viktige ting \u00e5 huske.<\/p>\n<p>Som oftest kan man bytte inn gaver, men Forbrukerr\u00e5det opplyser at det ikke er en lovfestet rett.<\/p>\n<p>\u2013 De fleste butikkene tilbyr bytting av julegaver i desember, men for all del husk \u00e5 ta med kvittering eller byttelapp, sier juridisk seniorr\u00e5dgiver Thomas Iversen p\u00e5 Forbrukerr\u00e5dets hjemmeside<\/p>\n<ul>\n<li><b>Huskeliste for gavebytting nederst i saken <\/b><\/li>\n<\/ul>\n<p>   <img decoding=\"async\" width=\"4671\" height=\"3114\" fetchpriority=\"low\"  loading=\"lazy\"  src=\"https:\/\/www.europesays.com\/no\/wp-content\/uploads\/2025\/12\/cueres_scp-mangler_navn_pXDl4QctfOE.jpg\" alt=\"Oslo 20251219. &#10;En mann og en dame har v\u00e6rt ute og handlet f\u00f8r jul.&#10;Foto: Jonas Been Henriksen \/ NTB\" class=\"brick-c-cFOWSL\" style=\"--brick-image-ratio: 4671 \/ 3114;\"\/><\/p>\n<p>      Folk kommer til \u00e5 str\u00f8mme til butikkene for \u00e5 bytte gaver i morgen.<br \/>\n      Foto: Jonas Been Henriksen \/ NTB\n    <\/p>\n<p>  Benytt romjulen<\/p>\n<p>Butikkene kan ha varierende frister for \u00e5 bytte gaver, det er dermed anbefalt \u00e5 sjekke byttelappen og v\u00e6re ute i god tid.<\/p>\n<p>\u2013 Noen butikker har frist for bytting i romjulen, andre gir deg muligheten til \u00e5 bytte langt ut i januar. S\u00e5 sjekk fristen s\u00e5 du er sikker p\u00e5 at du f\u00e5r byttet f\u00f8r tiden er ute, sier Iversen.<\/p>\n<p>Mangler du byttelapp, er det lurt \u00e5 forh\u00f8re seg med den som ga gaven om hvor den er fra og om de har kvittering.<\/p>\n<p>Bytte eller bytte bort?<\/p>\n<p>\u00c5pnet du pakken og tenkte umiddelbart at dette kommer du aldri til \u00e5 bruke?<\/p>\n<p>Da gj\u00f8r du det lettere for deg selv og butikken hvis du ikke bryter forseglingen f\u00f8r du bytter den.<\/p>\n<p>\u2013 Butikkene krever at varen er ubrukt og god som ny, s\u00e5 om du har \u00e5pnet den eller fjernet etiketter og merker kan du fort miste muligheten til \u00e5 bytte, forteller Iversen videre til Forbrukerr\u00e5det.<\/p>\n<p>   <img decoding=\"async\" width=\"7661\" height=\"5107\" fetchpriority=\"low\"  loading=\"lazy\"  src=\"https:\/\/www.europesays.com\/no\/wp-content\/uploads\/2025\/12\/cueres_scp-mangler_navn_Dhs2mIWCFdM.jpg\" alt=\"Oslo 20241224. &#10;Julegaver under juletreet formiddagen 24. desember 2024.&#10;Foto: Terje Bendiksby \/ NTB\" class=\"brick-c-cFOWSL\" style=\"--brick-image-ratio: 7661 \/ 5107;\"\/><\/p>\n<p>      \u00c5 kj\u00f8pe den perfekte gaven er ikke alltid like lett og det er det ikke \u00e5 f\u00e5 bytte den heller.<br \/>\n      Foto: Terje Bendiksby \/ NTB\n    <\/p>\n<p>  Dette er viktig \u00e5 huske p\u00e5<\/p>\n<p>Fredriksstad Blad har, med hjelp fra Forbrukerr\u00e5dets nettsider, satt sammen en huskeliste til deg som skal bytte julegavene dine.<\/p>\n<ul>\n<li>Ha med byttelapp eller kvittering.<\/li>\n<li>Har byttelappen en utl\u00f8psdato? Om den er lang kan det godt l\u00f8nne seg \u00e5 vente til etter ny\u00e5ret. Mangler den en dato, s\u00e5 er det lurt \u00e5 bytte i romjulen.<\/li>\n<li>Original emballasje m\u00e5 v\u00e6re intakt. Butikken vil selge varen p\u00e5 nytt.<\/li>\n<li>\n<p>Er det en feil med gaven, har du rett p\u00e5 reparasjon. Kan den ikke repareres, har du rett p\u00e5 ny vare eller pengene tilbake.<\/p>\n<\/li>\n<li>\n<p>Har du f\u00e5tt en brukt vare som ikke er slik som avtalt, har du rett til \u00e5 f\u00e5 feilene fikset. Kan den ikke fikses, har du rett p\u00e5 prisavslag eller pengene tilbake.<\/p>\n<\/li>\n<li>Er det salg p\u00e5 gaven du har f\u00e5tt n\u00e5r du skal bytte den, har du ikke rett til \u00e5 f\u00e5 full pris tilbake med mindre du har riktig dokumentasjon.<\/li>\n<\/ul>\n<p>I norske nettbutikker har man alltid 14 dagers angrerett. For utenlandske nettbutikker gjelder reglene i landet pakken er bestilt fra.<\/p>\n","protected":false},"excerpt":{"rendered":"Tredje juledag er kjent som den store byttedagen. Skal du ta del i denne uoffisielle merkedagen, er det&hellip;\n","protected":false},"author":2,"featured_media":122455,"comment_status":"","ping_status":"","sticky":false,"template":"","format":"standard","meta":{"footnotes":""},"categories":[10],"tags":[36,20,21,14527,24,25,1595,15,11599,22,23,13,30,28,29,14,16,14501,1510,26,27],"class_list":{"0":"post-122454","1":"post","2":"type-post","3":"status-publish","4":"format-standard","5":"has-post-thumbnail","7":"category-norge","8":"tag-art","9":"tag-breaking-news","10":"tag-breakingnews","11":"tag-byttedagen","12":"tag-featured-news","13":"tag-featurednews","14":"tag-fredrikstad-sentrum","15":"tag-headlines","16":"tag-julegaver","17":"tag-latest-news","18":"tag-latestnews","19":"tag-news","20":"tag-no","21":"tag-norge","22":"tag-norway","23":"tag-nyheter","24":"tag-overskrifter","25":"tag-romjul","26":"tag-story","27":"tag-top-stories","28":"tag-topstories"},"share_on_mastodon":{"url":"https:\/\/pubeurope.com\/@no\/115787870079337297","error":""},"_links":{"self":[{"href":"https:\/\/www.europesays.com\/no\/wp-json\/wp\/v2\/posts\/122454","targetHints":{"allow":["GET"]}}],"collection":[{"href":"https:\/\/www.europesays.com\/no\/wp-json\/wp\/v2\/posts"}],"about":[{"href":"https:\/\/www.europesays.com\/no\/wp-json\/wp\/v2\/types\/post"}],"author":[{"embeddable":true,"href":"https:\/\/www.europesays.com\/no\/wp-json\/wp\/v2\/users\/2"}],"replies":[{"embeddable":true,"href":"https:\/\/www.europesays.com\/no\/wp-json\/wp\/v2\/comments?post=122454"}],"version-history":[{"count":0,"href":"https:\/\/www.europesays.com\/no\/wp-json\/wp\/v2\/posts\/122454\/revisions"}],"wp:featuredmedia":[{"embeddable":true,"href":"https:\/\/www.europesays.com\/no\/wp-json\/wp\/v2\/media\/122455"}],"wp:attachment":[{"href":"https:\/\/www.europesays.com\/no\/wp-json\/wp\/v2\/media?parent=122454"}],"wp:term":[{"taxonomy":"category","embeddable":true,"href":"https:\/\/www.europesays.com\/no\/wp-json\/wp\/v2\/categories?post=122454"},{"taxonomy":"post_tag","embeddable":true,"href":"https:\/\/www.europesays.com\/no\/wp-json\/wp\/v2\/tags?post=122454"}],"curies":[{"name":"wp","href":"https:\/\/api.w.org\/{rel}","templated":true}]}}