{"id":122477,"date":"2025-12-26T21:48:10","date_gmt":"2025-12-26T21:48:10","guid":{"rendered":"https:\/\/www.europesays.com\/no\/122477\/"},"modified":"2025-12-26T21:48:10","modified_gmt":"2025-12-26T21:48:10","slug":"vagan-kabelvag-mind-the-gap-og-gimsoy-elite-vant","status":"publish","type":"post","link":"https:\/\/www.europesays.com\/no\/122477\/","title":{"rendered":"V\u00e5gan, Kabelv\u00e5g | Mind The Gap og Gims\u00f8y Elite vant"},"content":{"rendered":"\n<p><strong>Romjulstradisjonen fortsetter \u00e5r etter \u00e5r i Kong \u00d8ysteins hall, der fotballen ruller og konkurranseinstinktet er p\u00e5 topp. Dugnads\u00e5nden blomstrer selv p\u00e5 andre juledag.<\/strong><\/p>\n<p>Julen er familietid, men ogs\u00e5 en tid for tradisjoner, og n\u00e5r en av hovedingrediensene er fotball, vekkes konkurranseinstinktet til liv. For godt over tjue \u00e5r siden startet KIL en romjulsturnering, den gangen hallen ble bygd. En gammel tradisjon, som ikke er mindre popul\u00e6r i dag. Andre juledag m\u00f8ttes 16 lag til 34 kamper, der det ene lagnavnet er mer kreativt enn det andre.<\/p>\n<p>\u2013 Vi har selvf\u00f8lgelig ambisjoner om \u00e5 vinne, selv om vi vet at de det er sterke lag med. Dette er tradisjon, og det er g\u00f8y \u00e5 m\u00f8te folk som er hjemme p\u00e5 juleferie, forteller Linnea Hansen som er med p\u00e5 laget Mini Girls for tredje gang.<\/p>\n<p>Med landslagsspiller Mima Monga Elvestad p\u00e5 laget, fleiper lagvenninnene med at forventningene er skyh\u00f8ye til at det skal puttes m\u00e5l under den lokale begivenheten. <\/p>\n<p>\u2013 Dette er bare g\u00f8y, smiler Mima.<\/p>\n<p><strong>Kommet for \u00e5 bli<\/strong><\/p>\n<p>Allerede f\u00f8r klokken elleve denne formiddagen er hallen fullsatt b\u00e5de av spillere og publikum. Sekretariatet har plassert seg strategisk bak m\u00e5lmaskene, for n\u00e5r spillerne m\u00f8tes til kamp andre juledag, kan det g\u00e5 hardt for seg. <\/p>\n<p>\u2013 For over tjue \u00e5r siden startet Jarle Jensen, Martin R\u00f8rtveit, Odd Eigil og Marius Jusnes, og meg selv, det som den gangen het Draugen Romjulsturnering, forteller Tommy Jensen Andersen i sekretariatet.<\/p>\n<p>Siden den gang har rollen som primus motor sirkulert.<\/p>\n<p>\u2013 Folk er gira p\u00e5 at turneringa skal fortsette, og vi kunne ikke la en s\u00e5 fin tradisjon bare forsvinne, sier Sander Lied Edvardsen som siden 2016 har hatt hovedansvaret for turneringen p\u00e5 vegne av A-laget til KIL.<\/p>\n<p>For omtrent 15 \u00e5r siden ble det opprettet en romjulsblogg, der oppdiktede satiriske nyheter florerte om de ulike lagene. <\/p>\n<p>\u2013 N\u00e5 ser vi at flere lag har opprettet egne instagramkontoer og hauser opp stemningen mellom lagene f\u00f8r selve turneringsdagen, sier Edvardsen og synes det er g\u00f8y med oppgiringen og at lagene stadig signerer nye spillere. Mange nye spillere kommer ogs\u00e5 til hvert \u00e5r, men tidene har virkelig forandret seg.<\/p>\n<p>\u2013 Det har g\u00e5tt over fra \u00e5 signere spillere p\u00e5 Prestengbrygga f\u00f8rste juledag p\u00e5 kvelden, der signeringen foregikk p\u00e5 servietter, til at det n\u00e5 foreg\u00e5r p\u00e5 sosiale media, kommer det fra Tommy Jensen Andersen som holder styr p\u00e5 m\u00e5lstatistikken.<\/p>\n<p>Arrangementet er en dugnad, og selv om turneringen kommer midt mellom julem\u00e5letidene, er dugnadsgjengen p\u00e5 plass b\u00e5de p\u00e5 dommersiden og i kafeen.<\/p>\n<p><strong>Kreativt<\/strong><\/p>\n<p>De 34 lagene har v\u00e6rt kreative p\u00e5 navnefronten, men draktene til FC Mamas Boys skilte seg ut. <\/p>\n<p>\u2013 Vi heter Mamas Boys, noe som ble en artig hyllest til m\u00f8drene v\u00e5re med navnet til den enkelte p\u00e5 ryggen, og ikke minst litt smisk med teksten \u201cForever young\u201d p\u00e5 forsiden, sier Sofus Rist Rokkan.<\/p>\n<p>Hallen fylles og t\u00f8mmes etter som dagen g\u00e5r, mens lagene kjemper seg mot sluttspillet. Ja, for det koster for mange som kanskje ikke har hatt den optimale oppladningen kvelden f\u00f8r. Om det var oppladningen eller konkurranseinstinktet som gjorde at enkelte s\u00e5 r\u00f8dt i l\u00f8pet av dagen, skal v\u00e6re usagt.<\/p>\n<p><strong>Vinnere<\/strong><\/p>\n<p>Mini Girls og Mind The Gap m\u00f8ttes i finalen for damer, der sistnevnte vant tilbake vandrepokalen fra 2018. <\/p>\n<p>\u2013 Vi er et lag med flere m\u00f8dre og d\u00f8tre, men n\u00e5 har noen lagt opp og noen er p\u00e5 ferie. Derfor var vi litt blanda drops i \u00e5r, forteller Stine Bendiksen.<\/p>\n<p>Laget CCC kom seg til herrefinalen etter \u00e5 ha vunnet straffekonkurranse i semifinalen, men m\u00e5tte gi tapt for Gims\u00f8y Elite som vant turneringen for fjerde gang. <\/p>\n<p>\u2013 Dette har blitt rutine, og vi kommer tilbake til neste \u00e5r. N\u00e5 har vi fire seiere, men det er et litt kjedelig tall \u00e5 gi seg p\u00e5, sier Sigfred Fagerlid forn\u00f8yd som regner med de finner p\u00e5 noen sprell til neste \u00e5r ogs\u00e5.<\/p>\n","protected":false},"excerpt":{"rendered":"Romjulstradisjonen fortsetter \u00e5r etter \u00e5r i Kong \u00d8ysteins hall, der fotballen ruller og konkurranseinstinktet er p\u00e5 topp. Dugnads\u00e5nden&hellip;\n","protected":false},"author":2,"featured_media":122478,"comment_status":"","ping_status":"","sticky":false,"template":"","format":"standard","meta":{"footnotes":""},"categories":[59],"tags":[36,14528,30,28,29,14499,83,82,1510,1459],"class_list":{"0":"post-122477","1":"post","2":"type-post","3":"status-publish","4":"format-standard","5":"has-post-thumbnail","7":"category-sport","8":"tag-art","9":"tag-kabelvag","10":"tag-no","11":"tag-norge","12":"tag-norway","13":"tag-romjulsturnering","14":"tag-sport","15":"tag-sports","16":"tag-story","17":"tag-vagan"},"share_on_mastodon":{"url":"https:\/\/pubeurope.com\/@no\/115788074368945946","error":""},"_links":{"self":[{"href":"https:\/\/www.europesays.com\/no\/wp-json\/wp\/v2\/posts\/122477","targetHints":{"allow":["GET"]}}],"collection":[{"href":"https:\/\/www.europesays.com\/no\/wp-json\/wp\/v2\/posts"}],"about":[{"href":"https:\/\/www.europesays.com\/no\/wp-json\/wp\/v2\/types\/post"}],"author":[{"embeddable":true,"href":"https:\/\/www.europesays.com\/no\/wp-json\/wp\/v2\/users\/2"}],"replies":[{"embeddable":true,"href":"https:\/\/www.europesays.com\/no\/wp-json\/wp\/v2\/comments?post=122477"}],"version-history":[{"count":0,"href":"https:\/\/www.europesays.com\/no\/wp-json\/wp\/v2\/posts\/122477\/revisions"}],"wp:featuredmedia":[{"embeddable":true,"href":"https:\/\/www.europesays.com\/no\/wp-json\/wp\/v2\/media\/122478"}],"wp:attachment":[{"href":"https:\/\/www.europesays.com\/no\/wp-json\/wp\/v2\/media?parent=122477"}],"wp:term":[{"taxonomy":"category","embeddable":true,"href":"https:\/\/www.europesays.com\/no\/wp-json\/wp\/v2\/categories?post=122477"},{"taxonomy":"post_tag","embeddable":true,"href":"https:\/\/www.europesays.com\/no\/wp-json\/wp\/v2\/tags?post=122477"}],"curies":[{"name":"wp","href":"https:\/\/api.w.org\/{rel}","templated":true}]}}