{"id":122479,"date":"2025-12-26T21:53:07","date_gmt":"2025-12-26T21:53:07","guid":{"rendered":"https:\/\/www.europesays.com\/no\/122479\/"},"modified":"2025-12-26T21:53:07","modified_gmt":"2025-12-26T21:53:07","slug":"sauda-politi-rykket-ut-etter-dette-synet","status":"publish","type":"post","link":"https:\/\/www.europesays.com\/no\/122479\/","title":{"rendered":"Sauda, Politi | Rykket ut etter dette synet"},"content":{"rendered":"\n<p><b>SAUDA: <\/b>Klokken 10.26 mottok politiet en sv\u00e6rt spesiell melding. Den gikk ut p\u00e5 at noe var observert p\u00e5 isen i Fl\u00f8gstadvika i Sauda. <\/p>\n<p>Brannvesenet rykket ut for \u00e5 sjekke. Der ble de m\u00f8tt av et telt p\u00e5 isen. <\/p>\n<p><b>\u2013 Teltet var tomt, sier operasjonsleder i S\u00f8r-Vest politidistrikt Dag Steinkopf. <\/b><\/p>\n<p>En av politiets hypoteser kan v\u00e6re at det har blitt brukt i forbindelse med fiske. <\/p>\n<p><b>\u2013 Isen er ikke trygg, s\u00e5 teltet er fjernet og oppbevares hos brannvesenet i Sauda. <\/b><\/p>\n<p>Eier av teltet bes kontakte politiet for henting av teltet.<\/p>\n<p><b>\u2013 Det er ingen mistanke om at noen har g\u00e5tt gjennom isen, utdyper operasjonslederen til Haugesunds Avis.<\/b><\/p>\n","protected":false},"excerpt":{"rendered":"SAUDA: Klokken 10.26 mottok politiet en sv\u00e6rt spesiell melding. Den gikk ut p\u00e5 at noe var observert p\u00e5&hellip;\n","protected":false},"author":2,"featured_media":122480,"comment_status":"","ping_status":"","sticky":false,"template":"","format":"standard","meta":{"footnotes":""},"categories":[12],"tags":[36,20,21,24,25,15,22,23,13,30,28,29,14,16,254,4269,1510,14529,26,27,42,43,44,45],"class_list":{"0":"post-122479","1":"post","2":"type-post","3":"status-publish","4":"format-standard","5":"has-post-thumbnail","7":"category-verden","8":"tag-art","9":"tag-breaking-news","10":"tag-breakingnews","11":"tag-featured-news","12":"tag-featurednews","13":"tag-headlines","14":"tag-latest-news","15":"tag-latestnews","16":"tag-news","17":"tag-no","18":"tag-norge","19":"tag-norway","20":"tag-nyheter","21":"tag-overskrifter","22":"tag-politi","23":"tag-sauda","24":"tag-story","25":"tag-telt","26":"tag-top-stories","27":"tag-topstories","28":"tag-verden","29":"tag-world","30":"tag-world-news","31":"tag-worldnews"},"share_on_mastodon":{"url":"https:\/\/pubeurope.com\/@no\/115788094037417986","error":""},"_links":{"self":[{"href":"https:\/\/www.europesays.com\/no\/wp-json\/wp\/v2\/posts\/122479","targetHints":{"allow":["GET"]}}],"collection":[{"href":"https:\/\/www.europesays.com\/no\/wp-json\/wp\/v2\/posts"}],"about":[{"href":"https:\/\/www.europesays.com\/no\/wp-json\/wp\/v2\/types\/post"}],"author":[{"embeddable":true,"href":"https:\/\/www.europesays.com\/no\/wp-json\/wp\/v2\/users\/2"}],"replies":[{"embeddable":true,"href":"https:\/\/www.europesays.com\/no\/wp-json\/wp\/v2\/comments?post=122479"}],"version-history":[{"count":0,"href":"https:\/\/www.europesays.com\/no\/wp-json\/wp\/v2\/posts\/122479\/revisions"}],"wp:featuredmedia":[{"embeddable":true,"href":"https:\/\/www.europesays.com\/no\/wp-json\/wp\/v2\/media\/122480"}],"wp:attachment":[{"href":"https:\/\/www.europesays.com\/no\/wp-json\/wp\/v2\/media?parent=122479"}],"wp:term":[{"taxonomy":"category","embeddable":true,"href":"https:\/\/www.europesays.com\/no\/wp-json\/wp\/v2\/categories?post=122479"},{"taxonomy":"post_tag","embeddable":true,"href":"https:\/\/www.europesays.com\/no\/wp-json\/wp\/v2\/tags?post=122479"}],"curies":[{"name":"wp","href":"https:\/\/api.w.org\/{rel}","templated":true}]}}